{"id":57275,"date":"2021-12-23T11:57:18","date_gmt":"2021-12-23T07:57:18","guid":{"rendered":"https:\/\/fedai.az\/?p=57275"},"modified":"2021-12-23T11:57:22","modified_gmt":"2021-12-23T07:57:22","slug":"vilay%c9%99t-eyvazov-v%c9%99t%c9%99ndaslarla-kobud-davranan-r%c9%99isi-isd%c9%99n-cixartdi","status":"publish","type":"post","link":"https:\/\/fedai.az\/?p=57275","title":{"rendered":"Vilay\u0259t Eyvazov v\u0259t\u0259nda\u015flarla kobud davranan r\u0259isi i\u015fd\u0259n \u00e7\u0131xartd\u0131"},"content":{"rendered":"\n<p><strong>Daxili i\u015fl\u0259r naziri, general-polkovnik Vilay\u0259t Eyvazov paytaxt rayonlar\u0131ndan birinin yol polisi r\u0259isini v\u0259zif\u0259sind\u0259n azad edib.<\/strong><\/p>\n\n\n\n<p> V. Eyvazovun \u0259mri il\u0259 S\u0259bail Rayon D\u00f6vl\u0259t Yol Polisi \u015e\u00f6b\u0259sinin r\u0259isi, polis polkovnik-leytenant\u0131 Mehman F\u0259t\u0259liyev yol verdiyi n\u00f6qsanlara g\u00f6r\u0259 i\u015fd\u0259n \u00e7\u0131xar\u0131l\u0131b.<\/p>\n\n\n\n<p>Onun v\u0259t\u0259nda\u015flarla m\u00fct\u0259madi olaraq kobud r\u0259ftar etm\u0259si haqda D\u0130N r\u0259hb\u0259rliyin\u0259 \u00e7oxlu \u015fikay\u0259t daxil olub. Daxili ara\u015fd\u0131rma n\u0259tic\u0259sind\u0259 nazirin \u0259mri il\u0259 M.F\u0259t\u0259liyev v\u0259zif\u0259sind\u0259n azad olunub.<br>\u00a0<br>M\u0259nb\u0259: Qafqazinfo<\/p>\n","protected":false},"excerpt":{"rendered":"<p>Daxili i\u015fl\u0259r naziri, general-polkovnik Vilay\u0259t Eyvazov paytaxt rayonlar\u0131ndan birinin yol polisi r\u0259isini v\u0259zif\u0259sind\u0259n azad edib. V. Eyvazovun \u0259mri il\u0259 S\u0259bail Rayon D\u00f6vl\u0259t Yol Polisi<\/p>\n","protected":false},"author":2,"featured_media":57276,"comment_status":"closed","ping_status":"closed","sticky":false,"template":"","format":"standard","meta":{"footnotes":""},"categories":[3],"tags":[],"class_list":["post-57275","post","type-post","status-publish","format-standard","has-post-thumbnail","hentry","category-gundm"],"aioseo_notices":[],"_links":{"self":[{"href":"https:\/\/fedai.az\/index.php?rest_route=\/wp\/v2\/posts\/57275","targetHints":{"allow":["GET"]}}],"collection":[{"href":"https:\/\/fedai.az\/index.php?rest_route=\/wp\/v2\/posts"}],"about":[{"href":"https:\/\/fedai.az\/index.php?rest_route=\/wp\/v2\/types\/post"}],"author":[{"embeddable":true,"href":"https:\/\/fedai.az\/index.php?rest_route=\/wp\/v2\/users\/2"}],"replies":[{"embeddable":true,"href":"https:\/\/fedai.az\/index.php?rest_route=%2Fwp%2Fv2%2Fcomments&post=57275"}],"version-history":[{"count":1,"href":"https:\/\/fedai.az\/index.php?rest_route=\/wp\/v2\/posts\/57275\/revisions"}],"predecessor-version":[{"id":57277,"href":"https:\/\/fedai.az\/index.php?rest_route=\/wp\/v2\/posts\/57275\/revisions\/57277"}],"wp:featuredmedia":[{"embeddable":true,"href":"https:\/\/fedai.az\/index.php?rest_route=\/wp\/v2\/media\/57276"}],"wp:attachment":[{"href":"https:\/\/fedai.az\/index.php?rest_route=%2Fwp%2Fv2%2Fmedia&parent=57275"}],"wp:term":[{"taxonomy":"category","embeddable":true,"href":"https:\/\/fedai.az\/index.php?rest_route=%2Fwp%2Fv2%2Fcategories&post=57275"},{"taxonomy":"post_tag","embeddable":true,"href":"https:\/\/fedai.az\/index.php?rest_route=%2Fwp%2Fv2%2Ftags&post=57275"}],"curies":[{"name":"wp","href":"https:\/\/api.w.org\/{rel}","templated":true}]}}