{"id":57278,"date":"2021-12-23T12:59:43","date_gmt":"2021-12-23T08:59:43","guid":{"rendered":"https:\/\/fedai.az\/?p=57278"},"modified":"2021-12-23T13:00:57","modified_gmt":"2021-12-23T09:00:57","slug":"fransa-prezidentliyin%c9%99-namiz%c9%99d-qarabaga-gizli-s%c9%99f%c9%99r-edibmi","status":"publish","type":"post","link":"https:\/\/fedai.az\/?p=57278","title":{"rendered":"Fransa prezidentliyin\u0259 namiz\u0259d Qaraba\u011fa gizli s\u0259f\u0259r edibmi?!"},"content":{"rendered":"\n<p><strong>Bu g\u00fcnl\u0259rd\u0259 Erm\u0259nistanda olan Fransa prezidentliyin\u0259 namiz\u0259d, Paris \u0130le-de-Frans b\u00f6lg\u0259sinin r\u0259hb\u0259ri Valeri Pekress Qaraba\u011fa gizli s\u0259f\u0259r edib.<\/strong><\/p>\n\n\n\n<p>\u0418u bar\u0259d\u0259 \u201cFrance T\u00e9l\u00e9visions\u201d-\u0131n jurnalisti v\u0259 siyasi \u015f\u0259rh\u00e7isi Julien Neny Twitter-d\u0259 m\u0259lumat verib.<\/p>\n\n\n\n<figure class=\"wp-block-image size-large is-resized\"><img loading=\"lazy\" decoding=\"async\" src=\"https:\/\/fedai.az\/wp-content\/uploads\/2021\/12\/\u0411\u0435\u0437-\u043d\u0430\u0437\u0432\u0430\u043d\u0438\u044f-1-5.jpg\" alt=\"\" class=\"wp-image-57281\" width=\"915\" height=\"608\"\/><\/figure>\n\n\n\n<p>\u201cValeri Pekress bu g\u00fcn Da\u011fl\u0131q Qaraba\u011fa s\u0259f\u0259r edib. Orada yerli siyas\u0259t\u00e7il\u0259rl\u0259 tan\u0131\u015f olub. T\u0259hl\u00fck\u0259sizliy\u0259 g\u00f6r\u0259 s\u0259f\u0259r Erm\u0259nistanda olan \u0259ks\u0259r frans\u0131z medias\u0131, o c\u00fcml\u0259d\u0259n France TV t\u0259r\u0259find\u0259n i\u015f\u0131qland\u0131r\u0131lm\u0131rd\u0131\u201d, \u2013 dey\u0259 Neni yaz\u0131b.<\/p>\n\n\n\n<figure class=\"wp-block-embed is-type-rich is-provider-twitter wp-block-embed-twitter\"><div class=\"wp-block-embed__wrapper\">\n<blockquote class=\"twitter-tweet\" data-width=\"550\" data-dnt=\"true\"><p lang=\"fr\" dir=\"ltr\">Val\u00e9rie P\u00e9cresse s\u2019est rendue aujourd\u2019hui dans le Haut-Karabakh. Elle y a rencontr\u00e9 les responsables politiques locaux. D\u00e9placement qui pour des raisons de s\u00e9curit\u00e9 n\u2019a pas pu \u00eatre couvert par la majorit\u00e9 des m\u00e9dias fran\u00e7ais pr\u00e9sents en Arm\u00e9nie, dont France TV<\/p>&mdash; Julien N\u00e9ny (@JulienNeny) <a href=\"https:\/\/twitter.com\/JulienNeny\/status\/1473671353303814151?ref_src=twsrc%5Etfw\">December 22, 2021<\/a><\/blockquote><script async src=\"https:\/\/platform.twitter.com\/widgets.js\" charset=\"utf-8\"><\/script>\n<\/div><\/figure>\n","protected":false},"excerpt":{"rendered":"<p>Bu g\u00fcnl\u0259rd\u0259 Erm\u0259nistanda olan Fransa prezidentliyin\u0259 namiz\u0259d, Paris \u0130le-de-Frans b\u00f6lg\u0259sinin r\u0259hb\u0259ri Valeri Pekress Qaraba\u011fa gizli s\u0259f\u0259r edib. \u0418u bar\u0259d\u0259 \u201cFrance T\u00e9l\u00e9visions\u201d-\u0131n jurnalisti v\u0259 siyasi<\/p>\n","protected":false},"author":2,"featured_media":57279,"comment_status":"closed","ping_status":"closed","sticky":false,"template":"","format":"standard","meta":{"footnotes":""},"categories":[4],"tags":[],"class_list":["post-57278","post","type-post","status-publish","format-standard","has-post-thumbnail","hentry","category-qarabag"],"aioseo_notices":[],"_links":{"self":[{"href":"https:\/\/fedai.az\/index.php?rest_route=\/wp\/v2\/posts\/57278","targetHints":{"allow":["GET"]}}],"collection":[{"href":"https:\/\/fedai.az\/index.php?rest_route=\/wp\/v2\/posts"}],"about":[{"href":"https:\/\/fedai.az\/index.php?rest_route=\/wp\/v2\/types\/post"}],"author":[{"embeddable":true,"href":"https:\/\/fedai.az\/index.php?rest_route=\/wp\/v2\/users\/2"}],"replies":[{"embeddable":true,"href":"https:\/\/fedai.az\/index.php?rest_route=%2Fwp%2Fv2%2Fcomments&post=57278"}],"version-history":[{"count":3,"href":"https:\/\/fedai.az\/index.php?rest_route=\/wp\/v2\/posts\/57278\/revisions"}],"predecessor-version":[{"id":57283,"href":"https:\/\/fedai.az\/index.php?rest_route=\/wp\/v2\/posts\/57278\/revisions\/57283"}],"wp:featuredmedia":[{"embeddable":true,"href":"https:\/\/fedai.az\/index.php?rest_route=\/wp\/v2\/media\/57279"}],"wp:attachment":[{"href":"https:\/\/fedai.az\/index.php?rest_route=%2Fwp%2Fv2%2Fmedia&parent=57278"}],"wp:term":[{"taxonomy":"category","embeddable":true,"href":"https:\/\/fedai.az\/index.php?rest_route=%2Fwp%2Fv2%2Fcategories&post=57278"},{"taxonomy":"post_tag","embeddable":true,"href":"https:\/\/fedai.az\/index.php?rest_route=%2Fwp%2Fv2%2Ftags&post=57278"}],"curies":[{"name":"wp","href":"https:\/\/api.w.org\/{rel}","templated":true}]}}