{"id":57284,"date":"2021-12-23T13:36:36","date_gmt":"2021-12-23T09:36:36","guid":{"rendered":"https:\/\/fedai.az\/?p=57284"},"modified":"2021-12-23T13:36:39","modified_gmt":"2021-12-23T09:36:39","slug":"makronun-xanimi-kisi-adammis","status":"publish","type":"post","link":"https:\/\/fedai.az\/?p=57284","title":{"rendered":"Makronun xan\u0131m\u0131 &#171;ki\u015fi&#187; adamm\u0131\u015f&#8230;"},"content":{"rendered":"\n<blockquote class=\"wp-block-quote is-style-default is-layout-flow wp-block-quote-is-layout-flow\"><p><em><strong>Fransa prezidenti Emmanuel Makrona qar\u015f\u0131 daha bir, bu d\u0259f\u0259 \u00e7ox q\u0259rib\u0259 ittiham ir\u0259li s\u00fcr\u00fcl\u00fcb.<\/strong><\/em><\/p><\/blockquote>\n\n\n\n<p>Fransan\u0131n BFM TV telekanal\u0131 &#171;\u00f6lk\u0259nin birinci ledisinin yax\u0131n \u0259traf\u0131ndak\u0131 m\u0259nb\u0259&#187;y\u0259 istinad\u0259n bildirib ki, Emmanuel Makronun xan\u0131m\u0131 Bricit Mari-Klod Makron \u0259slind\u0259 ki\u015fidir v\u0259 \u0259sl ad\u0131 da Jan-Mi\u015fel Tronyedir.<\/p>\n\n\n\n<figure class=\"wp-block-image size-large is-resized\"><img loading=\"lazy\" decoding=\"async\" src=\"https:\/\/fedai.az\/wp-content\/uploads\/2021\/12\/2015586_2988963020.jpg\" alt=\"\" class=\"wp-image-57287\" width=\"915\" height=\"1162\" srcset=\"https:\/\/fedai.az\/wp-content\/uploads\/2021\/12\/2015586_2988963020.jpg 700w, https:\/\/fedai.az\/wp-content\/uploads\/2021\/12\/2015586_2988963020-236x300.jpg 236w, https:\/\/fedai.az\/wp-content\/uploads\/2021\/12\/2015586_2988963020-118x150.jpg 118w\" sizes=\"auto, (max-width: 915px) 100vw, 915px\" \/><\/figure>\n\n\n\n<p>68 ya\u015fl\u0131 Bricit ki\u015fi do\u011fulsa da, sonradan cinsini d\u0259yi\u015fdirib, \u0259m\u0259liyyat ke\u00e7irb v\u0259 qad\u0131n olub.<\/p>\n\n\n\n<p>Onun transgender oldu\u011fu iddia olunur.<\/p>\n\n\n\n<figure class=\"wp-block-image size-large\"><img loading=\"lazy\" decoding=\"async\" width=\"1020\" height=\"728\" src=\"https:\/\/fedai.az\/wp-content\/uploads\/2021\/12\/fg2z535xiagmywo.jpg\" alt=\"\" class=\"wp-image-57285\" srcset=\"https:\/\/fedai.az\/wp-content\/uploads\/2021\/12\/fg2z535xiagmywo.jpg 1020w, https:\/\/fedai.az\/wp-content\/uploads\/2021\/12\/fg2z535xiagmywo-300x214.jpg 300w, https:\/\/fedai.az\/wp-content\/uploads\/2021\/12\/fg2z535xiagmywo-150x107.jpg 150w, https:\/\/fedai.az\/wp-content\/uploads\/2021\/12\/fg2z535xiagmywo-768x548.jpg 768w\" sizes=\"auto, (max-width: 1020px) 100vw, 1020px\" \/><\/figure>\n","protected":false},"excerpt":{"rendered":"<p>Fransa prezidenti Emmanuel Makrona qar\u015f\u0131 daha bir, bu d\u0259f\u0259 \u00e7ox q\u0259rib\u0259 ittiham ir\u0259li s\u00fcr\u00fcl\u00fcb. Fransan\u0131n BFM TV telekanal\u0131 &#171;\u00f6lk\u0259nin birinci ledisinin yax\u0131n \u0259traf\u0131ndak\u0131 m\u0259nb\u0259&#187;y\u0259<\/p>\n","protected":false},"author":2,"featured_media":57286,"comment_status":"closed","ping_status":"closed","sticky":false,"template":"","format":"standard","meta":{"footnotes":""},"categories":[15],"tags":[],"class_list":["post-57284","post","type-post","status-publish","format-standard","has-post-thumbnail","hentry","category-atmaca"],"aioseo_notices":[],"_links":{"self":[{"href":"https:\/\/fedai.az\/index.php?rest_route=\/wp\/v2\/posts\/57284","targetHints":{"allow":["GET"]}}],"collection":[{"href":"https:\/\/fedai.az\/index.php?rest_route=\/wp\/v2\/posts"}],"about":[{"href":"https:\/\/fedai.az\/index.php?rest_route=\/wp\/v2\/types\/post"}],"author":[{"embeddable":true,"href":"https:\/\/fedai.az\/index.php?rest_route=\/wp\/v2\/users\/2"}],"replies":[{"embeddable":true,"href":"https:\/\/fedai.az\/index.php?rest_route=%2Fwp%2Fv2%2Fcomments&post=57284"}],"version-history":[{"count":1,"href":"https:\/\/fedai.az\/index.php?rest_route=\/wp\/v2\/posts\/57284\/revisions"}],"predecessor-version":[{"id":57288,"href":"https:\/\/fedai.az\/index.php?rest_route=\/wp\/v2\/posts\/57284\/revisions\/57288"}],"wp:featuredmedia":[{"embeddable":true,"href":"https:\/\/fedai.az\/index.php?rest_route=\/wp\/v2\/media\/57286"}],"wp:attachment":[{"href":"https:\/\/fedai.az\/index.php?rest_route=%2Fwp%2Fv2%2Fmedia&parent=57284"}],"wp:term":[{"taxonomy":"category","embeddable":true,"href":"https:\/\/fedai.az\/index.php?rest_route=%2Fwp%2Fv2%2Fcategories&post=57284"},{"taxonomy":"post_tag","embeddable":true,"href":"https:\/\/fedai.az\/index.php?rest_route=%2Fwp%2Fv2%2Ftags&post=57284"}],"curies":[{"name":"wp","href":"https:\/\/api.w.org\/{rel}","templated":true}]}}