{"id":57297,"date":"2021-12-23T16:27:56","date_gmt":"2021-12-23T12:27:56","guid":{"rendered":"https:\/\/fedai.az\/?p=57297"},"modified":"2021-12-23T16:27:59","modified_gmt":"2021-12-23T12:27:59","slug":"dsx-v%c9%99-dq-%c9%99m%c9%99kdaslarinin-maasi-artirildi","status":"publish","type":"post","link":"https:\/\/fedai.az\/?p=57297","title":{"rendered":"DSX v\u0259 DQ \u0259m\u0259kda\u015flar\u0131n\u0131n maa\u015f\u0131 art\u0131r\u0131ld\u0131"},"content":{"rendered":"\n<p><strong>Prezident \u0130lham \u018fliyev Az\u0259rbaycan Respublikas\u0131 D\u00f6vl\u0259t S\u0259rh\u0259d Xidm\u0259tinin h\u0259qiqi h\u0259rbi xidm\u0259t h\u0259rbi qulluq\u00e7ular\u0131n\u0131n ayl\u0131q pul t\u0259minat\u0131n\u0131n v\u0259 d\u00f6vl\u0259t qulluq\u00e7usu olmayan m\u00fclki i\u015f\u00e7il\u0259rinin ayl\u0131q v\u0259zif\u0259 (tarif) maa\u015flar\u0131n\u0131n art\u0131r\u0131lmas\u0131 haqq\u0131nda f\u0259rman imzalay\u0131b.<\/strong><\/p>\n\n\n\n<p>F\u0259rmana \u0259sas\u0259n, 2021-ci ild\u0259 Az\u0259rbaycan D\u00f6vl\u0259t S\u0259rh\u0259d Xidm\u0259tinin h\u0259qiqi h\u0259rbi xidm\u0259t h\u0259rbi qulluq\u00e7ular\u0131n\u0131n ayl\u0131q v\u0259zif\u0259 maa\u015flar\u0131na bir s\u0131ra \u0259lav\u0259l\u0259rin m\u00fc\u0259yy\u0259n edildiyini n\u0259z\u0259r\u0259 alaraq, Az\u0259rbaycan D\u00f6vl\u0259t S\u0259rh\u0259d Xidm\u0259tinin h\u0259min \u0259lav\u0259l\u0259rin \u015famil olunmad\u0131\u011f\u0131 h\u0259qiqi h\u0259rbi xidm\u0259t h\u0259rbi qulluq\u00e7ular\u0131n\u0131n (m\u00fcdd\u0259tli h\u0259qiqi h\u0259rbi xidm\u0259t h\u0259rbi qulluq\u00e7ular\u0131 istisna olmaqla) ayl\u0131q v\u0259zif\u0259 maa\u015flar\u0131na h\u0259min maa\u015f\u0131n 20 faizi m\u0259bl\u0259\u011find\u0259 \u0259lav\u0259 m\u00fc\u0259yy\u0259n edilib.<\/p>\n\n\n\n<p>Az\u0259rbaycan D\u00f6vl\u0259t S\u0259rh\u0259d Xidm\u0259tinin d\u00f6vl\u0259t qulluq\u00e7usu olmayan m\u00fclki i\u015f\u00e7il\u0259rinin ayl\u0131q v\u0259zif\u0259 (tarif) maa\u015flar\u0131 orta hesabla 20 faiz art\u0131r\u0131l\u0131b.<\/p>\n\n\n\n<p>Az\u0259rbaycan Nazirl\u0259r Kabinetin\u0259 bu F\u0259rmandan ir\u0259li g\u0259l\u0259n m\u0259s\u0259l\u0259l\u0259ri h\u0259ll etm\u0259k tap\u015f\u0131r\u0131l\u0131b.<\/p>\n\n\n\n<p>M\u00fc\u0259yy\u0259n edilib ki, bu F\u0259rman\u0131n 1-ci hiss\u0259sind\u0259 n\u0259z\u0259rd\u0259 tutulan \u0259lav\u0259 Az\u0259rbaycan Maliyy\u0259 Nazirliyi il\u0259 raz\u0131la\u015fd\u0131r\u0131lm\u0131\u015f say v\u0259 t\u0259rkib\u0259 uy\u011fun olaraq, Az\u0259rbaycan D\u00f6vl\u0259t S\u0259rh\u0259d Xidm\u0259ti t\u0259r\u0259find\u0259n \u00f6d\u0259nilir.<\/p>\n\n\n\n<p>Az\u0259rbaycan D\u00f6vl\u0259t S\u0259rh\u0259d Xidm\u0259ti v\u0259 Az\u0259rbaycan Maliyy\u0259 Nazirliyi bu F\u0259rmandan ir\u0259li g\u0259l\u0259n m\u0259s\u0259l\u0259l\u0259rin h\u0259lli \u00fc\u00e7\u00fcn z\u0259ruri t\u0259dbirl\u0259r g\u00f6rs\u00fcnl\u0259r.<\/p>\n\n\n\n<p>Bu F\u0259rman 2022-ci il yanvar\u0131n 1-d\u0259n q\u00fcvv\u0259y\u0259 min\u0259c\u0259k.<\/p>\n\n\n\n<p><strong>***********************<\/strong><\/p>\n\n\n\n<p><strong>Prezident \u0130lham \u018fliyev Az\u0259rbaycan Respublikas\u0131 Daxili \u0130\u015fl\u0259r Nazirliyinin Daxili Qo\u015funlar\u0131n Ba\u015f \u0130dar\u0259sinin h\u0259qiqi h\u0259rbi xidm\u0259t h\u0259rbi qulluq\u00e7ular\u0131n\u0131n ayl\u0131q pul t\u0259minat\u0131n\u0131n v\u0259 d\u00f6vl\u0259t qulluq\u00e7usu olmayan m\u00fclki i\u015f\u00e7il\u0259rinin ayl\u0131q v\u0259zif\u0259 (tarif) maa\u015flar\u0131n\u0131n art\u0131r\u0131lmas\u0131 haqq\u0131nda f\u0259rman imzalay\u0131b.<\/strong><\/p>\n\n\n\n<p>F\u0259rmana \u0259sas\u0259n, i\u015f\u011faldan azad olunmu\u015f \u0259razil\u0259rd\u0259 Az\u0259rbaycan Respublikas\u0131 Daxili \u0130\u015fl\u0259r Nazirliyinin Daxili Qo\u015funlar\u0131n\u0131n h\u0259qiqi h\u0259rbi xidm\u0259t ed\u0259n h\u0259rbi qulluq\u00e7ular\u0131n\u0131n ayl\u0131q v\u0259zif\u0259 maa\u015flar\u0131na Az\u0259rbaycan Respublikas\u0131 Prezidentinin \u0259lav\u0259sinin m\u00fc\u0259yy\u0259n edilm\u0259si haqq\u0131nda\u201d Az\u0259rbaycan Respublikas\u0131 Prezidentinin 2021-ci il 2 iyul tarixli 2734 n\u00f6mr\u0259li S\u0259r\u0259ncam\u0131 il\u0259 Az\u0259rbaycan Respublikas\u0131 Daxili \u0130\u015fl\u0259r Nazirliyinin Daxili Qo\u015funlar\u0131n\u0131n h\u0259qiqi h\u0259rbi xidm\u0259t h\u0259rbi qulluq\u00e7ular\u0131n\u0131n ayl\u0131q v\u0259zif\u0259 maa\u015flar\u0131na Az\u0259rbaycan Respublikas\u0131 Prezidentinin \u0259lav\u0259sinin m\u00fc\u0259yy\u0259n edildiyini n\u0259z\u0259r\u0259 alaraq, Az\u0259rbaycan Respublikas\u0131 Daxili \u0130\u015fl\u0259r Nazirliyinin Daxili Qo\u015funlar\u0131n Ba\u015f \u0130dar\u0259sinin h\u0259min \u0259lav\u0259nin \u015famil olunmad\u0131\u011f\u0131 h\u0259qiqi h\u0259rbi xidm\u0259t h\u0259rbi qulluq\u00e7ular\u0131n\u0131n (m\u00fcdd\u0259tli h\u0259qiqi h\u0259rbi xidm\u0259t h\u0259rbi qulluq\u00e7ular\u0131 istisna olmaqla) ayl\u0131q v\u0259zif\u0259 maa\u015flar\u0131na h\u0259min maa\u015f\u0131n 20 faizi m\u0259bl\u0259\u011find\u0259 \u0259lav\u0259 m\u00fc\u0259yy\u0259n edilib.<\/p>\n\n\n\n<p>2. Az\u0259rbaycan Respublikas\u0131 Daxili \u0130\u015fl\u0259r Nazirliyinin Daxili Qo\u015funlar\u0131n Ba\u015f \u0130dar\u0259sinin d\u00f6vl\u0259t qulluq\u00e7usu olmayan m\u00fclki i\u015f\u00e7il\u0259rinin ayl\u0131q v\u0259zif\u0259 (tarif) maa\u015flar\u0131 orta hesabla 20 faiz art\u0131r\u0131ls\u0131n.<\/p>\n\n\n\n<p>3. Az\u0259rbaycan Respublikas\u0131n\u0131n Nazirl\u0259r Kabineti bu F\u0259rmandan ir\u0259li g\u0259l\u0259n m\u0259s\u0259l\u0259l\u0259ri h\u0259ll etm\u0259k tap\u015f\u0131r\u0131l\u0131b.<\/p>\n\n\n\n<p>4. M\u00fc\u0259yy\u0259n edilsin ki, bu F\u0259rman\u0131n 1-ci hiss\u0259sind\u0259 n\u0259z\u0259rd\u0259 tutulan \u0259lav\u0259 Az\u0259rbaycan Respublikas\u0131n\u0131n Maliyy\u0259 Nazirliyi il\u0259 raz\u0131la\u015fd\u0131r\u0131lm\u0131\u015f say v\u0259 t\u0259rkib\u0259 uy\u011fun olaraq, Az\u0259rbaycan Respublikas\u0131n\u0131n Daxili \u0130\u015fl\u0259r Nazirliyi t\u0259r\u0259find\u0259n \u00f6d\u0259nilir.<\/p>\n\n\n\n<p>5. Az\u0259rbaycan Respublikas\u0131n\u0131n Daxili \u0130\u015fl\u0259r Nazirliyi v\u0259 Az\u0259rbaycan Respublikas\u0131n\u0131n Maliyy\u0259 Nazirliyi bu F\u0259rmandan ir\u0259li g\u0259l\u0259n m\u0259s\u0259l\u0259l\u0259rin h\u0259lli \u00fc\u00e7\u00fcn z\u0259ruri t\u0259dbirl\u0259r g\u00f6rs\u00fcnl\u0259r.<\/p>\n\n\n\n<p>6. Bu F\u0259rman 2022-ci il yanvar\u0131n 1-d\u0259n q\u00fcvv\u0259y\u0259 minir.<\/p>\n","protected":false},"excerpt":{"rendered":"<p>Prezident \u0130lham \u018fliyev Az\u0259rbaycan Respublikas\u0131 D\u00f6vl\u0259t S\u0259rh\u0259d Xidm\u0259tinin h\u0259qiqi h\u0259rbi xidm\u0259t h\u0259rbi qulluq\u00e7ular\u0131n\u0131n ayl\u0131q pul t\u0259minat\u0131n\u0131n v\u0259 d\u00f6vl\u0259t qulluq\u00e7usu olmayan m\u00fclki i\u015f\u00e7il\u0259rinin ayl\u0131q v\u0259zif\u0259<\/p>\n","protected":false},"author":2,"featured_media":57298,"comment_status":"closed","ping_status":"closed","sticky":false,"template":"","format":"standard","meta":{"footnotes":""},"categories":[12],"tags":[],"class_list":["post-57297","post","type-post","status-publish","format-standard","has-post-thumbnail","hentry","category-sosial"],"aioseo_notices":[],"_links":{"self":[{"href":"https:\/\/fedai.az\/index.php?rest_route=\/wp\/v2\/posts\/57297","targetHints":{"allow":["GET"]}}],"collection":[{"href":"https:\/\/fedai.az\/index.php?rest_route=\/wp\/v2\/posts"}],"about":[{"href":"https:\/\/fedai.az\/index.php?rest_route=\/wp\/v2\/types\/post"}],"author":[{"embeddable":true,"href":"https:\/\/fedai.az\/index.php?rest_route=\/wp\/v2\/users\/2"}],"replies":[{"embeddable":true,"href":"https:\/\/fedai.az\/index.php?rest_route=%2Fwp%2Fv2%2Fcomments&post=57297"}],"version-history":[{"count":1,"href":"https:\/\/fedai.az\/index.php?rest_route=\/wp\/v2\/posts\/57297\/revisions"}],"predecessor-version":[{"id":57299,"href":"https:\/\/fedai.az\/index.php?rest_route=\/wp\/v2\/posts\/57297\/revisions\/57299"}],"wp:featuredmedia":[{"embeddable":true,"href":"https:\/\/fedai.az\/index.php?rest_route=\/wp\/v2\/media\/57298"}],"wp:attachment":[{"href":"https:\/\/fedai.az\/index.php?rest_route=%2Fwp%2Fv2%2Fmedia&parent=57297"}],"wp:term":[{"taxonomy":"category","embeddable":true,"href":"https:\/\/fedai.az\/index.php?rest_route=%2Fwp%2Fv2%2Fcategories&post=57297"},{"taxonomy":"post_tag","embeddable":true,"href":"https:\/\/fedai.az\/index.php?rest_route=%2Fwp%2Fv2%2Ftags&post=57297"}],"curies":[{"name":"wp","href":"https:\/\/api.w.org\/{rel}","templated":true}]}}