{"id":57305,"date":"2021-12-23T21:55:45","date_gmt":"2021-12-23T17:55:45","guid":{"rendered":"https:\/\/fedai.az\/?p=57305"},"modified":"2021-12-23T21:55:48","modified_gmt":"2021-12-23T17:55:48","slug":"hulusi-akar-erm%c9%99nistan-ona-uzadilan-sulh-%c9%99lini-z%c9%99iflik-%c9%99lam%c9%99ti-olaraq-gorm%c9%99m%c9%99lidir","status":"publish","type":"post","link":"https:\/\/fedai.az\/?p=57305","title":{"rendered":"Hulusi Akar: &#171;Erm\u0259nistan ona uzad\u0131lan s\u00fclh \u0259lini z\u0259iflik \u0259lam\u0259ti olaraq g\u00f6rm\u0259m\u0259lidir&#187;"},"content":{"rendered":"\n<p><strong>&#171;Erm\u0259nistan ona uzad\u0131lan s\u00fclh \u0259lini z\u0259iflik \u0259lam\u0259ti olaraq g\u00f6rm\u0259m\u0259lidir\u201d.<\/strong><\/p>\n\n\n\n<p><br>Bunu T\u00fcrkiy\u0259nin milli m\u00fcdafi\u0259 naziri Hulusi Akar s\u00f6yl\u0259yib.<\/p>\n\n\n\n<p><br>&#171;Az\u0259rbaycan Erm\u0259nistana s\u00fclh \u0259lini uzad\u0131b. Bu m\u0259s\u0259l\u0259ni d\u0259 prezidentl\u0259r \u0130lham \u018fliyev v\u0259 R\u0259c\u0259b Tayyib \u018frdo\u011fan d\u0259f\u0259l\u0259rl\u0259 dil\u0259 g\u0259tiribl\u0259r. Bizim dil\u0259yimiz, \u00fcmidimiz Erm\u0259nistan\u0131n bunu z\u0259iflik \u0259lam\u0259ti olaraq g\u00f6r\u00fcb s\u0259hv add\u0131m atmamas\u0131 v\u0259 bu s\u00fclh \u0259lini tutmas\u0131d\u0131r\u201d, &#8212; o deyib.<\/p>\n\n\n\n<p><br>Nazir insanlar\u0131n \u0259min-amanl\u0131q v\u0259 firavanl\u0131q i\u00e7ind\u0259 ya\u015famas\u0131na \u00fcmid etdiyini vur\u011fulay\u0131b:<\/p>\n\n\n\n<p><strong>&#171;\u00dcmidimiz ondan ibar\u0259tdir ki, Erm\u0259nistan Az\u0259rbaycan\u0131n uzatd\u0131\u011f\u0131 s\u00fclh \u0259lini tutsun, b\u00f6lg\u0259d\u0259 sabitlik tezlikl\u0259 t\u0259min olunsun, b\u00f6lg\u0259y\u0259 s\u00fclh v\u0259 \u0259min-amanl\u0131q g\u0259lsin, orada insanlar \u0259min-amanl\u0131q v\u0259 firavanl\u0131q i\u00e7ind\u0259 ya\u015fas\u0131nlar\u201d.<\/strong><\/p>\n","protected":false},"excerpt":{"rendered":"<p>&#171;Erm\u0259nistan ona uzad\u0131lan s\u00fclh \u0259lini z\u0259iflik \u0259lam\u0259ti olaraq g\u00f6rm\u0259m\u0259lidir\u201d. Bunu T\u00fcrkiy\u0259nin milli m\u00fcdafi\u0259 naziri Hulusi Akar s\u00f6yl\u0259yib. &#171;Az\u0259rbaycan Erm\u0259nistana s\u00fclh \u0259lini uzad\u0131b. Bu m\u0259s\u0259l\u0259ni<\/p>\n","protected":false},"author":2,"featured_media":57306,"comment_status":"closed","ping_status":"closed","sticky":false,"template":"","format":"standard","meta":{"footnotes":""},"categories":[3],"tags":[],"class_list":["post-57305","post","type-post","status-publish","format-standard","has-post-thumbnail","hentry","category-gundm"],"aioseo_notices":[],"_links":{"self":[{"href":"https:\/\/fedai.az\/index.php?rest_route=\/wp\/v2\/posts\/57305","targetHints":{"allow":["GET"]}}],"collection":[{"href":"https:\/\/fedai.az\/index.php?rest_route=\/wp\/v2\/posts"}],"about":[{"href":"https:\/\/fedai.az\/index.php?rest_route=\/wp\/v2\/types\/post"}],"author":[{"embeddable":true,"href":"https:\/\/fedai.az\/index.php?rest_route=\/wp\/v2\/users\/2"}],"replies":[{"embeddable":true,"href":"https:\/\/fedai.az\/index.php?rest_route=%2Fwp%2Fv2%2Fcomments&post=57305"}],"version-history":[{"count":1,"href":"https:\/\/fedai.az\/index.php?rest_route=\/wp\/v2\/posts\/57305\/revisions"}],"predecessor-version":[{"id":57307,"href":"https:\/\/fedai.az\/index.php?rest_route=\/wp\/v2\/posts\/57305\/revisions\/57307"}],"wp:featuredmedia":[{"embeddable":true,"href":"https:\/\/fedai.az\/index.php?rest_route=\/wp\/v2\/media\/57306"}],"wp:attachment":[{"href":"https:\/\/fedai.az\/index.php?rest_route=%2Fwp%2Fv2%2Fmedia&parent=57305"}],"wp:term":[{"taxonomy":"category","embeddable":true,"href":"https:\/\/fedai.az\/index.php?rest_route=%2Fwp%2Fv2%2Fcategories&post=57305"},{"taxonomy":"post_tag","embeddable":true,"href":"https:\/\/fedai.az\/index.php?rest_route=%2Fwp%2Fv2%2Ftags&post=57305"}],"curies":[{"name":"wp","href":"https:\/\/api.w.org\/{rel}","templated":true}]}}