{"id":57311,"date":"2021-12-24T00:38:18","date_gmt":"2021-12-23T20:38:18","guid":{"rendered":"https:\/\/fedai.az\/?p=57311"},"modified":"2021-12-24T00:38:26","modified_gmt":"2021-12-23T20:38:26","slug":"hulusi-akar-s%c9%99hid-valeh-m%c9%99miyevin-ail%c9%99-uzvl%c9%99ri-il%c9%99-gorusdu","status":"publish","type":"post","link":"https:\/\/fedai.az\/?p=57311","title":{"rendered":"Hulusi Akar \u015f\u0259hid Valeh M\u0259miyevin ail\u0259 \u00fczvl\u0259ri il\u0259 G\u00d6R\u00dc\u015eD\u00dc"},"content":{"rendered":"\n<p><strong>T\u00fcrkiy\u0259nin milli m\u00fcdafi\u0259 naziri Hulusi Akar V\u0259t\u0259n m\u00fcharib\u0259sinin \u015f\u0259hidi ba\u015f leytenant Valeh M\u0259miyevin ail\u0259sinin \u00fczvl\u0259ri il\u0259 g\u00f6r\u00fc\u015f\u00fcb.<\/strong><\/p>\n\n\n\n<p>Bu bar\u0259d\u0259 T\u00fcrkiy\u0259 Milli M\u00fcdafi\u0259 Nazirliyi m\u0259lumat yay\u0131b.<\/p>\n\n\n\n<p>Nazirlikd\u0259 ke\u00e7iril\u0259n g\u00f6r\u00fc\u015fd\u0259 \u015f\u0259hidin atas\u0131 \u0130sbat M\u0259miyev, anas\u0131 \u0130lham\u0259 M\u0259miyeva, qarda\u015f\u0131 V\u00fcsal M\u0259miyev v\u0259 qarda\u015f\u0131 o\u011flu Sabir M\u0259miyev i\u015ftirak edib.<\/p>\n\n\n\n<figure class=\"wp-block-image size-large\"><img loading=\"lazy\" decoding=\"async\" width=\"1000\" height=\"592\" src=\"https:\/\/fedai.az\/wp-content\/uploads\/2021\/12\/1640267556_9.jpg\" alt=\"\" class=\"wp-image-57312\" srcset=\"https:\/\/fedai.az\/wp-content\/uploads\/2021\/12\/1640267556_9.jpg 1000w, https:\/\/fedai.az\/wp-content\/uploads\/2021\/12\/1640267556_9-300x178.jpg 300w, https:\/\/fedai.az\/wp-content\/uploads\/2021\/12\/1640267556_9-150x89.jpg 150w, https:\/\/fedai.az\/wp-content\/uploads\/2021\/12\/1640267556_9-768x455.jpg 768w, https:\/\/fedai.az\/wp-content\/uploads\/2021\/12\/1640267556_9-184x109.jpg 184w\" sizes=\"auto, (max-width: 1000px) 100vw, 1000px\" \/><\/figure>\n\n\n\n<p>Qeyd ed\u0259k ki, H.Akar\u0131n d\u0259v\u0259ti il\u0259 \u015f\u0259hidin ail\u0259si haz\u0131rda T\u00fcrkiy\u0259d\u0259 s\u0259f\u0259rd\u0259dir.<\/p>\n\n\n\n<p>Xat\u0131rladaq ki, V.M\u0259miyev \u00f6t\u0259n il avqustun 13-d\u0259 Az\u0259rbaycanda t\u0259\u015fkil edil\u0259n Az\u0259rbaycan-T\u00fcrkiy\u0259 quru qo\u015funlar\u0131 v\u0259 h\u0259rbi hava q\u00fcvv\u0259l\u0259rinin birg\u0259 d\u00f6y\u00fc\u015f at\u0131\u015fl\u0131 taktiki v\u0259 taktiki-u\u00e7u\u015f t\u0259liml\u0259rind\u0259 u\u011furla i\u015ftirak ed\u0259n h\u0259rb\u00e7il\u0259rd\u0259n biri olub.<\/p>\n\n\n\n<figure class=\"wp-block-image size-large\"><img loading=\"lazy\" decoding=\"async\" width=\"1000\" height=\"635\" src=\"https:\/\/fedai.az\/wp-content\/uploads\/2021\/12\/1640267556_4.jpg\" alt=\"\" class=\"wp-image-57313\" srcset=\"https:\/\/fedai.az\/wp-content\/uploads\/2021\/12\/1640267556_4.jpg 1000w, https:\/\/fedai.az\/wp-content\/uploads\/2021\/12\/1640267556_4-300x191.jpg 300w, https:\/\/fedai.az\/wp-content\/uploads\/2021\/12\/1640267556_4-150x95.jpg 150w, https:\/\/fedai.az\/wp-content\/uploads\/2021\/12\/1640267556_4-768x488.jpg 768w, https:\/\/fedai.az\/wp-content\/uploads\/2021\/12\/1640267556_4-115x73.jpg 115w\" sizes=\"auto, (max-width: 1000px) 100vw, 1000px\" \/><\/figure>\n\n\n\n<p>T\u0259liml\u0259rd\u0259n sonra H.Akar M\u0259miyev\u0259 m\u00fckafat t\u0259qdim edib, \u015f\u0259kil \u00e7\u0259kdirib v\u0259 s\u00f6hb\u0259t edib. T\u00fcrkiy\u0259li nazir h\u0259rb\u00e7il\u0259r\u0259 \u00fcz tutaraq bunu s\u00f6yl\u0259yib: &#171;T\u0259liml\u0259rd\u0259 g\u00fcc\u00fcn\u00fcz\u00fc v\u0259 pe\u015f\u0259karl\u0131\u011f\u0131n\u0131z\u0131 g\u00f6st\u0259rm\u0259yiniz \u00e7ox yax\u015f\u0131d\u0131r. Ancaq \u0259sas v\u0259zif\u0259niz 30 ildir i\u015f\u011fal alt\u0131ndak\u0131 torpaqlar\u0131n\u0131z\u0131 azad etm\u0259kdir. Buradak\u0131 u\u011furlar\u0131n\u0131z\u0131 d\u00f6y\u00fc\u015f meydan\u0131nda da s\u00fcbut etm\u0259lisiniz\u201d.<\/p>\n\n\n\n<p>V.M\u0259miyevin cavab\u0131 is\u0259 bel\u0259 olub: &#171;Biz Ali Ba\u015f Komandan\u0131n \u0259mrini g\u00f6zl\u0259yirik. \u018fmr g\u0259l\u0259n kimi \u0259razil\u0259rimizi i\u015f\u011faldan azad ed\u0259c\u0259yik v\u0259 sizin ist\u0259yinizi yerin\u0259 yetir\u0259c\u0259yik\u201d. Qubadl\u0131 u\u011frunda d\u00f6y\u00fc\u015fd\u0259 yaralanan h\u0259rb\u00e7i yerl\u0259\u015fdirildiyi x\u0259st\u0259xanada m\u0259qs\u0259din\u0259 \u00e7atd\u0131\u011f\u0131n\u0131 s\u00f6yl\u0259yib: &#171;M\u0259n art\u0131q m\u0259qs\u0259dim\u0259 \u00e7atm\u0131\u015fam. M\u0259n qarda\u015f T\u00fcrkiy\u0259nin m\u00fcdafi\u0259 naziri Akara verdiyim s\u00f6z\u00fc tutdum. V\u0259t\u0259n sa\u011f olsun\u201d. Bir m\u00fcdd\u0259t sonra yaral\u0131 h\u0259rb\u00e7i \u015f\u0259hid olub.<\/p>\n\n\n\n<figure class=\"wp-block-image size-large\"><img loading=\"lazy\" decoding=\"async\" width=\"1000\" height=\"658\" src=\"https:\/\/fedai.az\/wp-content\/uploads\/2021\/12\/1640267555_3.jpg\" alt=\"\" class=\"wp-image-57314\" srcset=\"https:\/\/fedai.az\/wp-content\/uploads\/2021\/12\/1640267555_3.jpg 1000w, https:\/\/fedai.az\/wp-content\/uploads\/2021\/12\/1640267555_3-300x197.jpg 300w, https:\/\/fedai.az\/wp-content\/uploads\/2021\/12\/1640267555_3-150x99.jpg 150w, https:\/\/fedai.az\/wp-content\/uploads\/2021\/12\/1640267555_3-768x505.jpg 768w\" sizes=\"auto, (max-width: 1000px) 100vw, 1000px\" \/><\/figure>\n","protected":false},"excerpt":{"rendered":"<p>T\u00fcrkiy\u0259nin milli m\u00fcdafi\u0259 naziri Hulusi Akar V\u0259t\u0259n m\u00fcharib\u0259sinin \u015f\u0259hidi ba\u015f leytenant Valeh M\u0259miyevin ail\u0259sinin \u00fczvl\u0259ri il\u0259 g\u00f6r\u00fc\u015f\u00fcb. Bu bar\u0259d\u0259 T\u00fcrkiy\u0259 Milli M\u00fcdafi\u0259 Nazirliyi m\u0259lumat<\/p>\n","protected":false},"author":2,"featured_media":57315,"comment_status":"closed","ping_status":"closed","sticky":false,"template":"","format":"standard","meta":{"footnotes":""},"categories":[3],"tags":[],"class_list":["post-57311","post","type-post","status-publish","format-standard","has-post-thumbnail","hentry","category-gundm"],"aioseo_notices":[],"_links":{"self":[{"href":"https:\/\/fedai.az\/index.php?rest_route=\/wp\/v2\/posts\/57311","targetHints":{"allow":["GET"]}}],"collection":[{"href":"https:\/\/fedai.az\/index.php?rest_route=\/wp\/v2\/posts"}],"about":[{"href":"https:\/\/fedai.az\/index.php?rest_route=\/wp\/v2\/types\/post"}],"author":[{"embeddable":true,"href":"https:\/\/fedai.az\/index.php?rest_route=\/wp\/v2\/users\/2"}],"replies":[{"embeddable":true,"href":"https:\/\/fedai.az\/index.php?rest_route=%2Fwp%2Fv2%2Fcomments&post=57311"}],"version-history":[{"count":1,"href":"https:\/\/fedai.az\/index.php?rest_route=\/wp\/v2\/posts\/57311\/revisions"}],"predecessor-version":[{"id":57316,"href":"https:\/\/fedai.az\/index.php?rest_route=\/wp\/v2\/posts\/57311\/revisions\/57316"}],"wp:featuredmedia":[{"embeddable":true,"href":"https:\/\/fedai.az\/index.php?rest_route=\/wp\/v2\/media\/57315"}],"wp:attachment":[{"href":"https:\/\/fedai.az\/index.php?rest_route=%2Fwp%2Fv2%2Fmedia&parent=57311"}],"wp:term":[{"taxonomy":"category","embeddable":true,"href":"https:\/\/fedai.az\/index.php?rest_route=%2Fwp%2Fv2%2Fcategories&post=57311"},{"taxonomy":"post_tag","embeddable":true,"href":"https:\/\/fedai.az\/index.php?rest_route=%2Fwp%2Fv2%2Ftags&post=57311"}],"curies":[{"name":"wp","href":"https:\/\/api.w.org\/{rel}","templated":true}]}}