{"id":57321,"date":"2021-12-24T00:47:46","date_gmt":"2021-12-23T20:47:46","guid":{"rendered":"https:\/\/fedai.az\/?p=57321"},"modified":"2021-12-24T00:47:49","modified_gmt":"2021-12-23T20:47:49","slug":"emin-%c9%99mrullayev-muzakir%c9%99l%c9%99r%c9%99-s%c9%99b%c9%99b-olan-cixisindan-danisdi","status":"publish","type":"post","link":"https:\/\/fedai.az\/?p=57321","title":{"rendered":"Emin \u018fmrullayev m\u00fczakir\u0259l\u0259r\u0259 s\u0259b\u0259b olan \u00e7\u0131x\u0131\u015f\u0131ndan dan\u0131\u015fd\u0131"},"content":{"rendered":"\n<p><strong>T\u0259hsil naziri Emin \u018fmrullayev son brifinqd\u0259n sonra m\u0259kt\u0259bl\u0259rd\u0259 pul y\u0131\u011f\u0131lmas\u0131 m\u0259s\u0259l\u0259si \u0259traf\u0131nda c\u0259miyy\u0259td\u0259 yaranan m\u00fczakir\u0259l\u0259r\u0259 m\u00fcnasib\u0259t bildirib.<\/strong><\/p>\n\n\n\n<p>O, bu bar\u0259d\u0259 \u0130TV-y\u0259 m\u00fcsahib\u0259sind\u0259 dan\u0131\u015f\u0131b.<\/p>\n\n\n\n<p><br>\u201cBu, \u00e7ox m\u00fcr\u0259kk\u0259b m\u0259s\u0259l\u0259dir. M\u0259n son brifinqd\u0259 bu m\u0259s\u0259l\u0259y\u0259 toxundum. \u00c7al\u0131\u015fd\u0131m ki, bu bar\u0259d\u0259 ictimai m\u00fczakir\u0259y\u0259 ba\u015flayaq. Haz\u0131rda da bu m\u00fczakir\u0259 gedir.<\/p>\n\n\n\n<p><br>Biz d\u0259 izl\u0259yirik. M\u00fcxt\u0259lif fikirl\u0259r s\u0259sl\u0259nir. F\u00fcrs\u0259td\u0259n istifad\u0259 edib s\u0259sl\u0259nmi\u015f fikirl\u0259r\u0259 fikir bildir\u0259n ham\u0131ya t\u0259\u015f\u0259kk\u00fcr edir\u0259m. T\u0259\u0259ss\u00fcf ki, b\u0259z\u0259n s\u0259sl\u0259ndirilm\u0259y\u0259n fikirl\u0259r d\u0259 s\u0259sl\u0259ndirilir v\u0259 onlara fikir bildirilir. Amma bu normald\u0131r, g\u00f6zl\u0259nil\u0259ndir, h\u0259mi\u015f\u0259 bel\u0259 olur\u201d, &#8212; nazir qeyd edib.<\/p>\n\n\n\n<p>O bildirib ki, bu m\u0259s\u0259l\u0259d\u0259 \u00fcmidsizliy\u0259 qap\u0131lma\u011fa ehtiyac yoxdur.<\/p>\n\n\n\n<p>M\u0259nb\u0259: Qafqazinfo<\/p>\n\n\n\n<figure class=\"wp-block-embed is-type-video is-provider-youtube wp-block-embed-youtube wp-embed-aspect-16-9 wp-has-aspect-ratio\"><div class=\"wp-block-embed__wrapper\">\n<iframe loading=\"lazy\" title=\"&quot;M\u0259n m\u0259kt\u0259bd\u0259 oxuyanda da pul y\u0131\u011f\u0131lma hallar\u0131 var idi&quot; - T\u0259hsil naziri Emin \u018fmrullayev\" width=\"715\" height=\"402\" src=\"https:\/\/www.youtube.com\/embed\/vSQ2noYnuTw?feature=oembed\" frameborder=\"0\" allow=\"accelerometer; autoplay; clipboard-write; encrypted-media; gyroscope; picture-in-picture\" allowfullscreen><\/iframe>\n<\/div><\/figure>\n","protected":false},"excerpt":{"rendered":"<p>T\u0259hsil naziri Emin \u018fmrullayev son brifinqd\u0259n sonra m\u0259kt\u0259bl\u0259rd\u0259 pul y\u0131\u011f\u0131lmas\u0131 m\u0259s\u0259l\u0259si \u0259traf\u0131nda c\u0259miyy\u0259td\u0259 yaranan m\u00fczakir\u0259l\u0259r\u0259 m\u00fcnasib\u0259t bildirib. O, bu bar\u0259d\u0259 \u0130TV-y\u0259 m\u00fcsahib\u0259sind\u0259 dan\u0131\u015f\u0131b. \u201cBu,<\/p>\n","protected":false},"author":2,"featured_media":57322,"comment_status":"closed","ping_status":"closed","sticky":false,"template":"","format":"standard","meta":{"footnotes":""},"categories":[8],"tags":[],"class_list":["post-57321","post","type-post","status-publish","format-standard","has-post-thumbnail","hentry","category-thsil"],"aioseo_notices":[],"_links":{"self":[{"href":"https:\/\/fedai.az\/index.php?rest_route=\/wp\/v2\/posts\/57321","targetHints":{"allow":["GET"]}}],"collection":[{"href":"https:\/\/fedai.az\/index.php?rest_route=\/wp\/v2\/posts"}],"about":[{"href":"https:\/\/fedai.az\/index.php?rest_route=\/wp\/v2\/types\/post"}],"author":[{"embeddable":true,"href":"https:\/\/fedai.az\/index.php?rest_route=\/wp\/v2\/users\/2"}],"replies":[{"embeddable":true,"href":"https:\/\/fedai.az\/index.php?rest_route=%2Fwp%2Fv2%2Fcomments&post=57321"}],"version-history":[{"count":1,"href":"https:\/\/fedai.az\/index.php?rest_route=\/wp\/v2\/posts\/57321\/revisions"}],"predecessor-version":[{"id":57323,"href":"https:\/\/fedai.az\/index.php?rest_route=\/wp\/v2\/posts\/57321\/revisions\/57323"}],"wp:featuredmedia":[{"embeddable":true,"href":"https:\/\/fedai.az\/index.php?rest_route=\/wp\/v2\/media\/57322"}],"wp:attachment":[{"href":"https:\/\/fedai.az\/index.php?rest_route=%2Fwp%2Fv2%2Fmedia&parent=57321"}],"wp:term":[{"taxonomy":"category","embeddable":true,"href":"https:\/\/fedai.az\/index.php?rest_route=%2Fwp%2Fv2%2Fcategories&post=57321"},{"taxonomy":"post_tag","embeddable":true,"href":"https:\/\/fedai.az\/index.php?rest_route=%2Fwp%2Fv2%2Ftags&post=57321"}],"curies":[{"name":"wp","href":"https:\/\/api.w.org\/{rel}","templated":true}]}}