{"id":57324,"date":"2021-12-24T00:50:52","date_gmt":"2021-12-23T20:50:52","guid":{"rendered":"https:\/\/fedai.az\/?p=57324"},"modified":"2021-12-24T00:51:00","modified_gmt":"2021-12-23T20:51:00","slug":"nazirlik-birinci-qarabag-muharib%c9%99si-%c9%99lill%c9%99rin%c9%99-bird%c9%99f%c9%99lik-od%c9%99m%c9%99-17-20-min-s%c9%99xsi-%c9%99hat%c9%99-ed%c9%99c%c9%99k","status":"publish","type":"post","link":"https:\/\/fedai.az\/?p=57324","title":{"rendered":"Nazirlik: \u201cBirinci Qaraba\u011f m\u00fcharib\u0259si \u0259lill\u0259rin\u0259 bird\u0259f\u0259lik \u00f6d\u0259m\u0259 17-20 min \u015f\u0259xsi \u0259hat\u0259 ed\u0259c\u0259k\u201d"},"content":{"rendered":"\n<p><strong>Birinci Qaraba\u011f m\u00fcharib\u0259si \u0259lill\u0259rin\u0259 bird\u0259f\u0259lik \u00f6d\u0259m\u0259 17-20 min \u015f\u0259xsi \u0259hat\u0259 ed\u0259c\u0259k v\u0259 h\u0259min \u00f6d\u0259m\u0259l\u0259r \u00fc\u00e7\u00fcn bu ilin d\u00f6vl\u0259t b\u00fcdc\u0259sind\u0259n ilkin olaraq 50 milyon manat v\u0259sait ayr\u0131l\u0131b.<\/strong><\/p>\n\n\n\n<p>Bu bar\u0259d\u0259<strong>\u00a0<\/strong>\u018fm\u0259k v\u0259 \u018fhalinin Sosial M\u00fcdafi\u0259si Nazirliyind\u0259n m\u0259lumat verilib.<\/p>\n\n\n\n<p>Qeyd olunub ki, komissiyan\u0131n t\u0259klifl\u0259ri \u0259sas\u0131nda Nazirl\u0259r Kabineti bird\u0259f\u0259lik \u00f6d\u0259m\u0259nin verilm\u0259si qaydas\u0131n\u0131 iki ay m\u00fcdd\u0259tind\u0259 d\u00f6vl\u0259t ba\u015f\u00e7\u0131s\u0131 il\u0259 raz\u0131la\u015fd\u0131rmaqla t\u0259sdiq ed\u0259c\u0259k. \u00d6d\u0259ni\u015fl\u0259r na\u011fds\u0131z qaydada m\u00fcvafiq \u015f\u0259xsl\u0259rin bank hesab\u0131na k\u00f6\u00e7\u00fcr\u00fcl\u0259c\u0259k v\u0259 bu bar\u0259d\u0259 onlara m\u0259lumat veril\u0259c\u0259k.<\/p>\n\n\n\n<p>Aidiyy\u0259ti qurumlar bird\u0259f\u0259lik \u00f6d\u0259m\u0259 veril\u0259c\u0259k \u015f\u0259xsl\u0259rin siyah\u0131s\u0131n\u0131 m\u00fc\u0259yy\u0259n etm\u0259k m\u0259qs\u0259dil\u0259 m\u00fcvafiq m\u0259lumatlar\u0131 iki ay m\u00fcdd\u0259tind\u0259, \u018fdliyy\u0259 Nazirliyi s\u0131\u011forta \u00f6d\u0259ni\u015finin verilm\u0259sin\u0259 dair bar\u0259sind\u0259 qanuni q\u00fcvv\u0259y\u0259 minmi\u015f m\u0259hk\u0259m\u0259 akt\u0131 olan \u015f\u0259xsl\u0259rin, D\u00f6vl\u0259t S\u0131\u011forta Kommersiya \u015eirk\u0259ti is\u0259 qeyd edil\u0259n kateqoriyalara aid olan v\u0259 s\u0131\u011forta \u00f6d\u0259ni\u015fi verilmi\u015f \u015f\u0259xsl\u0259rin siyah\u0131s\u0131n\u0131 bir ay m\u00fcdd\u0259tind\u0259 \u018fm\u0259k v\u0259 \u018fhalinin Sosial M\u00fcdafi\u0259si Nazirliyin\u0259 t\u0259qdim ed\u0259c\u0259k.<\/p>\n\n\n\n<p>F\u0259rmanla bird\u0259f\u0259lik \u00f6d\u0259m\u0259l\u0259rin verilm\u0259si \u00fc\u00e7\u00fcn 2021-ci ilin d\u00f6vl\u0259t b\u00fcdc\u0259sind\u0259n ilkin olaraq 50 milyon manat v\u0259sait ayr\u0131l\u0131b.<\/p>\n\n\n\n<p>Bird\u0259f\u0259lik \u00f6d\u0259m\u0259 17-20 min \u015f\u0259xsi \u0259hat\u0259 ed\u0259c\u0259k.<\/p>\n\n\n\n<p>Bundan \u0259vv\u0259l Prezident \u0130lham \u018fliyevin m\u00fcvafiq F\u0259rmanlar\u0131 il\u0259 2019-2020-ci ill\u0259rd\u0259 \u018fm\u0259k v\u0259 \u018fhalinin Sosial M\u00fcdafi\u0259si Nazirliyi 1997-ci il avqustun 2-d\u0259k Az\u0259rbaycan\u0131n \u0259razi b\u00fct\u00f6vl\u00fcy\u00fc u\u011frunda h\u0259lak olmu\u015f, \u00f6lm\u00fc\u015f v\u0259 h\u0259rbi \u0259m\u0259liyyatlarla \u0259laq\u0259dar x\u0259b\u0259rsiz itkin d\u00fc\u015fd\u00fcy\u00fcn\u0259 g\u00f6r\u0259 \u00f6lm\u00fc\u015f elan edilmi\u015f h\u0259rbi qulluq\u00e7ular\u0131n v\u0259 daxili i\u015fl\u0259r orqanlar\u0131 \u0259m\u0259kda\u015flar\u0131n\u0131n v\u0259r\u0259s\u0259l\u0259rin\u0259 11 min manat m\u0259bl\u0259\u011find\u0259 bird\u0259f\u0259lik \u00f6d\u0259m\u0259 verilm\u0259si proqram\u0131n\u0131 icra edib. 12,3 min\u0259 yax\u0131n \u015f\u0259hidin 18 mind\u0259n \u00e7ox v\u0259r\u0259s\u0259si bird\u0259f\u0259lik \u00f6d\u0259m\u0259 il\u0259 t\u0259min olunub.<\/p>\n","protected":false},"excerpt":{"rendered":"<p>Birinci Qaraba\u011f m\u00fcharib\u0259si \u0259lill\u0259rin\u0259 bird\u0259f\u0259lik \u00f6d\u0259m\u0259 17-20 min \u015f\u0259xsi \u0259hat\u0259 ed\u0259c\u0259k v\u0259 h\u0259min \u00f6d\u0259m\u0259l\u0259r \u00fc\u00e7\u00fcn bu ilin d\u00f6vl\u0259t b\u00fcdc\u0259sind\u0259n ilkin olaraq 50 milyon manat<\/p>\n","protected":false},"author":2,"featured_media":57325,"comment_status":"closed","ping_status":"closed","sticky":false,"template":"","format":"standard","meta":{"footnotes":""},"categories":[12],"tags":[],"class_list":["post-57324","post","type-post","status-publish","format-standard","has-post-thumbnail","hentry","category-sosial"],"aioseo_notices":[],"_links":{"self":[{"href":"https:\/\/fedai.az\/index.php?rest_route=\/wp\/v2\/posts\/57324","targetHints":{"allow":["GET"]}}],"collection":[{"href":"https:\/\/fedai.az\/index.php?rest_route=\/wp\/v2\/posts"}],"about":[{"href":"https:\/\/fedai.az\/index.php?rest_route=\/wp\/v2\/types\/post"}],"author":[{"embeddable":true,"href":"https:\/\/fedai.az\/index.php?rest_route=\/wp\/v2\/users\/2"}],"replies":[{"embeddable":true,"href":"https:\/\/fedai.az\/index.php?rest_route=%2Fwp%2Fv2%2Fcomments&post=57324"}],"version-history":[{"count":1,"href":"https:\/\/fedai.az\/index.php?rest_route=\/wp\/v2\/posts\/57324\/revisions"}],"predecessor-version":[{"id":57326,"href":"https:\/\/fedai.az\/index.php?rest_route=\/wp\/v2\/posts\/57324\/revisions\/57326"}],"wp:featuredmedia":[{"embeddable":true,"href":"https:\/\/fedai.az\/index.php?rest_route=\/wp\/v2\/media\/57325"}],"wp:attachment":[{"href":"https:\/\/fedai.az\/index.php?rest_route=%2Fwp%2Fv2%2Fmedia&parent=57324"}],"wp:term":[{"taxonomy":"category","embeddable":true,"href":"https:\/\/fedai.az\/index.php?rest_route=%2Fwp%2Fv2%2Fcategories&post=57324"},{"taxonomy":"post_tag","embeddable":true,"href":"https:\/\/fedai.az\/index.php?rest_route=%2Fwp%2Fv2%2Ftags&post=57324"}],"curies":[{"name":"wp","href":"https:\/\/api.w.org\/{rel}","templated":true}]}}