{"id":57327,"date":"2021-12-24T00:56:26","date_gmt":"2021-12-23T20:56:26","guid":{"rendered":"https:\/\/fedai.az\/?p=57327"},"modified":"2021-12-24T00:56:30","modified_gmt":"2021-12-23T20:56:30","slug":"ali-bas-komandan-ilham-%c9%99liyev-60","status":"publish","type":"post","link":"https:\/\/fedai.az\/?p=57327","title":{"rendered":"AL\u0130 BA\u015e KOMANDAN \u0130LHAM \u018fL\u0130YEV &#8212; 60"},"content":{"rendered":"\n<p><strong>Az\u0259rbaycan Televiziyas\u0131 Prezident, m\u00fcz\u0259ff\u0259r <span class=\"has-inline-color has-vivid-red-color\">Ali Ba\u015f Komandan \u0130lham \u018fliyevin 60 illik yubileyi<\/span> m\u00fcnasib\u0259til\u0259 maraql\u0131 video\u00e7arx haz\u0131rlay\u0131b.<\/strong><\/p>\n\n\n\n<p>Video\u00e7arxda m\u00fcxt\u0259lif pe\u015f\u0259 sahibl\u0259ri i\u015f ba\u015f\u0131nda g\u00f6r\u00fcnt\u00fcl\u0259nib.<\/p>\n\n\n\n<p>S\u00fcjetl\u0259rd\u0259 i\u015ftirak ed\u0259n \u015f\u0259xsl\u0259r \u00f6z i\u015finin pe\u015f\u0259kar\u0131 olan real \u015f\u0259xsl\u0259rdir.<\/p>\n\n\n\n<p>Sonda is\u0259 \u0259n \u00e7\u0259tin v\u0259zif\u0259nin \u0259n layiqli sahibi kimi Prezident, Ali Ba\u015f Komandan \u0130lham \u018fliyevin g\u0259rgin v\u0259 \u0259v\u0259zsiz xidm\u0259ti qeyd olunur:<\/p>\n\n\n\n<p><strong>\u201cOnun i\u015fi daha \u00e7\u0259tindir. \u00c7\u00fcnki xalq\u0131n v\u0259 d\u00f6vl\u0259tin taleyi onun \u0259ll\u0259rind\u0259dir. \u018fn \u00e7\u0259tin v\u0259zif\u0259nin \u0259n layiqli sahibi:<\/strong> <strong><span class=\"has-inline-color has-vivid-red-color\">\u0130lham \u018fliyev<\/span>\u201d.<\/strong><\/p>\n\n\n\n<figure class=\"wp-block-embed is-type-video is-provider-youtube wp-block-embed-youtube wp-embed-aspect-16-9 wp-has-aspect-ratio\"><div class=\"wp-block-embed__wrapper\">\n<iframe loading=\"lazy\" title=\"\u201c\u018fn \u00e7\u0259tin v\u0259zif\u0259nin \u0259n layiqli sahibi\u201d - Prezidentin f\u0259aliyy\u0259ti il\u0259 ba\u011fl\u0131 AzTV-d\u0259n maraql\u0131 video\u00e7arx\" width=\"715\" height=\"402\" src=\"https:\/\/www.youtube.com\/embed\/O5QJaLV_das?feature=oembed\" frameborder=\"0\" allow=\"accelerometer; autoplay; clipboard-write; encrypted-media; gyroscope; picture-in-picture\" allowfullscreen><\/iframe>\n<\/div><\/figure>\n","protected":false},"excerpt":{"rendered":"<p>Az\u0259rbaycan Televiziyas\u0131 Prezident, m\u00fcz\u0259ff\u0259r Ali Ba\u015f Komandan \u0130lham \u018fliyevin 60 illik yubileyi m\u00fcnasib\u0259til\u0259 maraql\u0131 video\u00e7arx haz\u0131rlay\u0131b. Video\u00e7arxda m\u00fcxt\u0259lif pe\u015f\u0259 sahibl\u0259ri i\u015f ba\u015f\u0131nda g\u00f6r\u00fcnt\u00fcl\u0259nib. S\u00fcjetl\u0259rd\u0259<\/p>\n","protected":false},"author":2,"featured_media":57328,"comment_status":"closed","ping_status":"closed","sticky":false,"template":"","format":"standard","meta":{"footnotes":""},"categories":[3],"tags":[],"class_list":["post-57327","post","type-post","status-publish","format-standard","has-post-thumbnail","hentry","category-gundm"],"aioseo_notices":[],"_links":{"self":[{"href":"https:\/\/fedai.az\/index.php?rest_route=\/wp\/v2\/posts\/57327","targetHints":{"allow":["GET"]}}],"collection":[{"href":"https:\/\/fedai.az\/index.php?rest_route=\/wp\/v2\/posts"}],"about":[{"href":"https:\/\/fedai.az\/index.php?rest_route=\/wp\/v2\/types\/post"}],"author":[{"embeddable":true,"href":"https:\/\/fedai.az\/index.php?rest_route=\/wp\/v2\/users\/2"}],"replies":[{"embeddable":true,"href":"https:\/\/fedai.az\/index.php?rest_route=%2Fwp%2Fv2%2Fcomments&post=57327"}],"version-history":[{"count":1,"href":"https:\/\/fedai.az\/index.php?rest_route=\/wp\/v2\/posts\/57327\/revisions"}],"predecessor-version":[{"id":57329,"href":"https:\/\/fedai.az\/index.php?rest_route=\/wp\/v2\/posts\/57327\/revisions\/57329"}],"wp:featuredmedia":[{"embeddable":true,"href":"https:\/\/fedai.az\/index.php?rest_route=\/wp\/v2\/media\/57328"}],"wp:attachment":[{"href":"https:\/\/fedai.az\/index.php?rest_route=%2Fwp%2Fv2%2Fmedia&parent=57327"}],"wp:term":[{"taxonomy":"category","embeddable":true,"href":"https:\/\/fedai.az\/index.php?rest_route=%2Fwp%2Fv2%2Fcategories&post=57327"},{"taxonomy":"post_tag","embeddable":true,"href":"https:\/\/fedai.az\/index.php?rest_route=%2Fwp%2Fv2%2Ftags&post=57327"}],"curies":[{"name":"wp","href":"https:\/\/api.w.org\/{rel}","templated":true}]}}