{"id":57330,"date":"2021-12-24T01:02:36","date_gmt":"2021-12-23T21:02:36","guid":{"rendered":"https:\/\/fedai.az\/?p=57330"},"modified":"2021-12-24T01:02:38","modified_gmt":"2021-12-23T21:02:38","slug":"erm%c9%99nil%c9%99r-saldiqlari-tikdikl%c9%99ri-s%c9%99h%c9%99rl%c9%99rin-siyahisini-paylasdilar","status":"publish","type":"post","link":"https:\/\/fedai.az\/?p=57330","title":{"rendered":"Erm\u0259nil\u0259r &#171;sald\u0131qlar\u0131 (tikdikl\u0259ri) \u015f\u0259h\u0259rl\u0259rin siyah\u0131s\u0131&#187;n\u0131 payla\u015fd\u0131lar"},"content":{"rendered":"\n<p><strong>Fantaziyas\u0131 g\u00fccl\u00fc erm\u0259ni xalq\u0131 \u201csald\u0131qlar\u0131 (tikdikl\u0259ri) \u015f\u0259h\u0259rl\u0259rin siyah\u0131s\u0131\u201dn\u0131 payla\u015f\u0131blar.<\/strong><\/p>\n\n\n\n<p><strong>Qafqaz.media<\/strong>&nbsp;bildirir ki, konkret.azerm\u0259ni medias\u0131na istinadla h\u0259min \u201csiyah\u0131n\u0131\u201d \u0259ld\u0259 edib. D\u00fcnyan\u0131n el\u0259 bir n\u00f6qt\u0259si yoxdur ki, erm\u0259nil\u0259r orada m\u0259skunla\u015f\u0131b, \u015f\u0259h\u0259r salmas\u0131n.<\/p>\n\n\n\n<p>Onlar\u0131n n\u0259 d\u0259r\u0259c\u0259d\u0259 \u201ca\u011f\u0131ll\u0131, \u201c\u0259n q\u0259dim\u201d xalq oldu\u011funu art\u0131q d\u00fcnya gec d\u0259 olsa anlama\u011fa ba\u015flay\u0131r. T\u0259qdim etdiyimiz \u201csiyah\u0131\u201ddan x\u0259b\u0259rdar olan ad\u0131 \u00e7\u0259kil\u0259n \u00f6lk\u0259l\u0259rin xalqlar\u0131 y\u0259qin ki, erm\u0259nil\u0259rin g\u00fccl\u00fc fantaziyalar\u0131na \u015f\u0259kk etm\u0259y\u0259c\u0259kl\u0259r.<\/p>\n\n\n\n<p>Yeri g\u0259lmi\u015fk\u0259n, Az\u0259rbaycan xalq\u0131 \u00e7oxdan erm\u0259nil\u0259rin fantaziyas\u0131na \u015f\u0259kk etmir.<\/p>\n\n\n\n<p>H\u0259min \u201csiyah\u0131n\u0131\u201d t\u0259qdim edirik:<\/p>\n\n\n\n<figure class=\"wp-block-image size-large is-resized\"><img loading=\"lazy\" decoding=\"async\" src=\"https:\/\/fedai.az\/wp-content\/uploads\/2021\/12\/photo1640242869.jpeg\" alt=\"\" class=\"wp-image-57331\" width=\"910\" height=\"1014\" srcset=\"https:\/\/fedai.az\/wp-content\/uploads\/2021\/12\/photo1640242869.jpeg 587w, https:\/\/fedai.az\/wp-content\/uploads\/2021\/12\/photo1640242869-269x300.jpeg 269w, https:\/\/fedai.az\/wp-content\/uploads\/2021\/12\/photo1640242869-135x150.jpeg 135w\" sizes=\"auto, (max-width: 910px) 100vw, 910px\" \/><\/figure>\n","protected":false},"excerpt":{"rendered":"<p>Fantaziyas\u0131 g\u00fccl\u00fc erm\u0259ni xalq\u0131 \u201csald\u0131qlar\u0131 (tikdikl\u0259ri) \u015f\u0259h\u0259rl\u0259rin siyah\u0131s\u0131\u201dn\u0131 payla\u015f\u0131blar. Qafqaz.media&nbsp;bildirir ki, konkret.azerm\u0259ni medias\u0131na istinadla h\u0259min \u201csiyah\u0131n\u0131\u201d \u0259ld\u0259 edib. D\u00fcnyan\u0131n el\u0259 bir n\u00f6qt\u0259si yoxdur ki,<\/p>\n","protected":false},"author":2,"featured_media":57332,"comment_status":"closed","ping_status":"closed","sticky":false,"template":"","format":"standard","meta":{"footnotes":""},"categories":[15],"tags":[],"class_list":["post-57330","post","type-post","status-publish","format-standard","has-post-thumbnail","hentry","category-atmaca"],"aioseo_notices":[],"_links":{"self":[{"href":"https:\/\/fedai.az\/index.php?rest_route=\/wp\/v2\/posts\/57330","targetHints":{"allow":["GET"]}}],"collection":[{"href":"https:\/\/fedai.az\/index.php?rest_route=\/wp\/v2\/posts"}],"about":[{"href":"https:\/\/fedai.az\/index.php?rest_route=\/wp\/v2\/types\/post"}],"author":[{"embeddable":true,"href":"https:\/\/fedai.az\/index.php?rest_route=\/wp\/v2\/users\/2"}],"replies":[{"embeddable":true,"href":"https:\/\/fedai.az\/index.php?rest_route=%2Fwp%2Fv2%2Fcomments&post=57330"}],"version-history":[{"count":1,"href":"https:\/\/fedai.az\/index.php?rest_route=\/wp\/v2\/posts\/57330\/revisions"}],"predecessor-version":[{"id":57333,"href":"https:\/\/fedai.az\/index.php?rest_route=\/wp\/v2\/posts\/57330\/revisions\/57333"}],"wp:featuredmedia":[{"embeddable":true,"href":"https:\/\/fedai.az\/index.php?rest_route=\/wp\/v2\/media\/57332"}],"wp:attachment":[{"href":"https:\/\/fedai.az\/index.php?rest_route=%2Fwp%2Fv2%2Fmedia&parent=57330"}],"wp:term":[{"taxonomy":"category","embeddable":true,"href":"https:\/\/fedai.az\/index.php?rest_route=%2Fwp%2Fv2%2Fcategories&post=57330"},{"taxonomy":"post_tag","embeddable":true,"href":"https:\/\/fedai.az\/index.php?rest_route=%2Fwp%2Fv2%2Ftags&post=57330"}],"curies":[{"name":"wp","href":"https:\/\/api.w.org\/{rel}","templated":true}]}}