{"id":57334,"date":"2021-12-24T01:08:35","date_gmt":"2021-12-23T21:08:35","guid":{"rendered":"https:\/\/fedai.az\/?p=57334"},"modified":"2021-12-24T01:08:39","modified_gmt":"2021-12-23T21:08:39","slug":"erm%c9%99nil%c9%99r-qarabagla-bagli-yeni-kampaniya-basladiblar-qapilarindan-%c9%99ski-parcasi-asirlar","status":"publish","type":"post","link":"https:\/\/fedai.az\/?p=57334","title":{"rendered":"Erm\u0259nil\u0259r Qaraba\u011fla ba\u011fl\u0131 yeni kampaniya ba\u015flad\u0131blar: Qap\u0131lar\u0131ndan \u0259ski par\u00e7as\u0131 as\u0131rlar"},"content":{"rendered":"\n<p><strong>Erm\u0259nistanda 31 dekabr- \u201cQaraba\u011f G\u00fcn\u00fc\u201d elan edilib. JAMAZ.\u0130NFO bu t\u0259\u015f\u0259bb\u00fcsl\u0259 siyasi partiyalar v\u0259 ictimai xadiml\u0259r \u00e7\u0131x\u0131\u015f edibl\u0259r. Onlar Facebook sosial \u015f\u0259b\u0259k\u0259sind\u0259 \u201c#MitksArtsakh\u201d v\u0259 \u201c#ArtsakhFlagChallenge\u201d h\u0259\u015ft\u0259ql\u0259ri il\u0259 fl\u0259\u015fmob ke\u00e7irirl\u0259r.<\/strong><\/p>\n\n\n\n<p>Bundan ba\u015fqa, erm\u0259nil\u0259r sosial \u015f\u0259b\u0259k\u0259l\u0259rd\u0259 Qaraba\u011fa d\u0259st\u0259kl\u0259rini bildirm\u0259k, onlarla birlikd\u0259 olduqlar\u0131n\u0131 g\u00f6st\u0259rm\u0259k \u00fc\u00e7\u00fcn balkonlar\u0131ndan separat\u00e7\u0131lar\u0131n \u0259ski par\u00e7alar\u0131n\u0131 as\u0131rlar.<\/p>\n\n\n\n<p>Qeyd ed\u0259k ki, bu fla\u015fmoba \u00e7oxlu sayda \u015f\u0259xs qo\u015fulub. S\u00f6z\u00fcged\u0259n ha\u015fta\u011f\u0259 payla\u015fd\u0131qdan sonra is\u0259 erm\u0259nil\u0259r \u201cQaraba\u011fs\u0131z Erm\u0259nistan yoxdur, Erm\u0259nistans\u0131z Qaraba\u011f yoxdur\u201d s\u00f6zl\u0259rini yaz\u0131rlar.<\/p>\n\n\n\n<p><strong>P.S. Erm\u0259nil\u0259r s\u00f6z\u00fcn h\u0259qiq m\u0259nas\u0131nda x\u0259st\u0259dirl\u0259r v\u0259 uydurduqlar\u0131 yalanla ya\u015fama\u011fa davam etm\u0259kd\u0259 q\u0259rarl\u0131d\u0131rlar. El\u0259 bu sarsaq kampaniya da h\u0259min x\u0259st\u0259liyin t\u0259zah\u00fcrl\u0259rind\u0259n biridir. V\u0259 unudurlar ki, Qaraba\u011f Az\u0259rbaycand\u0131r v\u0259 bundan sonra da bel\u0259 olacaq.<\/strong><\/p>\n","protected":false},"excerpt":{"rendered":"<p>Erm\u0259nistanda 31 dekabr- \u201cQaraba\u011f G\u00fcn\u00fc\u201d elan edilib. JAMAZ.\u0130NFO bu t\u0259\u015f\u0259bb\u00fcsl\u0259 siyasi partiyalar v\u0259 ictimai xadiml\u0259r \u00e7\u0131x\u0131\u015f edibl\u0259r. Onlar Facebook sosial \u015f\u0259b\u0259k\u0259sind\u0259 \u201c#MitksArtsakh\u201d v\u0259 \u201c#ArtsakhFlagChallenge\u201d<\/p>\n","protected":false},"author":2,"featured_media":57336,"comment_status":"closed","ping_status":"closed","sticky":false,"template":"","format":"standard","meta":{"footnotes":""},"categories":[3],"tags":[],"class_list":["post-57334","post","type-post","status-publish","format-standard","has-post-thumbnail","hentry","category-gundm"],"aioseo_notices":[],"_links":{"self":[{"href":"https:\/\/fedai.az\/index.php?rest_route=\/wp\/v2\/posts\/57334","targetHints":{"allow":["GET"]}}],"collection":[{"href":"https:\/\/fedai.az\/index.php?rest_route=\/wp\/v2\/posts"}],"about":[{"href":"https:\/\/fedai.az\/index.php?rest_route=\/wp\/v2\/types\/post"}],"author":[{"embeddable":true,"href":"https:\/\/fedai.az\/index.php?rest_route=\/wp\/v2\/users\/2"}],"replies":[{"embeddable":true,"href":"https:\/\/fedai.az\/index.php?rest_route=%2Fwp%2Fv2%2Fcomments&post=57334"}],"version-history":[{"count":1,"href":"https:\/\/fedai.az\/index.php?rest_route=\/wp\/v2\/posts\/57334\/revisions"}],"predecessor-version":[{"id":57337,"href":"https:\/\/fedai.az\/index.php?rest_route=\/wp\/v2\/posts\/57334\/revisions\/57337"}],"wp:featuredmedia":[{"embeddable":true,"href":"https:\/\/fedai.az\/index.php?rest_route=\/wp\/v2\/media\/57336"}],"wp:attachment":[{"href":"https:\/\/fedai.az\/index.php?rest_route=%2Fwp%2Fv2%2Fmedia&parent=57334"}],"wp:term":[{"taxonomy":"category","embeddable":true,"href":"https:\/\/fedai.az\/index.php?rest_route=%2Fwp%2Fv2%2Fcategories&post=57334"},{"taxonomy":"post_tag","embeddable":true,"href":"https:\/\/fedai.az\/index.php?rest_route=%2Fwp%2Fv2%2Ftags&post=57334"}],"curies":[{"name":"wp","href":"https:\/\/api.w.org\/{rel}","templated":true}]}}