{"id":57342,"date":"2021-12-24T01:16:11","date_gmt":"2021-12-23T21:16:11","guid":{"rendered":"https:\/\/fedai.az\/?p=57342"},"modified":"2021-12-24T01:16:14","modified_gmt":"2021-12-23T21:16:14","slug":"%c9%99rdogan-boyum-185-metrdir-q%c9%99brim-boyuk-olacaq","status":"publish","type":"post","link":"https:\/\/fedai.az\/?p=57342","title":{"rendered":"\u018frdo\u011fan: Boyum 1,85 metrdir, q\u0259brim b\u00f6y\u00fck olacaq"},"content":{"rendered":"\n<p><strong>Boyum 1,85 metrdir, q\u0259brim bir az b\u00f6y\u00fck olacaq. Ba\u015fqalar\u0131 d\u00fc\u015f\u00fcns\u00fcn.<\/strong><\/p>\n\n\n\n<p>Bunu T\u00fcrkiy\u0259 Prezidenti R\u0259c\u0259b Tayyib \u018frdo\u011fan iclasda \u00e7\u0131x\u0131\u015f\u0131 zaman\u0131 deyib.<\/p>\n\n\n\n<p>&#171;T\u0259vaz\u00f6kar olmal\u0131y\u0131q. Yoxsa problem h\u0259dsiz d\u0259r\u0259c\u0259d\u0259 b\u00f6y\u00fcy\u0259c\u0259k. Biz n\u0259yik? Quluq, qul! N\u0259hay\u0259t, ged\u0259c\u0259yimiz yer torpaqd\u0131r. Oradan g\u0259ldik, ora ged\u0259c\u0259yik. Boyum 1,85 metrdir, ona g\u00f6r\u0259 d\u0259 q\u0259brim bir az da b\u00f6y\u00fck olacaq. Ba\u015fqalar\u0131 d\u00fc\u015f\u00fcns\u00fcn&#187;, &#8212; \u018frdo\u011fan deyib.<\/p>\n\n\n\n<p>Prezidentin bu s\u00f6z\u00fcnd\u0259n sonra bir partiya \u00fczv\u00fc aya\u011fa qalxaraq, \u201cAllah siz\u0259 uzun \u00f6m\u00fcr versin, Prezidentimiz\u201d, &#8212; deyib.<\/p>\n\n\n\n<p>T\u00fcrkiy\u0259 Prezidenti is\u0259 cavab\u0131nda bildirib:<\/p>\n\n\n\n<p>\u201cAllah\u0131n t\u0259qdiri n\u0259dirs\u0259, o olacaq. Bunu d\u0259yi\u015fdirm\u0259y\u0259 he\u00e7 kimin g\u00fcc\u00fc \u00e7atmaz. Biz bu mill\u0259t\u0259 a\u011fa deyil, qul olmaq \u00fc\u00e7\u00fcn g\u0259lmi\u015fik\u201d.<\/p>\n\n\n\n<p>M\u0259nb\u0259: Axar.az<\/p>\n","protected":false},"excerpt":{"rendered":"<p>Boyum 1,85 metrdir, q\u0259brim bir az b\u00f6y\u00fck olacaq. Ba\u015fqalar\u0131 d\u00fc\u015f\u00fcns\u00fcn. Bunu T\u00fcrkiy\u0259 Prezidenti R\u0259c\u0259b Tayyib \u018frdo\u011fan iclasda \u00e7\u0131x\u0131\u015f\u0131 zaman\u0131 deyib. &#171;T\u0259vaz\u00f6kar olmal\u0131y\u0131q. Yoxsa problem<\/p>\n","protected":false},"author":2,"featured_media":57343,"comment_status":"closed","ping_status":"closed","sticky":false,"template":"","format":"standard","meta":{"footnotes":""},"categories":[3],"tags":[],"class_list":["post-57342","post","type-post","status-publish","format-standard","has-post-thumbnail","hentry","category-gundm"],"aioseo_notices":[],"_links":{"self":[{"href":"https:\/\/fedai.az\/index.php?rest_route=\/wp\/v2\/posts\/57342","targetHints":{"allow":["GET"]}}],"collection":[{"href":"https:\/\/fedai.az\/index.php?rest_route=\/wp\/v2\/posts"}],"about":[{"href":"https:\/\/fedai.az\/index.php?rest_route=\/wp\/v2\/types\/post"}],"author":[{"embeddable":true,"href":"https:\/\/fedai.az\/index.php?rest_route=\/wp\/v2\/users\/2"}],"replies":[{"embeddable":true,"href":"https:\/\/fedai.az\/index.php?rest_route=%2Fwp%2Fv2%2Fcomments&post=57342"}],"version-history":[{"count":1,"href":"https:\/\/fedai.az\/index.php?rest_route=\/wp\/v2\/posts\/57342\/revisions"}],"predecessor-version":[{"id":57344,"href":"https:\/\/fedai.az\/index.php?rest_route=\/wp\/v2\/posts\/57342\/revisions\/57344"}],"wp:featuredmedia":[{"embeddable":true,"href":"https:\/\/fedai.az\/index.php?rest_route=\/wp\/v2\/media\/57343"}],"wp:attachment":[{"href":"https:\/\/fedai.az\/index.php?rest_route=%2Fwp%2Fv2%2Fmedia&parent=57342"}],"wp:term":[{"taxonomy":"category","embeddable":true,"href":"https:\/\/fedai.az\/index.php?rest_route=%2Fwp%2Fv2%2Fcategories&post=57342"},{"taxonomy":"post_tag","embeddable":true,"href":"https:\/\/fedai.az\/index.php?rest_route=%2Fwp%2Fv2%2Ftags&post=57342"}],"curies":[{"name":"wp","href":"https:\/\/api.w.org\/{rel}","templated":true}]}}