{"id":57345,"date":"2021-12-24T01:35:10","date_gmt":"2021-12-23T21:35:10","guid":{"rendered":"https:\/\/fedai.az\/?p=57345"},"modified":"2021-12-24T21:15:08","modified_gmt":"2021-12-24T17:15:08","slug":"dunya-liderl%c9%99ri-yubiley-munasib%c9%99tiyl%c9%99-ilham-%c9%99liyevi-t%c9%99brik-edir","status":"publish","type":"post","link":"https:\/\/fedai.az\/?p=57345","title":{"rendered":"D\u00fcnya liderl\u0259ri yubiley m\u00fcnasib\u0259tiyl\u0259 \u0130lham \u018fliyevi t\u0259brik edir"},"content":{"rendered":"\n<p><strong>Az\u0259rbaycan Respublikas\u0131n\u0131n Prezidenti, Silahl\u0131 Q\u00fcvv\u0259l\u0259rin Ali Ba\u015f Komandan\u0131 \u0130lham \u018fliyevin bu g\u00fcn do\u011fum g\u00fcn\u00fcd\u00fcr. D\u00f6vl\u0259t ba\u015f\u00e7\u0131s\u0131n\u0131n 60 ya\u015f\u0131 tamam olur.<\/strong><\/p>\n\n\n\n<p>Bu m\u00fcnasib\u0259tl\u0259 D\u00fcnya liderl\u0259rind\u0259n t\u0259brikl\u0259r g\u0259lm\u0259kd\u0259dir:<\/p>\n\n\n\n<ul class=\"wp-block-list\"><li><strong>T\u00fcrkiy\u0259 Prezidenti R\u0259c\u0259b Tayyib \u018frdo\u011fan<\/strong><\/li><li><strong>\u00c7in Xalq Respublikas\u0131n\u0131n s\u0259dri Si Szinpin<\/strong><\/li><li>\u00a0<strong>Rusiya Prezidenti Vladimir Putin\u00a0<\/strong><\/li><li><strong>\u00d6zb\u0259kistan Respublikas\u0131n\u0131n Prezidenti \u015e\u00f6vk\u0259t Mirziyayev<\/strong><\/li><li><strong>Qazax\u0131stan Respublikas\u0131n\u0131n Prezidenti Kas\u0131m-Jomart Tokayev<\/strong><\/li><li><strong>Belarus Respublikas\u0131n\u0131n Prezidenti Aleksandr Luka\u015fenko<\/strong><\/li><li><strong>T\u00fcrkm\u0259nistan\u0131n Prezidenti Qurbanqulu Berdim\u0259h\u0259mm\u0259dov<\/strong><\/li><li><strong>Tacikistan Respublikas\u0131n\u0131n Prezidenti \u0130mam\u0259li R\u0259hman<\/strong><\/li><li><strong>Qazax\u0131stan Respublikas\u0131n\u0131n birinci Prezidenti \u2013 Elba\u015f\u0131 Nursultan Nazarbayev<\/strong><\/li><li><strong>Serbiya Respublikas\u0131n\u0131n Prezidenti Aleksandr Vu\u00e7i\u00e7<\/strong><\/li><li><strong>G\u00fcrc\u00fcstan\u0131n Ba\u015f naziri \u0130rakli Qariba\u015fvili<\/strong><\/li><li><strong>T\u00fcrk D\u00f6vl\u0259tl\u0259ri T\u0259\u015fkilat\u0131n\u0131n Ba\u015f katibi Ba\u011fdad Amreyev<\/strong><\/li><li><strong>\u0130ordaniyan\u0131n Kral\u0131 II Abdullah<\/strong><\/li><li><strong>Rusiya Federasiyas\u0131 Federal M\u0259clisi Federasiya \u015euras\u0131n\u0131n s\u0259dri Valentina Matviyenko<\/strong><\/li><li><strong>Ukraynan\u0131n sabiq prezidenti Leonid Ku\u00e7ma\u00a0<\/strong><\/li><li><strong>\u0130ordaniyan\u0131n Kral\u0131 II Abdullah<\/strong><\/li><li><strong>Moldova Prezidenti Maya Sandu<\/strong><\/li><li><strong>Xorvatiya Respublikas\u0131n\u0131n Prezidenti Zoran Milanovi\u00e7<\/strong><\/li><li><strong>Serbiya Respublikas\u0131n\u0131n Prezidenti Aleksandr Vu\u00e7i\u00e7\u00a0<\/strong><\/li><li><strong>Az\u0259rbaycandak\u0131 dini konfessiyalar\u0131n r\u0259hb\u0259rl\u0259r<\/strong><\/li><li><strong>Moskvan\u0131n v\u0259 B\u00fct\u00fcn Rusiyan\u0131n Patriarx\u0131 Kirill<\/strong><\/li><li>\u00a0<strong>Az\u0259rbaycan V\u0259t\u0259n M\u00fcharib\u0259si Veteranlar\u0131 \u0130ctimai Birliyi (AVMV\u0130B)<\/strong><\/li><li><strong>G\u00fcrc\u00fcstan\u0131n Prezidenti Salome Zurabi\u015fvili<\/strong><\/li><li><strong>B\u00f6y\u00fck Britaniya Ba\u015f nazirinin Az\u0259rbaycan \u00fczr\u0259 ticar\u0259t el\u00e7isi Baronessa Emma Nikolson<\/strong><\/li><li><strong>T\u00fcrkiy\u0259nin xarici i\u015fl\u0259r naziri M\u00f6vlud \u00c7avu\u015fo\u011flu\u00a0<\/strong><\/li><li><strong>\u00a0Bolqar\u0131stan Respublikas\u0131n\u0131n Prezidenti Rumen Radev<\/strong><\/li><li><strong>T\u00fcrkiy\u0259nin xarici i\u015fl\u0259r naziri M\u00f6vlud \u00c7avu\u015fo\u011flu\u00a0<\/strong><\/li><li><strong>Q\u0131r\u011f\u0131z Respublikas\u0131n\u0131n Prezidenti Sad\u0131r Japarov<\/strong><\/li><li><strong>Az\u0259rbaycan Respublikas\u0131n\u0131n Milli M\u0259clisi<\/strong><\/li><li><strong>T\u00fcrk D\u00f6vl\u0259tl\u0259ri T\u0259\u015fkilat\u0131n\u0131n Ba\u015f katibi Ba\u011fdad Amreyev<\/strong><\/li><li><strong>Rusiya Federasiyas\u0131 Federal M\u0259clisi Federasiya \u015euras\u0131n\u0131n s\u0259dri Valentina Matviyenko<\/strong><\/li><li><strong>Moskvan\u0131n m\u00fcftisi, Rusiya M\u00fcs\u0259lmanlar\u0131 Ruhani M\u0259clisinin r\u0259hb\u0259ri, Rusiya Federasiyas\u0131 \u0130ctimai Palatas\u0131n\u0131n \u00fczv\u00fc Albir h\u0259zr\u0259t Krqanov<\/strong><\/li><li><strong>Moskvan\u0131n v\u0259 B\u00fct\u00fcn Rusiyan\u0131n Patriarx\u0131 Kirill\u00a0<\/strong><\/li><li><strong>Rusiya Federasiyas\u0131n\u0131n Xarici K\u0259\u015ffiyyat Xidm\u0259tinin direktoru Sergey Nar\u0131\u015fkin<\/strong><\/li><li><strong>B\u00f6y\u00fck Britaniya parlamentinin \u0130cmalar Palatas\u0131n\u0131n \u00fczv\u00fc, Az\u0259rbaycanla dostluq qrupunun s\u0259dri Bob Bl\u0259km\u0259n\u00a0<\/strong><\/li><li><strong>Latviya Respublikas\u0131n\u0131n Prezidenti Egils Levits<\/strong><\/li><li><strong>Rusiya Federasiyas\u0131 H\u00f6kum\u0259tinin s\u0259dri Mixail Mi\u015fustin<\/strong><\/li><li><strong>Ukrayna Prezidenti Volodimir Zelenski<\/strong><\/li><li><strong>Macar\u0131stan\u0131n Ba\u015f naziri Viktor Orban\u00a0<\/strong><\/li><li><strong>\u015eanxay \u018fm\u0259kda\u015fl\u0131q T\u0259\u015fkilat\u0131n\u0131n Ba\u015f katibi Vladimir Norov<\/strong><\/li><li><strong>MDB \u0130craiyy\u0259 Komit\u0259sinin s\u0259dri \u2013 icra\u00e7\u0131 katibi Sergey Lebedev<\/strong><\/li><li><strong>Rusiya Federasiyas\u0131 Tatar\u0131stan Respublikas\u0131n\u0131n Prezidenti, &#171;Rusiya-\u0130slam d\u00fcnyas\u0131&#187; Strateji Bax\u0131\u015f Qrupunun s\u0259dri R\u00fcst\u0259m Minnixanov<\/strong><\/li><li><strong>Rusiya Federasiyas\u0131n\u0131n Da\u011f\u0131stan Respublikas\u0131n\u0131n r\u0259hb\u0259ri Sergey M\u0259likov<\/strong><\/li><li><strong>T\u00dcRKSOY-un ba\u015f katibi D\u00fcsen Kaseinov\u00a0<\/strong><\/li><li><strong>Moskvan\u0131n m\u00fcftisi, Rusiya M\u00fcs\u0259lmanlar\u0131 Ruhani M\u0259clisinin r\u0259hb\u0259ri, Rusiya Federasiyas\u0131 \u0130ctimai Palatas\u0131n\u0131n \u00fczv\u00fc Albir h\u0259zr\u0259t Krqanov\u00a0<\/strong><\/li><li><strong>Rusiya Federasiyas\u0131 \u00c7e\u00e7enistan Respublikas\u0131 r\u0259hb\u0259rinin m\u00fc\u015faviri, \u00c7e\u00e7enistan Respublikas\u0131n\u0131n m\u00fcftisi \u015eeyx Salah-Hac\u0131 Mejiyev\u00a0<\/strong><\/li><li><strong>BP qrupunun ba\u015f icra\u00e7\u0131 direktoru Bernard Luni<\/strong><\/li><li><strong>T\u00fcrkdilli \u00d6lk\u0259l\u0259rin Parlament Assambleyas\u0131n\u0131n Ba\u015f katibi Mehmet S\u00fcreyya Er<\/strong><\/li><li><strong>Rusiyan\u0131n &#171;LUKOYL\u201d Publik S\u0259hmdar C\u0259miyy\u0259tinin prezidenti Vahid \u018fl\u0259kb\u0259rov<\/strong><\/li><\/ul>\n\n\n\n<p><strong>T\u0259brikl\u0259r g\u0259lm\u0259kd\u0259 davam edir&#8230;<\/strong><\/p>\n","protected":false},"excerpt":{"rendered":"<p>Az\u0259rbaycan Respublikas\u0131n\u0131n Prezidenti, Silahl\u0131 Q\u00fcvv\u0259l\u0259rin Ali Ba\u015f Komandan\u0131 \u0130lham \u018fliyevin bu g\u00fcn do\u011fum g\u00fcn\u00fcd\u00fcr. D\u00f6vl\u0259t ba\u015f\u00e7\u0131s\u0131n\u0131n 60 ya\u015f\u0131 tamam olur. Bu m\u00fcnasib\u0259tl\u0259 D\u00fcnya liderl\u0259rind\u0259n<\/p>\n","protected":false},"author":2,"featured_media":57346,"comment_status":"closed","ping_status":"closed","sticky":false,"template":"","format":"standard","meta":{"footnotes":""},"categories":[3],"tags":[],"class_list":["post-57345","post","type-post","status-publish","format-standard","has-post-thumbnail","hentry","category-gundm"],"aioseo_notices":[],"_links":{"self":[{"href":"https:\/\/fedai.az\/index.php?rest_route=\/wp\/v2\/posts\/57345","targetHints":{"allow":["GET"]}}],"collection":[{"href":"https:\/\/fedai.az\/index.php?rest_route=\/wp\/v2\/posts"}],"about":[{"href":"https:\/\/fedai.az\/index.php?rest_route=\/wp\/v2\/types\/post"}],"author":[{"embeddable":true,"href":"https:\/\/fedai.az\/index.php?rest_route=\/wp\/v2\/users\/2"}],"replies":[{"embeddable":true,"href":"https:\/\/fedai.az\/index.php?rest_route=%2Fwp%2Fv2%2Fcomments&post=57345"}],"version-history":[{"count":6,"href":"https:\/\/fedai.az\/index.php?rest_route=\/wp\/v2\/posts\/57345\/revisions"}],"predecessor-version":[{"id":57417,"href":"https:\/\/fedai.az\/index.php?rest_route=\/wp\/v2\/posts\/57345\/revisions\/57417"}],"wp:featuredmedia":[{"embeddable":true,"href":"https:\/\/fedai.az\/index.php?rest_route=\/wp\/v2\/media\/57346"}],"wp:attachment":[{"href":"https:\/\/fedai.az\/index.php?rest_route=%2Fwp%2Fv2%2Fmedia&parent=57345"}],"wp:term":[{"taxonomy":"category","embeddable":true,"href":"https:\/\/fedai.az\/index.php?rest_route=%2Fwp%2Fv2%2Fcategories&post=57345"},{"taxonomy":"post_tag","embeddable":true,"href":"https:\/\/fedai.az\/index.php?rest_route=%2Fwp%2Fv2%2Ftags&post=57345"}],"curies":[{"name":"wp","href":"https:\/\/api.w.org\/{rel}","templated":true}]}}