{"id":57356,"date":"2021-12-24T01:47:41","date_gmt":"2021-12-23T21:47:41","guid":{"rendered":"https:\/\/fedai.az\/?p=57356"},"modified":"2021-12-24T01:47:45","modified_gmt":"2021-12-23T21:47:45","slug":"azad-olunan-%c9%99razil%c9%99rin-r%c9%99smi-cografi-adlarinin-siyahisi-googlea-t%c9%99qdim-edilib","status":"publish","type":"post","link":"https:\/\/fedai.az\/?p=57356","title":{"rendered":"Azad olunan \u0259razil\u0259rin r\u0259smi co\u011frafi adlar\u0131n\u0131n siyah\u0131s\u0131 &#171;Google&#187;a t\u0259qdim edilib"},"content":{"rendered":"\n<p><strong>&#171;Google maps&#187; t\u0259tbiqind\u0259 Az\u0259rbaycan\u0131n Qaraba\u011f b\u00f6lg\u0259sinin adlar\u0131n\u0131n r\u0259smi adlar\u0131 il\u0259 Az\u0259rbaycan dilind\u0259 g\u00f6st\u0259rilm\u0259si il\u0259 yana\u015f\u0131, saxta adlarla erm\u0259ni dilind\u0259 g\u00f6st\u0259rilm\u0259si m\u0259s\u0259l\u0259si r\u0259smi diplomatik kanallarla &#171;Google&#187; \u015firk\u0259ti qar\u015f\u0131s\u0131nda qald\u0131r\u0131l\u0131b. Az\u0259rbaycan\u0131n \u0259razil\u0259rinin adlar\u0131n\u0131n t\u0259hrif edilm\u0259si il\u0259 ba\u011fl\u0131 \u015firk\u0259t r\u0259hb\u0259rliyin\u0259 m\u0259ktub \u00fcnvanlan\u0131b v\u0259 \u00f6lk\u0259mizin m\u00fcvafiq \u0259razil\u0259rinin r\u0259smi co\u011frafi adlar\u0131n\u0131n siyah\u0131s\u0131 qar\u015f\u0131 t\u0259r\u0259f\u0259 t\u0259qdim edilib&#187;.<\/strong><\/p>\n\n\n\n<p>Bunu Az\u0259rbaycan Xarici \u0130\u015fl\u0259r Nazirliyinin M\u0259tbuat xidm\u0259ti idar\u0259sinin r\u0259isi Leyla Abdullayeva bildirib.<\/p>\n\n\n\n<p>&#171;Eyni zamanda, xat\u0131rlatmaq ist\u0259rdik ki, bu ilin may ay\u0131nda t\u0259r\u0259fimizd\u0259n BMT-nin Co\u011frafi adlar \u00fczr\u0259 Ekspertl\u0259r Qrupunun (UNGEGN) illik sessiyas\u0131nda Az\u0259rbaycan Respublikas\u0131n\u0131n Ekologiya v\u0259 T\u0259bii S\u0259rv\u0259tl\u0259r Nazirliyi il\u0259 birlikd\u0259 haz\u0131rlanm\u0131\u015f milli hesabat t\u0259qdim edilib. Bu hesabatda 4589 ya\u015fay\u0131\u015f m\u0259nt\u0259q\u0259sinin Az\u0259rbaycan, ingilis v\u0259 rus dill\u0259rind\u0259 r\u0259smi qaydada standartla\u015fd\u0131r\u0131lm\u0131\u015f v\u0259 t\u0259sdiq edilmi\u015f adlar\u0131n\u0131 \u0259ks etdir\u0259n siyah\u0131n\u0131, habel\u0259 Erm\u0259nistan-Az\u0259rbaycan m\u00fcnaqi\u015f\u0259sinin t\u0259sirin\u0259 m\u0259ruz qalm\u0131\u015f \u0259razil\u0259rimizd\u0259 yerl\u0259\u015f\u0259n v\u0259 t\u0259hrif edildiyi m\u00fc\u0259yy\u0259n edilmi\u015f 125 co\u011frafi obyektin ad\u0131n\u0131 \u00f6z\u00fcnd\u0259 ehtiva edir&#187;, &#8212; X\u0130N r\u0259smisi vur\u011fulay\u0131b.<\/p>\n\n\n\n<p>L.Abdullayeva qeyd edib ki, BMT-nin Co\u011frafi adlar\u0131n Standartla\u015fd\u0131r\u0131lmas\u0131 \u00fczr\u0259 Konfranslar\u0131 \u00e7\u0259r\u00e7iv\u0259sind\u0259 q\u0259bul edilmi\u015f q\u0259tnam\u0259l\u0259r\u0259 g\u00f6r\u0259 h\u0259r hans\u0131 bir d\u00f6vl\u0259tin s\u0259lahiyy\u0259tli d\u00f6vl\u0259t qurumu t\u0259r\u0259find\u0259n standartla\u015fd\u0131r\u0131lm\u0131\u015f co\u011frafi adlara d\u0259yi\u015fiklik edilm\u0259si yolverilm\u0259zdir v\u0259 bu kimi d\u0259yi\u015fiklikl\u0259r BMT t\u0259r\u0259find\u0259n tan\u0131na bilm\u0259z.<\/p>\n\n\n\n<p>&#171;Google maps&#187; platformas\u0131na g\u0259ldikd\u0259 onu da qeyd etm\u0259k ist\u0259rdik ki, bu t\u0259tbiq istifad\u0259\u00e7il\u0259rin f\u0259rdi m\u00fcraci\u0259tl\u0259ri v\u0259 yana\u015fmalar\u0131 prinsipi \u0259sas\u0131nda f\u0259aliyy\u0259t g\u00f6st\u0259rir. Bu bax\u0131mdan v\u0259t\u0259nda\u015flar\u0131m\u0131z\u0131n, habel\u0259 qeyri-h\u00f6kum\u0259t&nbsp;qurumlar\u0131n\u0131n m\u00f6vzu il\u0259 ba\u011fll f\u0259al \u015f\u0259kild\u0259 fikirl\u0259rini \u015firk\u0259t\u0259 yazmalar\u0131 \u00e7ox \u00f6n\u0259mlidir.&nbsp;Haz\u0131rda m\u0259s\u0259l\u0259 diqq\u0259t m\u0259rk\u0259zind\u0259 saxlan\u0131l\u0131r v\u0259 t\u0259hrifl\u0259rin aradan qald\u0131r\u0131lmas\u0131 istiqam\u0259tind\u0259 t\u0259dbirl\u0259r davam etdirilir&#187;, &#8212; o qeyd edib.<\/p>\n","protected":false},"excerpt":{"rendered":"<p>&#171;Google maps&#187; t\u0259tbiqind\u0259 Az\u0259rbaycan\u0131n Qaraba\u011f b\u00f6lg\u0259sinin adlar\u0131n\u0131n r\u0259smi adlar\u0131 il\u0259 Az\u0259rbaycan dilind\u0259 g\u00f6st\u0259rilm\u0259si il\u0259 yana\u015f\u0131, saxta adlarla erm\u0259ni dilind\u0259 g\u00f6st\u0259rilm\u0259si m\u0259s\u0259l\u0259si r\u0259smi diplomatik kanallarla<\/p>\n","protected":false},"author":2,"featured_media":57357,"comment_status":"closed","ping_status":"closed","sticky":false,"template":"","format":"standard","meta":{"footnotes":""},"categories":[12],"tags":[],"class_list":["post-57356","post","type-post","status-publish","format-standard","has-post-thumbnail","hentry","category-sosial"],"aioseo_notices":[],"_links":{"self":[{"href":"https:\/\/fedai.az\/index.php?rest_route=\/wp\/v2\/posts\/57356","targetHints":{"allow":["GET"]}}],"collection":[{"href":"https:\/\/fedai.az\/index.php?rest_route=\/wp\/v2\/posts"}],"about":[{"href":"https:\/\/fedai.az\/index.php?rest_route=\/wp\/v2\/types\/post"}],"author":[{"embeddable":true,"href":"https:\/\/fedai.az\/index.php?rest_route=\/wp\/v2\/users\/2"}],"replies":[{"embeddable":true,"href":"https:\/\/fedai.az\/index.php?rest_route=%2Fwp%2Fv2%2Fcomments&post=57356"}],"version-history":[{"count":1,"href":"https:\/\/fedai.az\/index.php?rest_route=\/wp\/v2\/posts\/57356\/revisions"}],"predecessor-version":[{"id":57358,"href":"https:\/\/fedai.az\/index.php?rest_route=\/wp\/v2\/posts\/57356\/revisions\/57358"}],"wp:featuredmedia":[{"embeddable":true,"href":"https:\/\/fedai.az\/index.php?rest_route=\/wp\/v2\/media\/57357"}],"wp:attachment":[{"href":"https:\/\/fedai.az\/index.php?rest_route=%2Fwp%2Fv2%2Fmedia&parent=57356"}],"wp:term":[{"taxonomy":"category","embeddable":true,"href":"https:\/\/fedai.az\/index.php?rest_route=%2Fwp%2Fv2%2Fcategories&post=57356"},{"taxonomy":"post_tag","embeddable":true,"href":"https:\/\/fedai.az\/index.php?rest_route=%2Fwp%2Fv2%2Ftags&post=57356"}],"curies":[{"name":"wp","href":"https:\/\/api.w.org\/{rel}","templated":true}]}}