{"id":57359,"date":"2021-12-24T01:50:43","date_gmt":"2021-12-23T21:50:43","guid":{"rendered":"https:\/\/fedai.az\/?p=57359"},"modified":"2021-12-24T12:22:01","modified_gmt":"2021-12-24T08:22:01","slug":"fransa-prezidentliyin%c9%99-namiz%c9%99din-az%c9%99rbaycana-girisi-qadagan-edildi","status":"publish","type":"post","link":"https:\/\/fedai.az\/?p=57359","title":{"rendered":"Fransa prezidentliyin\u0259 namiz\u0259din Az\u0259rbaycana giri\u015fi qada\u011fan edildi"},"content":{"rendered":"\n<p><strong>Fransada ke\u00e7iril\u0259c\u0259k prezident se\u00e7kil\u0259rind\u0259 Respublika\u00e7\u0131lar Partiyas\u0131n\u0131n namiz\u0259di Valeri Pekrezin ad\u0131 Az\u0259rbaycan\u0131n arzuolunmaz \u015f\u0259xsl\u0259r siyah\u0131s\u0131na daxil edilib.<\/strong><\/p>\n\n\n\n<p><br>Bu bar\u0259d\u0259 Az\u0259rbaycan Xarici \u0130\u015fl\u0259r Nazirliyind\u0259n m\u0259lumat verilib.<\/p>\n\n\n\n<p><br>Qeyd ed\u0259k ki, dekabr\u0131n 22-d\u0259 Fransan\u0131n \u0130l-d\u00f6-Frans regionunun prezidenti, Fransada ke\u00e7iril\u0259c\u0259k prezident se\u00e7kil\u0259rin\u0259 Respublika\u00e7\u0131lar Partiyas\u0131n\u0131n namiz\u0259di Valeri Pekrez Az\u0259rbaycan Respublikas\u0131n\u0131n Xank\u0259ndi \u015f\u0259h\u0259rin\u0259 qanunsuz s\u0259f\u0259r edib.<\/p>\n\n\n\n<p><br>V.Pekrezin Az\u0259rbaycan\u0131n Xank\u0259ndi \u015f\u0259h\u0259rin\u0259 qanunsuz s\u0259f\u0259rin\u0259 g\u00f6r\u0259 Az\u0259rbaycan X\u0130N Fransaya nota verib.<\/p>\n","protected":false},"excerpt":{"rendered":"<p>Fransada ke\u00e7iril\u0259c\u0259k prezident se\u00e7kil\u0259rind\u0259 Respublika\u00e7\u0131lar Partiyas\u0131n\u0131n namiz\u0259di Valeri Pekrezin ad\u0131 Az\u0259rbaycan\u0131n arzuolunmaz \u015f\u0259xsl\u0259r siyah\u0131s\u0131na daxil edilib. Bu bar\u0259d\u0259 Az\u0259rbaycan Xarici \u0130\u015fl\u0259r Nazirliyind\u0259n m\u0259lumat verilib.<\/p>\n","protected":false},"author":2,"featured_media":57361,"comment_status":"closed","ping_status":"closed","sticky":false,"template":"","format":"standard","meta":{"footnotes":""},"categories":[4],"tags":[],"class_list":["post-57359","post","type-post","status-publish","format-standard","has-post-thumbnail","hentry","category-qarabag"],"aioseo_notices":[],"_links":{"self":[{"href":"https:\/\/fedai.az\/index.php?rest_route=\/wp\/v2\/posts\/57359","targetHints":{"allow":["GET"]}}],"collection":[{"href":"https:\/\/fedai.az\/index.php?rest_route=\/wp\/v2\/posts"}],"about":[{"href":"https:\/\/fedai.az\/index.php?rest_route=\/wp\/v2\/types\/post"}],"author":[{"embeddable":true,"href":"https:\/\/fedai.az\/index.php?rest_route=\/wp\/v2\/users\/2"}],"replies":[{"embeddable":true,"href":"https:\/\/fedai.az\/index.php?rest_route=%2Fwp%2Fv2%2Fcomments&post=57359"}],"version-history":[{"count":2,"href":"https:\/\/fedai.az\/index.php?rest_route=\/wp\/v2\/posts\/57359\/revisions"}],"predecessor-version":[{"id":57378,"href":"https:\/\/fedai.az\/index.php?rest_route=\/wp\/v2\/posts\/57359\/revisions\/57378"}],"wp:featuredmedia":[{"embeddable":true,"href":"https:\/\/fedai.az\/index.php?rest_route=\/wp\/v2\/media\/57361"}],"wp:attachment":[{"href":"https:\/\/fedai.az\/index.php?rest_route=%2Fwp%2Fv2%2Fmedia&parent=57359"}],"wp:term":[{"taxonomy":"category","embeddable":true,"href":"https:\/\/fedai.az\/index.php?rest_route=%2Fwp%2Fv2%2Fcategories&post=57359"},{"taxonomy":"post_tag","embeddable":true,"href":"https:\/\/fedai.az\/index.php?rest_route=%2Fwp%2Fv2%2Ftags&post=57359"}],"curies":[{"name":"wp","href":"https:\/\/api.w.org\/{rel}","templated":true}]}}