{"id":57382,"date":"2021-12-24T13:16:48","date_gmt":"2021-12-24T09:16:48","guid":{"rendered":"https:\/\/fedai.az\/?p=57382"},"modified":"2021-12-24T13:17:19","modified_gmt":"2021-12-24T09:17:19","slug":"putin-ilham-%c9%99liyev%c9%99-z%c9%99ng-edib","status":"publish","type":"post","link":"https:\/\/fedai.az\/?p=57382","title":{"rendered":"Putin \u0130lham \u018fliyev\u0259 z\u0259ng edib"},"content":{"rendered":"\n<p><strong>Dekabr\u0131n 24-d\u0259 Rusiya Federasiyas\u0131n\u0131n Prezidenti Vladimir Putin Az\u0259rbaycan Respublikas\u0131n\u0131n Prezidenti \u0130lham \u018fliyev\u0259 telefonla z\u0259ng edib.<\/strong><\/p>\n\n\n\n<p>Bu bar\u0259d\u0259 Az\u0259rbaycan Prezidentinin M\u0259tbuat Xidm\u0259ti m\u0259lumat yay\u0131b.<\/p>\n\n\n\n<p>Rusiya Federasiyas\u0131n\u0131n Prezidenti Vladimir Putin d\u00f6vl\u0259timizin ba\u015f\u00e7\u0131s\u0131n\u0131 yubileyi m\u00fcnasib\u0259til\u0259 t\u0259brik edib, ona f\u0259aliyy\u0259tind\u0259 u\u011furlar v\u0259 m\u00f6hk\u0259m cansa\u011fl\u0131\u011f\u0131 arzulay\u0131b.<\/p>\n\n\n\n<p>Prezident \u0130lham \u018fliyev g\u00f6st\u0259ril\u0259n diqq\u0259t\u0259 v\u0259 t\u0259brik\u0259 g\u00f6r\u0259 Rusiya Prezidentin\u0259 minn\u0259tdarl\u0131\u011f\u0131n\u0131 bildirib.<\/p>\n\n\n\n<p>D\u00f6vl\u0259t ba\u015f\u00e7\u0131lar\u0131 strateji t\u0259r\u0259fda\u015fl\u0131\u011fa \u0259saslanan Az\u0259rbaycan-Rusiya dostluq m\u00fcnasib\u0259tl\u0259rinin b\u00fct\u00fcn sah\u0259l\u0259rd\u0259 u\u011furla inki\u015faf etdiyini qeyd ed\u0259r\u0259k, \u0259laq\u0259l\u0259rimizin bundan sonra da m\u00f6hk\u0259ml\u0259n\u0259c\u0259yin\u0259 \u0259min olduqlar\u0131n\u0131 bildiribl\u0259r.<\/p>\n\n\n\n<p>Telefon s\u00f6hb\u0259ti zaman\u0131 So\u00e7i g\u00f6r\u00fc\u015f\u00fc m\u0259mnunluqla xat\u0131rlan\u0131b, \u0259m\u0259kda\u015fl\u0131\u011f\u0131m\u0131z\u0131n perspektivl\u0259ri il\u0259 ba\u011fl\u0131 m\u0259s\u0259l\u0259l\u0259r m\u00fczakir\u0259 edilib.<\/p>\n","protected":false},"excerpt":{"rendered":"<p>Dekabr\u0131n 24-d\u0259 Rusiya Federasiyas\u0131n\u0131n Prezidenti Vladimir Putin Az\u0259rbaycan Respublikas\u0131n\u0131n Prezidenti \u0130lham \u018fliyev\u0259 telefonla z\u0259ng edib. Bu bar\u0259d\u0259 Az\u0259rbaycan Prezidentinin M\u0259tbuat Xidm\u0259ti m\u0259lumat yay\u0131b. Rusiya<\/p>\n","protected":false},"author":2,"featured_media":57383,"comment_status":"closed","ping_status":"closed","sticky":false,"template":"","format":"standard","meta":{"footnotes":""},"categories":[1],"tags":[],"class_list":["post-57382","post","type-post","status-publish","format-standard","has-post-thumbnail","hentry","category-siyast"],"aioseo_notices":[],"_links":{"self":[{"href":"https:\/\/fedai.az\/index.php?rest_route=\/wp\/v2\/posts\/57382","targetHints":{"allow":["GET"]}}],"collection":[{"href":"https:\/\/fedai.az\/index.php?rest_route=\/wp\/v2\/posts"}],"about":[{"href":"https:\/\/fedai.az\/index.php?rest_route=\/wp\/v2\/types\/post"}],"author":[{"embeddable":true,"href":"https:\/\/fedai.az\/index.php?rest_route=\/wp\/v2\/users\/2"}],"replies":[{"embeddable":true,"href":"https:\/\/fedai.az\/index.php?rest_route=%2Fwp%2Fv2%2Fcomments&post=57382"}],"version-history":[{"count":1,"href":"https:\/\/fedai.az\/index.php?rest_route=\/wp\/v2\/posts\/57382\/revisions"}],"predecessor-version":[{"id":57384,"href":"https:\/\/fedai.az\/index.php?rest_route=\/wp\/v2\/posts\/57382\/revisions\/57384"}],"wp:featuredmedia":[{"embeddable":true,"href":"https:\/\/fedai.az\/index.php?rest_route=\/wp\/v2\/media\/57383"}],"wp:attachment":[{"href":"https:\/\/fedai.az\/index.php?rest_route=%2Fwp%2Fv2%2Fmedia&parent=57382"}],"wp:term":[{"taxonomy":"category","embeddable":true,"href":"https:\/\/fedai.az\/index.php?rest_route=%2Fwp%2Fv2%2Fcategories&post=57382"},{"taxonomy":"post_tag","embeddable":true,"href":"https:\/\/fedai.az\/index.php?rest_route=%2Fwp%2Fv2%2Ftags&post=57382"}],"curies":[{"name":"wp","href":"https:\/\/api.w.org\/{rel}","templated":true}]}}