{"id":57385,"date":"2021-12-24T14:22:06","date_gmt":"2021-12-24T10:22:06","guid":{"rendered":"https:\/\/fedai.az\/?p=57385"},"modified":"2021-12-24T14:22:09","modified_gmt":"2021-12-24T10:22:09","slug":"%c9%99rdogan-prezident-ilham-%c9%99liyev-z%c9%99f%c9%99rin-bas-memaridir","status":"publish","type":"post","link":"https:\/\/fedai.az\/?p=57385","title":{"rendered":"\u018frdo\u011fan: &#171;Prezident \u0130lham \u018fliyev Z\u0259f\u0259rin ba\u015f memar\u0131d\u0131r&#187;"},"content":{"rendered":"\n<p><strong>\u201cBu b\u00fcn\u00f6vr\u0259d\u0259 qarda\u015fl\u0131\u011f\u0131m\u0131z\u0131 strateji t\u0259r\u0259fda\u015fl\u0131q s\u0259viyy\u0259sin\u0259 \u00e7atd\u0131rd\u0131q. Bir-birin\u0259 q\u0259lb\u0259n ba\u011fl\u0131 olan \u00f6lk\u0259l\u0259rimizi boru x\u0259tl\u0259ri, d\u0259mir yollar\u0131 il\u0259 d\u0259 \u0259laq\u0259l\u0259ndirdik. H\u0259yata ke\u00e7iril\u0259n birg\u0259 layih\u0259l\u0259r say\u0259sind\u0259 T\u00fcrkiy\u0259-Az\u0259rbaycan \u0259m\u0259kda\u015fl\u0131\u011f\u0131, bunlar\u0131n yaratd\u0131\u011f\u0131 regional rifah v\u0259 stabilliy g\u00fccl\u0259n\u0259c\u0259k\u201d.<\/strong><\/p>\n\n\n\n<p>Bu fikirl\u0259ri T\u00fcrkiy\u0259 Prezidenti R\u0259c\u0259b Tayyib \u018frdo\u011fan AzTV-nin Prezident, M\u00fcz\u0259ff\u0259r Ali Ba\u015f Komandan \u0130lham \u018fliyevin 60 illik yubileyi il\u0259 \u0259laq\u0259dar haz\u0131rlad\u0131\u011f\u0131 \u201cPrezident. T\u0259krars\u0131z diplomatiya\u201d adl\u0131 s\u0259n\u0259dli filmd\u0259 bildirib.<\/p>\n\n\n\n<p>\u201c\u0130lham qarda\u015f\u0131m\u0131n ba\u015f komandanl\u0131\u011f\u0131 v\u0259 r\u0259hb\u0259rliyi alt\u0131nda Az\u0259rbaycan 30 il\u0259 yax\u0131n davam ed\u0259n i\u015f\u011fal\u0131 44 g\u00fcnd\u0259 sona \u00e7atd\u0131rd\u0131, haql\u0131 davas\u0131nda dastanvari z\u0259f\u0259r qazand\u0131. \u201cBir mill\u0259t \u2013 iki d\u00f6vl\u0259t\u201d \u015f\u00fcar\u0131 il\u0259 T\u00fcrkiy\u0259nin qarda\u015fl\u0131q v\u0259zif\u0259sin\u0259 \u0259saslanaraq etdiyi V\u0259t\u0259n m\u00fcharib\u0259si m\u00fcdd\u0259tind\u0259 m\u00fcxt\u0259lif t\u0259xribatlara baxmayaraq, \u0130lham qarda\u015f\u0131m q\u0259tiyy\u0259tli v\u0259 soyuqqanl\u0131 liderlik n\u00fcmayi\u015f etdir\u0259r\u0259k Z\u0259f\u0259rin ba\u015f memar\u0131 oldu. Bir milyon qa\u00e7q\u0131n qarda\u015f\u0131m\u0131z\u0131n ev\u0259 qay\u0131d\u0131\u015f yollar\u0131n\u0131 a\u00e7d\u0131. O, bu q\u00fcruru v\u0259 sevinci T\u00fcrkiy\u0259 v\u0259 Az\u0259rbaycana verib. Bu v\u0259sil\u0259 il\u0259 m\u00fcz\u0259ff\u0259r Ali Ba\u015f Komandan, c\u0259nab \u018fliyevi v\u0259 q\u0259hr\u0259man Az\u0259rbaycan xalq\u0131n\u0131 bir daha t\u0259brik edir\u0259m\u201d, &#8212; d\u00f6vl\u0259t ba\u015f\u00e7\u0131s\u0131 deyib.<\/p>\n\n\n\n<p>\u018frdo\u011fan vur\u011fulay\u0131b ki, Heyd\u0259r \u018fliyev d\u00f6vr\u00fcnd\u0259 ba\u015flayan v\u0259 \u0130lham \u018fliyevl\u0259 davam ed\u0259n inki\u015fafla Az\u0259rbaycan b\u00f6lg\u0259d\u0259 cazib\u0259 m\u0259rk\u0259zin\u0259 \u00e7evrilib: &#171;Paytaxt Bak\u0131 X\u0259z\u0259rin parlayan ulduzuna \u00e7evrildi. Bir il i\u00e7ind\u0259 Qaraba\u011f\u0131n incisi v\u0259 Az\u0259rbaycan\u0131n m\u0259d\u0259niyy\u0259t paytaxt\u0131 olan \u015eu\u015fa, F\u00fczuli v\u0259 i\u015f\u011faldan azad edil\u0259n dig\u0259r ya\u015fay\u0131\u015f yerl\u0259rind\u0259 layih\u0259l\u0259r s\u00fcr\u0259tl\u0259 h\u0259yata ke\u00e7irildi. Qaraba\u011f\u0131n azad olunmas\u0131ndan oldu\u011fu kimi, b\u0259rpa v\u0259 restavrasiya prosesind\u0259 Az\u0259rbaycana d\u0259st\u0259yimizi davam etdir\u0259c\u0259yik. T\u00fcrkiy\u0259 olaraq indi v\u0259 h\u0259mi\u015f\u0259 Az\u0259rbaycan qarda\u015flar\u0131m\u0131zla \u00e7iyin-\u00e7iyin\u0259 ir\u0259lil\u0259m\u0259y\u0259 davam ed\u0259c\u0259yik\u201d.<\/p>\n\n\n\n<p>\u201cM\u00fcnasib\u0259tl\u0259rimizd\u0259 daim olan dig\u0259r element is\u0259 qarda\u015f k\u00f6m\u0259yidir. T\u00fcrkiy\u0259nin milli m\u00fccadil\u0259 d\u00f6vr\u00fcnd\u0259 az\u0259rbaycanl\u0131 qarda\u015flar\u0131m\u0131z t\u0259r\u0259find\u0259n toplanan yard\u0131mlar\u0131n unudulmas\u0131 m\u00fcmk\u00fcnm\u00fcd\u00fcr? Bu ilin yay\u0131nda me\u015f\u0259 yan\u011f\u0131nlar\u0131 il\u0259 m\u00fcbariz\u0259d\u0259 biziml\u0259 \u00e7iyin-\u00e7iyin\u0259 m\u00fccadil\u0259 aparan az\u0259rbaycanl\u0131lar\u0131n n\u00fcmayi\u015f etdirdiyi h\u0259mr\u0259yliyi unutmaq m\u00fcmk\u00fcnm\u00fcd\u00fcr? 15 iyun m\u0259nfur d\u00f6vl\u0259t \u00e7evrili\u015fi c\u0259hdinin qar\u015f\u0131s\u0131n\u0131n al\u0131nmas\u0131nda can Az\u0259rbaycan\u0131n d\u0259st\u0259yini unutmaq m\u00fcmk\u00fcnd\u00fcrm\u00fc?\u201d, &#8212; T\u00fcrkiy\u0259 Prezidenti qeyd edib.<\/p>\n","protected":false},"excerpt":{"rendered":"<p>\u201cBu b\u00fcn\u00f6vr\u0259d\u0259 qarda\u015fl\u0131\u011f\u0131m\u0131z\u0131 strateji t\u0259r\u0259fda\u015fl\u0131q s\u0259viyy\u0259sin\u0259 \u00e7atd\u0131rd\u0131q. Bir-birin\u0259 q\u0259lb\u0259n ba\u011fl\u0131 olan \u00f6lk\u0259l\u0259rimizi boru x\u0259tl\u0259ri, d\u0259mir yollar\u0131 il\u0259 d\u0259 \u0259laq\u0259l\u0259ndirdik. H\u0259yata ke\u00e7iril\u0259n birg\u0259 layih\u0259l\u0259r say\u0259sind\u0259<\/p>\n","protected":false},"author":2,"featured_media":57386,"comment_status":"closed","ping_status":"closed","sticky":false,"template":"","format":"standard","meta":{"footnotes":""},"categories":[3],"tags":[],"class_list":["post-57385","post","type-post","status-publish","format-standard","has-post-thumbnail","hentry","category-gundm"],"aioseo_notices":[],"_links":{"self":[{"href":"https:\/\/fedai.az\/index.php?rest_route=\/wp\/v2\/posts\/57385","targetHints":{"allow":["GET"]}}],"collection":[{"href":"https:\/\/fedai.az\/index.php?rest_route=\/wp\/v2\/posts"}],"about":[{"href":"https:\/\/fedai.az\/index.php?rest_route=\/wp\/v2\/types\/post"}],"author":[{"embeddable":true,"href":"https:\/\/fedai.az\/index.php?rest_route=\/wp\/v2\/users\/2"}],"replies":[{"embeddable":true,"href":"https:\/\/fedai.az\/index.php?rest_route=%2Fwp%2Fv2%2Fcomments&post=57385"}],"version-history":[{"count":1,"href":"https:\/\/fedai.az\/index.php?rest_route=\/wp\/v2\/posts\/57385\/revisions"}],"predecessor-version":[{"id":57387,"href":"https:\/\/fedai.az\/index.php?rest_route=\/wp\/v2\/posts\/57385\/revisions\/57387"}],"wp:featuredmedia":[{"embeddable":true,"href":"https:\/\/fedai.az\/index.php?rest_route=\/wp\/v2\/media\/57386"}],"wp:attachment":[{"href":"https:\/\/fedai.az\/index.php?rest_route=%2Fwp%2Fv2%2Fmedia&parent=57385"}],"wp:term":[{"taxonomy":"category","embeddable":true,"href":"https:\/\/fedai.az\/index.php?rest_route=%2Fwp%2Fv2%2Fcategories&post=57385"},{"taxonomy":"post_tag","embeddable":true,"href":"https:\/\/fedai.az\/index.php?rest_route=%2Fwp%2Fv2%2Ftags&post=57385"}],"curies":[{"name":"wp","href":"https:\/\/api.w.org\/{rel}","templated":true}]}}