{"id":57390,"date":"2021-12-24T14:42:38","date_gmt":"2021-12-24T10:42:38","guid":{"rendered":"https:\/\/fedai.az\/?p=57390"},"modified":"2021-12-24T14:42:42","modified_gmt":"2021-12-24T10:42:42","slug":"%c9%99rdogandan-ilham-%c9%99liyev%c9%99-t%c9%99brik-can-az%c9%99rbaycanin-can-prezidenti","status":"publish","type":"post","link":"https:\/\/fedai.az\/?p=57390","title":{"rendered":"\u018frdo\u011fandan \u0130lham \u018fliyev\u0259 t\u0259brik: &#171;Can Az\u0259rbaycan\u0131n can Prezidenti&#187;"},"content":{"rendered":"\n<p><strong>\u201cCan Az\u0259rbaycan\u0131n can Prezidenti, d\u0259y\u0259rli qarda\u015f\u0131m, c\u0259nab \u0130lham \u018fliyevi ad g\u00fcn\u00fc m\u00fcnasib\u0259til\u0259 s\u0259mimi-q\u0259lbd\u0259n t\u0259brik edir\u0259m. R\u0259bbimd\u0259n \u00f6z\u00fcn\u0259 ne\u00e7\u0259-ne\u00e7\u0259 sa\u011flam do\u011fum g\u00fcnl\u0259ri n\u0259sib etm\u0259sini arzulay\u0131ram\u201d.<\/strong><\/p>\n\n\n\n<p>Bunu T\u00fcrkiy\u0259 Prezidenti R\u0259c\u0259b Tayyib \u018frdo\u011fan AzTV-nin Prezident, M\u00fcz\u0259ff\u0259r Ali Ba\u015f Komandan \u0130lham \u018fliyevin 60 illik yubileyi il\u0259 \u0259laq\u0259dar haz\u0131rlad\u0131\u011f\u0131 \u201cPrezident. T\u0259krars\u0131z diplomatiya\u201d adl\u0131 s\u0259n\u0259dli filmd\u0259 bildirib.<\/p>\n\n\n\n<p>\u201c\u00d6z\u00fcn\u0259 sevdikl\u0259ri, d\u0259y\u0259rli ail\u0259si il\u0259 birlikd\u0259 xeyirli \u00f6m\u00fcr ya\u015famas\u0131n\u0131 dil\u0259yir\u0259m. Bu d\u00fc\u015f\u00fcnc\u0259 il\u0259 \u0130lham \u018fliyev qarda\u015f\u0131m\u0131n do\u011fum g\u00fcn\u00fcn\u00fc s\u0259mimi-q\u0259lbd\u0259n yenid\u0259n t\u0259brik edir, can Az\u0259rbaycana salamlar\u0131m\u0131 \u00e7atd\u0131r\u0131ram. R\u0259bbim T\u00fcrkiy\u0259-Az\u0259rbaycan qarda\u015fl\u0131\u011f\u0131n\u0131 daim etsin, qorusun!\u201d, &#8212; T\u00fcrkiy\u0259 lideri vur\u011fulay\u0131b.<\/p>\n","protected":false},"excerpt":{"rendered":"<p>\u201cCan Az\u0259rbaycan\u0131n can Prezidenti, d\u0259y\u0259rli qarda\u015f\u0131m, c\u0259nab \u0130lham \u018fliyevi ad g\u00fcn\u00fc m\u00fcnasib\u0259til\u0259 s\u0259mimi-q\u0259lbd\u0259n t\u0259brik edir\u0259m. R\u0259bbimd\u0259n \u00f6z\u00fcn\u0259 ne\u00e7\u0259-ne\u00e7\u0259 sa\u011flam do\u011fum g\u00fcnl\u0259ri n\u0259sib etm\u0259sini arzulay\u0131ram\u201d.<\/p>\n","protected":false},"author":2,"featured_media":57391,"comment_status":"closed","ping_status":"closed","sticky":false,"template":"","format":"standard","meta":{"footnotes":""},"categories":[3],"tags":[],"class_list":["post-57390","post","type-post","status-publish","format-standard","has-post-thumbnail","hentry","category-gundm"],"aioseo_notices":[],"_links":{"self":[{"href":"https:\/\/fedai.az\/index.php?rest_route=\/wp\/v2\/posts\/57390","targetHints":{"allow":["GET"]}}],"collection":[{"href":"https:\/\/fedai.az\/index.php?rest_route=\/wp\/v2\/posts"}],"about":[{"href":"https:\/\/fedai.az\/index.php?rest_route=\/wp\/v2\/types\/post"}],"author":[{"embeddable":true,"href":"https:\/\/fedai.az\/index.php?rest_route=\/wp\/v2\/users\/2"}],"replies":[{"embeddable":true,"href":"https:\/\/fedai.az\/index.php?rest_route=%2Fwp%2Fv2%2Fcomments&post=57390"}],"version-history":[{"count":1,"href":"https:\/\/fedai.az\/index.php?rest_route=\/wp\/v2\/posts\/57390\/revisions"}],"predecessor-version":[{"id":57392,"href":"https:\/\/fedai.az\/index.php?rest_route=\/wp\/v2\/posts\/57390\/revisions\/57392"}],"wp:featuredmedia":[{"embeddable":true,"href":"https:\/\/fedai.az\/index.php?rest_route=\/wp\/v2\/media\/57391"}],"wp:attachment":[{"href":"https:\/\/fedai.az\/index.php?rest_route=%2Fwp%2Fv2%2Fmedia&parent=57390"}],"wp:term":[{"taxonomy":"category","embeddable":true,"href":"https:\/\/fedai.az\/index.php?rest_route=%2Fwp%2Fv2%2Fcategories&post=57390"},{"taxonomy":"post_tag","embeddable":true,"href":"https:\/\/fedai.az\/index.php?rest_route=%2Fwp%2Fv2%2Ftags&post=57390"}],"curies":[{"name":"wp","href":"https:\/\/api.w.org\/{rel}","templated":true}]}}