{"id":57393,"date":"2021-12-24T14:55:28","date_gmt":"2021-12-24T10:55:28","guid":{"rendered":"https:\/\/fedai.az\/?p=57393"},"modified":"2021-12-24T14:55:31","modified_gmt":"2021-12-24T10:55:31","slug":"turkiy%c9%99d%c9%99-%c9%99mlakina-h%c9%99bs-qoyulan-az%c9%99rbaycanli-canli-bomba-polkovnik-leytenantin-qizi-imis-video","status":"publish","type":"post","link":"https:\/\/fedai.az\/?p=57393","title":{"rendered":"T\u00fcrkiy\u0259d\u0259 \u0259mlak\u0131na h\u0259bs qoyulan az\u0259rbaycanl\u0131 \u201ccanl\u0131 bomba\u201d polkovnik-leytenant\u0131n q\u0131z\u0131 imi\u015f-V\u0130DEO"},"content":{"rendered":"\n<p><strong>T\u00fcrkiy\u0259d\u0259 terror\u00e7uluqda \u015f\u00fcbh\u0259li bilin\u0259n 770 fiziki v\u0259 1 h\u00fcquqi \u015f\u0259xsin \u0259mlak\u0131na h\u0259bs qoyulub.<\/strong><\/p>\n\n\n\n<p>Qaynarinfo x\u0259b\u0259r verir ki, bu bar\u0259d\u0259 \u00f6lk\u0259nin Daxili \u0130\u015fl\u0259r naziri S\u00fcleyman Soylu v\u0259 X\u0259zin\u0259 v\u0259 Maliyy\u0259 naziri N\u00fcr\u0259ddin N\u0259bati birg\u0259 q\u0259rar imzalay\u0131b.<\/p>\n\n\n\n<p>Siyah\u0131da az\u0259rbaycanl\u0131 xan\u0131m da var. Bel\u0259 ki, 34 ya\u015fl\u0131 M\u0259mm\u0259dova \u00dclk\u0259r \u015eahmurad q\u0131z\u0131 \u0130\u015e\u0130D \u00fczv\u00fc olmaqda g\u00fcnahland\u0131r\u0131l\u0131r. <\/p>\n\n\n\n<p>Az\u0259rbaycan\u0131n Qubadl\u0131 rayonunda do\u011fulan \u00dclk\u0259r M\u0259mm\u0259dova 2015-ci ild\u0259 paytaxt\u0131 Ankarada 103 n\u0259f\u0259rin \u00f6l\u00fcm\u00fc il\u0259 n\u0259tic\u0259l\u0259n\u0259n terror akt\u0131 t\u00f6r\u0259tm\u0259kd\u0259 t\u0259qsirli bilin\u0259n \u0130\u015e\u0130D \u00fczv\u00fc Mustafa Dokumac\u0131n\u0131n h\u0259yat yolda\u015f\u0131 olub.<\/p>\n\n\n\n<figure class=\"wp-block-gallery columns-2 is-cropped wp-block-gallery-1 is-layout-flex wp-block-gallery-is-layout-flex\"><ul class=\"blocks-gallery-grid\"><li class=\"blocks-gallery-item\"><figure><img loading=\"lazy\" decoding=\"async\" width=\"300\" height=\"168\" src=\"https:\/\/fedai.az\/wp-content\/uploads\/2021\/12\/1640328323_download.jpg\" alt=\"\" data-id=\"57394\" data-link=\"https:\/\/fedai.az\/?attachment_id=57394\" class=\"wp-image-57394\" srcset=\"https:\/\/fedai.az\/wp-content\/uploads\/2021\/12\/1640328323_download.jpg 300w, https:\/\/fedai.az\/wp-content\/uploads\/2021\/12\/1640328323_download-150x84.jpg 150w\" sizes=\"auto, (max-width: 300px) 100vw, 300px\" \/><\/figure><\/li><li class=\"blocks-gallery-item\"><figure><img loading=\"lazy\" decoding=\"async\" width=\"626\" height=\"353\" src=\"https:\/\/fedai.az\/wp-content\/uploads\/2021\/12\/1640328268_59c97a0945d2a027e83d7069.jpg\" alt=\"\" data-id=\"57395\" data-full-url=\"https:\/\/fedai.az\/wp-content\/uploads\/2021\/12\/1640328268_59c97a0945d2a027e83d7069.jpg\" data-link=\"https:\/\/fedai.az\/?attachment_id=57395\" class=\"wp-image-57395\" srcset=\"https:\/\/fedai.az\/wp-content\/uploads\/2021\/12\/1640328268_59c97a0945d2a027e83d7069.jpg 626w, https:\/\/fedai.az\/wp-content\/uploads\/2021\/12\/1640328268_59c97a0945d2a027e83d7069-300x169.jpg 300w, https:\/\/fedai.az\/wp-content\/uploads\/2021\/12\/1640328268_59c97a0945d2a027e83d7069-150x85.jpg 150w\" sizes=\"auto, (max-width: 626px) 100vw, 626px\" \/><\/figure><\/li><\/ul><\/figure>\n\n\n\n<p>Az\u0259rbaycanl\u0131 qad\u0131n 2021-ci il oktyabr\u0131n 9-da Suriyadan T\u00fcrkiy\u0259y\u0259 ke\u00e7\u0259r\u0259k polis\u0259 t\u0259slim olub. O, h\u0259tta \u0130\u015e\u0130D-in &#171;canl\u0131 bomba\u201d siyah\u0131s\u0131nda olub. \u00dclk\u0259r M\u0259mm\u0259dova bildirib ki, Ankara terrorunu t\u00f6r\u0259d\u0259n Mustafa Dokumac\u0131 2020-ci ild\u0259 z\u0259rb\u0259 PUA-s\u0131 t\u0259r\u0259find\u0259n m\u0259hv edilib.<\/p>\n\n\n\n<p>\u00dclk\u0259r M\u0259mm\u0259dovan\u0131n atas\u0131 \u015eahmurad M\u0259mm\u0259dov ehtiyatda olan polkovnikdir. Terror\u00e7uluqda ittiham olunan az\u0259rbaycanl\u0131 qad\u0131n Az\u0259rbaycanda politologiya ixtisas\u0131na q\u0259bul olsa da, ba\u015f \u00f6rt\u00fcy\u00fc s\u0259b\u0259bind\u0259n universitet\u0259 ged\u0259 bilm\u0259yib. Bu s\u0259b\u0259bd\u0259n oxumaq \u00fc\u00e7\u00fcn T\u00fcrkiy\u0259y\u0259 \u00fcz tutan qad\u0131n Konyan\u0131n S\u0259lcuq Universitetin\u0259 q\u0259bul olub. Burada o, &#171;Facebook&#187;da Mustafa Dokumac\u0131 il\u0259 tan\u0131\u015f olaraq onunla evl\u0259nib v\u0259 \u0130\u015e\u0130D-\u0259 c\u0259lb olunub.<\/p>\n\n\n\n<p><strong>P.S. <\/strong>\u018fmlaklar\u0131na h\u0259bs qoyulanlar aras\u0131nda HDP-nin haz\u0131rda h\u0259bsd\u0259 olan ke\u00e7mi\u015f h\u0259ms\u0259dri S\u0259lah\u0259ttin Demirta\u015f\u0131n b\u00f6y\u00fck qarda\u015f\u0131 N\u00fcr\u0259ddin Demirta\u015f, FET\u00d6\/PDY-n\u0131n haz\u0131rda axtar\u0131\u015fda olan \u0259sas \u015f\u0259xsl\u0259rind\u0259n biri Adil \u00d6ks\u00fcz, Emre Uslu, Tuncay Op\u00e7in, Cevheri G\u00fcven, haz\u0131rda h\u0259bsd\u0259 olan ke\u00e7mi\u015f prokuror Zekeriya \u00d6z, Tar\u0131k Toros v\u0259 Abd\u00fclkerim Balc\u0131 da var.<\/p>\n\n\n\n<p>\u201c\u018fmlaka h\u0259bs qoyulmas\u0131 haqq\u0131nda\u201d q\u0259rara g\u00f6r\u0259, FET\u00d6\/PDY terror t\u0259\u015fkilat\u0131n\u0131n 454, PKK\/KCK terror t\u0259\u015fkilat\u0131n\u0131n 108, dind\u0259n sui-istifad\u0259 ed\u0259n terror t\u0259\u015fkilatlar\u0131n\u0131n 119, sol\u00e7u terror t\u0259\u015fkilatlar\u0131n\u0131n 89 \u00fczv\u00fcn\u00fcn, h\u0259m\u00e7inin 1 v\u0259qfin (\u201cNiaqara\u201d) \u0259mlak\u0131na h\u0259bs qoyulub.<ins><\/ins><\/p>\n\n\n\n<p>Siyah\u0131da 34 ya\u015fl\u0131 az\u0259rbaycanl\u0131 M\u0259mm\u0259dova \u00dclk\u0259r \u015eahmurad q\u0131z\u0131 da var. \u0130\u015e\u0130D \u00fczv\u00fc oldu\u011fu qeyd olunan \u00dc.M\u0259mm\u0259dova Az\u0259rbaycan\u0131n Qubadl\u0131 rayonunda do\u011fulub.<\/p>\n\n\n\n<figure class=\"wp-block-embed is-type-video is-provider-youtube wp-block-embed-youtube wp-embed-aspect-16-9 wp-has-aspect-ratio\"><div class=\"wp-block-embed__wrapper\">\n<iframe loading=\"lazy\" title=\"Az\u0259rbaycanl\u0131 \u0130\u015e\u0130D-\u00e7i qad\u0131n: Polkovnik q\u0131z\u0131, &quot;canl\u0131 bomba&quot;... - O K\u0130MD\u0130R?\" width=\"715\" height=\"402\" src=\"https:\/\/www.youtube.com\/embed\/VUDBuPrpruU?feature=oembed\" frameborder=\"0\" allow=\"accelerometer; autoplay; clipboard-write; encrypted-media; gyroscope; picture-in-picture\" allowfullscreen><\/iframe>\n<\/div><\/figure>\n","protected":false},"excerpt":{"rendered":"<p>T\u00fcrkiy\u0259d\u0259 terror\u00e7uluqda \u015f\u00fcbh\u0259li bilin\u0259n 770 fiziki v\u0259 1 h\u00fcquqi \u015f\u0259xsin \u0259mlak\u0131na h\u0259bs qoyulub. Qaynarinfo x\u0259b\u0259r verir ki, bu bar\u0259d\u0259 \u00f6lk\u0259nin Daxili \u0130\u015fl\u0259r naziri S\u00fcleyman<\/p>\n","protected":false},"author":2,"featured_media":57396,"comment_status":"closed","ping_status":"closed","sticky":false,"template":"","format":"standard","meta":{"footnotes":""},"categories":[6],"tags":[],"class_list":["post-57393","post","type-post","status-publish","format-standard","has-post-thumbnail","hentry","category-arasdirma"],"aioseo_notices":[],"_links":{"self":[{"href":"https:\/\/fedai.az\/index.php?rest_route=\/wp\/v2\/posts\/57393","targetHints":{"allow":["GET"]}}],"collection":[{"href":"https:\/\/fedai.az\/index.php?rest_route=\/wp\/v2\/posts"}],"about":[{"href":"https:\/\/fedai.az\/index.php?rest_route=\/wp\/v2\/types\/post"}],"author":[{"embeddable":true,"href":"https:\/\/fedai.az\/index.php?rest_route=\/wp\/v2\/users\/2"}],"replies":[{"embeddable":true,"href":"https:\/\/fedai.az\/index.php?rest_route=%2Fwp%2Fv2%2Fcomments&post=57393"}],"version-history":[{"count":1,"href":"https:\/\/fedai.az\/index.php?rest_route=\/wp\/v2\/posts\/57393\/revisions"}],"predecessor-version":[{"id":57397,"href":"https:\/\/fedai.az\/index.php?rest_route=\/wp\/v2\/posts\/57393\/revisions\/57397"}],"wp:featuredmedia":[{"embeddable":true,"href":"https:\/\/fedai.az\/index.php?rest_route=\/wp\/v2\/media\/57396"}],"wp:attachment":[{"href":"https:\/\/fedai.az\/index.php?rest_route=%2Fwp%2Fv2%2Fmedia&parent=57393"}],"wp:term":[{"taxonomy":"category","embeddable":true,"href":"https:\/\/fedai.az\/index.php?rest_route=%2Fwp%2Fv2%2Fcategories&post=57393"},{"taxonomy":"post_tag","embeddable":true,"href":"https:\/\/fedai.az\/index.php?rest_route=%2Fwp%2Fv2%2Ftags&post=57393"}],"curies":[{"name":"wp","href":"https:\/\/api.w.org\/{rel}","templated":true}]}}