{"id":57402,"date":"2021-12-24T15:54:42","date_gmt":"2021-12-24T11:54:42","guid":{"rendered":"https:\/\/fedai.az\/?p=57402"},"modified":"2021-12-24T15:54:46","modified_gmt":"2021-12-24T11:54:46","slug":"%c9%99rdogan-ilham-%c9%99liyev%c9%99-z%c9%99ng-etdi","status":"publish","type":"post","link":"https:\/\/fedai.az\/?p=57402","title":{"rendered":"\u018frdo\u011fan \u0130lham \u018fliyev\u0259 z\u0259ng etdi"},"content":{"rendered":"\n<p><strong>Dekabr\u0131n 24-d\u0259 T\u00fcrkiy\u0259 Respublikas\u0131n\u0131n Prezidenti R\u0259c\u0259b Tayyib \u018frdo\u011fan Az\u0259rbaycan Respublikas\u0131n\u0131n Prezidenti \u0130lham \u018fliyev\u0259 telefonla z\u0259ng edib.<\/strong><\/p>\n\n\n\n<p><br>Bu bar\u0259d\u0259 Az\u0259rbaycan Prezidentinin M\u0259tbuat Xidm\u0259ti m\u0259lumat yay\u0131b.<\/p>\n\n\n\n<p><br>T\u00fcrkiy\u0259 Respublikas\u0131n\u0131n Prezidenti R\u0259c\u0259b Tayyib \u018frdo\u011fan Prezident \u0130lham \u018fliyevi yubileyi m\u00fcnasib\u0259til\u0259 t\u0259brik edib, ona Az\u0259rbaycan\u0131n firavanl\u0131\u011f\u0131 v\u0259 inki\u015faf\u0131 namin\u0259 f\u0259aliyy\u0259tind\u0259 yeni-yeni u\u011furlar v\u0259 m\u00f6hk\u0259m cansa\u011fl\u0131\u011f\u0131 arzulay\u0131b.<\/p>\n\n\n\n<p><br>Prezident \u0130lham \u018fliyev g\u00f6st\u0259ril\u0259n diqq\u0259t\u0259 v\u0259 t\u0259brik\u0259 g\u00f6r\u0259 T\u00fcrkiy\u0259 Prezidentin\u0259 minn\u0259tdarl\u0131\u011f\u0131n\u0131 bildirib.<\/p>\n\n\n\n<p><br>D\u00f6vl\u0259t ba\u015f\u00e7\u0131lar\u0131 Az\u0259rbaycan-T\u00fcrkiy\u0259 dostluq v\u0259 qarda\u015fl\u0131q m\u00fcnasib\u0259tl\u0259rinin b\u00fct\u00fcn sah\u0259l\u0259rd\u0259 daim y\u00fcks\u0259l\u0259n x\u0259tl\u0259 inki\u015faf etdiyini vur\u011fulayaraq, \u0259m\u0259kda\u015fl\u0131\u011f\u0131m\u0131z\u0131n bundan sonra da geni\u015fl\u0259n\u0259c\u0259yin\u0259 v\u0259 m\u00f6hk\u0259ml\u0259n\u0259c\u0259yin\u0259 \u0259min olduqlar\u0131n\u0131 bildiribl\u0259r.<\/p>\n\n\n\n<p><br>Telefon s\u00f6hb\u0259ti zaman\u0131 \u0259laq\u0259l\u0259rimizin inki\u015faf perspektivl\u0259ri il\u0259 ba\u011fl\u0131 m\u0259s\u0259l\u0259l\u0259r m\u00fczakir\u0259 edilib.<\/p>\n","protected":false},"excerpt":{"rendered":"<p>Dekabr\u0131n 24-d\u0259 T\u00fcrkiy\u0259 Respublikas\u0131n\u0131n Prezidenti R\u0259c\u0259b Tayyib \u018frdo\u011fan Az\u0259rbaycan Respublikas\u0131n\u0131n Prezidenti \u0130lham \u018fliyev\u0259 telefonla z\u0259ng edib. Bu bar\u0259d\u0259 Az\u0259rbaycan Prezidentinin M\u0259tbuat Xidm\u0259ti m\u0259lumat yay\u0131b.<\/p>\n","protected":false},"author":2,"featured_media":57403,"comment_status":"closed","ping_status":"closed","sticky":false,"template":"","format":"standard","meta":{"footnotes":""},"categories":[3],"tags":[],"class_list":["post-57402","post","type-post","status-publish","format-standard","has-post-thumbnail","hentry","category-gundm"],"aioseo_notices":[],"_links":{"self":[{"href":"https:\/\/fedai.az\/index.php?rest_route=\/wp\/v2\/posts\/57402","targetHints":{"allow":["GET"]}}],"collection":[{"href":"https:\/\/fedai.az\/index.php?rest_route=\/wp\/v2\/posts"}],"about":[{"href":"https:\/\/fedai.az\/index.php?rest_route=\/wp\/v2\/types\/post"}],"author":[{"embeddable":true,"href":"https:\/\/fedai.az\/index.php?rest_route=\/wp\/v2\/users\/2"}],"replies":[{"embeddable":true,"href":"https:\/\/fedai.az\/index.php?rest_route=%2Fwp%2Fv2%2Fcomments&post=57402"}],"version-history":[{"count":1,"href":"https:\/\/fedai.az\/index.php?rest_route=\/wp\/v2\/posts\/57402\/revisions"}],"predecessor-version":[{"id":57404,"href":"https:\/\/fedai.az\/index.php?rest_route=\/wp\/v2\/posts\/57402\/revisions\/57404"}],"wp:featuredmedia":[{"embeddable":true,"href":"https:\/\/fedai.az\/index.php?rest_route=\/wp\/v2\/media\/57403"}],"wp:attachment":[{"href":"https:\/\/fedai.az\/index.php?rest_route=%2Fwp%2Fv2%2Fmedia&parent=57402"}],"wp:term":[{"taxonomy":"category","embeddable":true,"href":"https:\/\/fedai.az\/index.php?rest_route=%2Fwp%2Fv2%2Fcategories&post=57402"},{"taxonomy":"post_tag","embeddable":true,"href":"https:\/\/fedai.az\/index.php?rest_route=%2Fwp%2Fv2%2Ftags&post=57402"}],"curies":[{"name":"wp","href":"https:\/\/api.w.org\/{rel}","templated":true}]}}