{"id":57407,"date":"2021-12-24T16:55:57","date_gmt":"2021-12-24T12:55:57","guid":{"rendered":"https:\/\/fedai.az\/?p=57407"},"modified":"2021-12-24T16:56:00","modified_gmt":"2021-12-24T12:56:00","slug":"komando-briqadasinin-yaradilmasi-bizim-ucun-yenilikdir-ali-bas-komandan","status":"publish","type":"post","link":"https:\/\/fedai.az\/?p=57407","title":{"rendered":"&#171;Komando briqadas\u0131n\u0131n yarad\u0131lmas\u0131 bizim \u00fc\u00e7\u00fcn yenilikdir&#187; &#8212; Ali Ba\u015f Komandan"},"content":{"rendered":"\n<p><strong>&#171;Hadrutdak\u0131 bu h\u0259rbi hiss\u0259d\u0259 yeni h\u0259rbi birl\u0259\u015fm\u0259nin n\u00fcmay\u0259nd\u0259l\u0259ri, komando q\u00fcvv\u0259l\u0259ri yerl\u0259\u015fir. Komando briqadas\u0131n\u0131n yarad\u0131lmas\u0131 bizim \u00fc\u00e7\u00fcn yenilikdir&#187;.<\/strong><\/p>\n\n\n\n<p>Bu bar\u0259d\u0259 Prezident \u0130lham \u018fliyev dekabr\u0131n 24-d\u0259 Hadrutda yeni h\u0259rbi hiss\u0259nin a\u00e7\u0131l\u0131\u015f\u0131nda \u00e7\u0131x\u0131\u015f ed\u0259rk\u0259n bildirib.<\/p>\n\n\n\n<p>\u201cKomando briqadalar\u0131n\u0131n ist\u0259nil\u0259n h\u0259rbi v\u0259zif\u0259ni icra etm\u0259y\u0259 qadir olaca\u011f\u0131n\u0131 vur\u011fulayan d\u00f6vl\u0259t ba\u015f\u00e7\u0131s\u0131 deyib: \u201cY\u00fcks\u0259k t\u0259lim ke\u00e7mi\u015f, y\u00fcks\u0259k irad\u0259 n\u00fcmayi\u015f etdirmi\u015f v\u0259 V\u0259t\u0259n u\u011frunda \u00f6zl\u0259rini f\u0259da etm\u0259y\u0259 haz\u0131r olan \u00f6vladlar\u0131m\u0131z bax bu briqadalarda xidm\u0259t ed\u0259c\u0259k. Bu, bizim ordu g\u00fcc\u00fcm\u00fcz\u00fc b\u00f6y\u00fck d\u0259r\u0259c\u0259d\u0259 art\u0131racaq\u201d.<\/p>\n\n\n\n<p>Prezident qeyd edib ki, bel\u0259 briqadalar \u00e7ox olacaq v\u0259 bel\u0259likl\u0259, Az\u0259rbaycan Ordusu bundan sonra da \u00f6z pe\u015f\u0259karl\u0131\u011f\u0131n\u0131 v\u0259 y\u00fcks\u0259k m\u0259n\u0259vi ruhunu qoruyacaq.<\/p>\n","protected":false},"excerpt":{"rendered":"<p>&#171;Hadrutdak\u0131 bu h\u0259rbi hiss\u0259d\u0259 yeni h\u0259rbi birl\u0259\u015fm\u0259nin n\u00fcmay\u0259nd\u0259l\u0259ri, komando q\u00fcvv\u0259l\u0259ri yerl\u0259\u015fir. Komando briqadas\u0131n\u0131n yarad\u0131lmas\u0131 bizim \u00fc\u00e7\u00fcn yenilikdir&#187;. Bu bar\u0259d\u0259 Prezident \u0130lham \u018fliyev dekabr\u0131n 24-d\u0259<\/p>\n","protected":false},"author":2,"featured_media":57408,"comment_status":"closed","ping_status":"closed","sticky":false,"template":"","format":"standard","meta":{"footnotes":""},"categories":[4],"tags":[],"class_list":["post-57407","post","type-post","status-publish","format-standard","has-post-thumbnail","hentry","category-qarabag"],"aioseo_notices":[],"_links":{"self":[{"href":"https:\/\/fedai.az\/index.php?rest_route=\/wp\/v2\/posts\/57407","targetHints":{"allow":["GET"]}}],"collection":[{"href":"https:\/\/fedai.az\/index.php?rest_route=\/wp\/v2\/posts"}],"about":[{"href":"https:\/\/fedai.az\/index.php?rest_route=\/wp\/v2\/types\/post"}],"author":[{"embeddable":true,"href":"https:\/\/fedai.az\/index.php?rest_route=\/wp\/v2\/users\/2"}],"replies":[{"embeddable":true,"href":"https:\/\/fedai.az\/index.php?rest_route=%2Fwp%2Fv2%2Fcomments&post=57407"}],"version-history":[{"count":1,"href":"https:\/\/fedai.az\/index.php?rest_route=\/wp\/v2\/posts\/57407\/revisions"}],"predecessor-version":[{"id":57409,"href":"https:\/\/fedai.az\/index.php?rest_route=\/wp\/v2\/posts\/57407\/revisions\/57409"}],"wp:featuredmedia":[{"embeddable":true,"href":"https:\/\/fedai.az\/index.php?rest_route=\/wp\/v2\/media\/57408"}],"wp:attachment":[{"href":"https:\/\/fedai.az\/index.php?rest_route=%2Fwp%2Fv2%2Fmedia&parent=57407"}],"wp:term":[{"taxonomy":"category","embeddable":true,"href":"https:\/\/fedai.az\/index.php?rest_route=%2Fwp%2Fv2%2Fcategories&post=57407"},{"taxonomy":"post_tag","embeddable":true,"href":"https:\/\/fedai.az\/index.php?rest_route=%2Fwp%2Fv2%2Ftags&post=57407"}],"curies":[{"name":"wp","href":"https:\/\/api.w.org\/{rel}","templated":true}]}}