{"id":57412,"date":"2021-12-24T20:16:58","date_gmt":"2021-12-24T16:16:58","guid":{"rendered":"https:\/\/fedai.az\/?p=57412"},"modified":"2021-12-24T20:17:28","modified_gmt":"2021-12-24T16:17:28","slug":"ilham-%c9%99liyev-mehriban-%c9%99liyeva-v%c9%99-ail%c9%99-uzvl%c9%99ri-susada","status":"publish","type":"post","link":"https:\/\/fedai.az\/?p=57412","title":{"rendered":"\u0130lham \u018fliyev, Mehriban \u018fliyeva v\u0259 ail\u0259 \u00fczvl\u0259ri \u015eu\u015fada"},"content":{"rendered":"\n<p><strong>Az\u0259rbaycan Respublikas\u0131n\u0131n Prezidenti \u0130lham \u018fliyev, birinci xan\u0131m Mehriban \u018fliyeva v\u0259 ail\u0259 \u00fczvl\u0259ri dekabr 24-d\u0259 Hadrut q\u0259s\u0259b\u0259sin\u0259 s\u0259f\u0259rd\u0259n sonra \u015eu\u015fa \u015f\u0259h\u0259rin\u0259 g\u0259ldil\u0259r.<\/strong><\/p>\n\n\n\n<p><br>D\u00f6vl\u0259t ba\u015f\u00e7\u0131s\u0131, birinci xan\u0131m v\u0259 ail\u0259 \u00fczvl\u0259ri Yuxar\u0131 G\u00f6vh\u0259ra\u011fa m\u0259scidini ziyar\u0259t etdil\u0259r.<\/p>\n","protected":false},"excerpt":{"rendered":"<p>Az\u0259rbaycan Respublikas\u0131n\u0131n Prezidenti \u0130lham \u018fliyev, birinci xan\u0131m Mehriban \u018fliyeva v\u0259 ail\u0259 \u00fczvl\u0259ri dekabr 24-d\u0259 Hadrut q\u0259s\u0259b\u0259sin\u0259 s\u0259f\u0259rd\u0259n sonra \u015eu\u015fa \u015f\u0259h\u0259rin\u0259 g\u0259ldil\u0259r. D\u00f6vl\u0259t ba\u015f\u00e7\u0131s\u0131, birinci<\/p>\n","protected":false},"author":2,"featured_media":57413,"comment_status":"closed","ping_status":"closed","sticky":false,"template":"","format":"standard","meta":{"footnotes":""},"categories":[4],"tags":[],"class_list":["post-57412","post","type-post","status-publish","format-standard","has-post-thumbnail","hentry","category-qarabag"],"aioseo_notices":[],"_links":{"self":[{"href":"https:\/\/fedai.az\/index.php?rest_route=\/wp\/v2\/posts\/57412","targetHints":{"allow":["GET"]}}],"collection":[{"href":"https:\/\/fedai.az\/index.php?rest_route=\/wp\/v2\/posts"}],"about":[{"href":"https:\/\/fedai.az\/index.php?rest_route=\/wp\/v2\/types\/post"}],"author":[{"embeddable":true,"href":"https:\/\/fedai.az\/index.php?rest_route=\/wp\/v2\/users\/2"}],"replies":[{"embeddable":true,"href":"https:\/\/fedai.az\/index.php?rest_route=%2Fwp%2Fv2%2Fcomments&post=57412"}],"version-history":[{"count":1,"href":"https:\/\/fedai.az\/index.php?rest_route=\/wp\/v2\/posts\/57412\/revisions"}],"predecessor-version":[{"id":57414,"href":"https:\/\/fedai.az\/index.php?rest_route=\/wp\/v2\/posts\/57412\/revisions\/57414"}],"wp:featuredmedia":[{"embeddable":true,"href":"https:\/\/fedai.az\/index.php?rest_route=\/wp\/v2\/media\/57413"}],"wp:attachment":[{"href":"https:\/\/fedai.az\/index.php?rest_route=%2Fwp%2Fv2%2Fmedia&parent=57412"}],"wp:term":[{"taxonomy":"category","embeddable":true,"href":"https:\/\/fedai.az\/index.php?rest_route=%2Fwp%2Fv2%2Fcategories&post=57412"},{"taxonomy":"post_tag","embeddable":true,"href":"https:\/\/fedai.az\/index.php?rest_route=%2Fwp%2Fv2%2Ftags&post=57412"}],"curies":[{"name":"wp","href":"https:\/\/api.w.org\/{rel}","templated":true}]}}