{"id":57426,"date":"2021-12-25T00:32:52","date_gmt":"2021-12-24T20:32:52","guid":{"rendered":"https:\/\/fedai.az\/?p=57426"},"modified":"2021-12-25T00:33:07","modified_gmt":"2021-12-24T20:33:07","slug":"b%c9%99li-erm%c9%99ni-tanklari-g%c9%99ldi-bakiya-onlari-biz-g%c9%99tirdik-prezident","status":"publish","type":"post","link":"https:\/\/fedai.az\/?p=57426","title":{"rendered":"&#171;B\u0259li, erm\u0259ni tanklar\u0131 g\u0259ldi Bak\u0131ya, onlar\u0131 biz g\u0259tirdik&#187; &#8212; Prezident"},"content":{"rendered":"\n<p><strong>\u201c\u0130\u015f\u011fal d\u00f6vr\u00fcnd\u0259 erm\u0259nil\u0259r bizim b\u00fct\u00fcn \u015f\u0259h\u0259r v\u0259 k\u0259ndl\u0259rimizi da\u011f\u0131d\u0131blar. Bizim tarixi, dini abid\u0259l\u0259rimizi da\u011f\u0131d\u0131blar, t\u0259hqir edibl\u0259r, xalq\u0131m\u0131z, ordumuz haqq\u0131nda a\u015fa\u011f\u0131lay\u0131c\u0131 ifad\u0259l\u0259r i\u015fl\u0259dibl\u0259r. H\u0259tta deyirdil\u0259r ki, Erm\u0259nistan \u201cyeni torpaqlar u\u011frunda yeni m\u00fcharib\u0259\u201dy\u0259 haz\u0131rla\u015f\u0131r\u201d.<\/strong><br><br>Bu bar\u0259d\u0259 Prezident \u0130lham \u018fliyev dekabr\u0131n 24-d\u0259 Hadrutda yeni h\u0259rbi hiss\u0259nin a\u00e7\u0131l\u0131\u015f\u0131nda \u00e7\u0131x\u0131\u015f ed\u0259rk\u0259n bildirib.<\/p>\n\n\n\n<p>\u201cDeyirdil\u0259r ki, \u0259g\u0259r m\u00fcharib\u0259 ba\u015flayarsa erm\u0259ni tanklar\u0131 Bak\u0131n\u0131n k\u00fc\u00e7\u0259l\u0259rind\u0259 olacaq. B\u00fct\u00fcn bu t\u0259k\u0259bb\u00fcrl\u00fc ifad\u0259l\u0259rin ham\u0131s\u0131 zibil ye\u015fiyin\u0259 at\u0131ld\u0131. B\u0259li, erm\u0259ni tanklar\u0131 g\u0259ldi Bak\u0131ya, onlar\u0131 biz g\u0259tirdik. Azadl\u0131q meydan\u0131nda h\u0259rbi paradda, Q\u0259l\u0259b\u0259 parad\u0131nda onlar\u0131 n\u00fcmayi\u015f etdirdik. Bu g\u00fcn onlar Az\u0259rbaycan Ordusunun g\u00fcc\u00fcn\u00fcn v\u0259 Erm\u0259nistan ordusunun m\u0259\u011flubiyy\u0259tinin t\u0259zah\u00fcr\u00fc kimi H\u0259rbi Q\u0259nim\u0259tl\u0259r Park\u0131nda n\u00fcmayi\u015f etdirilir. Biz bundan sonra h\u0259mi\u015f\u0259 m\u00fcz\u0259ff\u0259r xalq v\u0259 qalib d\u00f6vl\u0259t kimi ya\u015fayaca\u011f\u0131q\u201d, &#8212; d\u00f6vl\u0259t ba\u015f\u00e7\u0131s\u0131 vur\u011fulay\u0131b.<\/p>\n","protected":false},"excerpt":{"rendered":"<p>\u201c\u0130\u015f\u011fal d\u00f6vr\u00fcnd\u0259 erm\u0259nil\u0259r bizim b\u00fct\u00fcn \u015f\u0259h\u0259r v\u0259 k\u0259ndl\u0259rimizi da\u011f\u0131d\u0131blar. Bizim tarixi, dini abid\u0259l\u0259rimizi da\u011f\u0131d\u0131blar, t\u0259hqir edibl\u0259r, xalq\u0131m\u0131z, ordumuz haqq\u0131nda a\u015fa\u011f\u0131lay\u0131c\u0131 ifad\u0259l\u0259r i\u015fl\u0259dibl\u0259r. H\u0259tta deyirdil\u0259r<\/p>\n","protected":false},"author":2,"featured_media":57427,"comment_status":"closed","ping_status":"closed","sticky":false,"template":"","format":"standard","meta":{"footnotes":""},"categories":[3],"tags":[],"class_list":["post-57426","post","type-post","status-publish","format-standard","has-post-thumbnail","hentry","category-gundm"],"aioseo_notices":[],"_links":{"self":[{"href":"https:\/\/fedai.az\/index.php?rest_route=\/wp\/v2\/posts\/57426","targetHints":{"allow":["GET"]}}],"collection":[{"href":"https:\/\/fedai.az\/index.php?rest_route=\/wp\/v2\/posts"}],"about":[{"href":"https:\/\/fedai.az\/index.php?rest_route=\/wp\/v2\/types\/post"}],"author":[{"embeddable":true,"href":"https:\/\/fedai.az\/index.php?rest_route=\/wp\/v2\/users\/2"}],"replies":[{"embeddable":true,"href":"https:\/\/fedai.az\/index.php?rest_route=%2Fwp%2Fv2%2Fcomments&post=57426"}],"version-history":[{"count":1,"href":"https:\/\/fedai.az\/index.php?rest_route=\/wp\/v2\/posts\/57426\/revisions"}],"predecessor-version":[{"id":57428,"href":"https:\/\/fedai.az\/index.php?rest_route=\/wp\/v2\/posts\/57426\/revisions\/57428"}],"wp:featuredmedia":[{"embeddable":true,"href":"https:\/\/fedai.az\/index.php?rest_route=\/wp\/v2\/media\/57427"}],"wp:attachment":[{"href":"https:\/\/fedai.az\/index.php?rest_route=%2Fwp%2Fv2%2Fmedia&parent=57426"}],"wp:term":[{"taxonomy":"category","embeddable":true,"href":"https:\/\/fedai.az\/index.php?rest_route=%2Fwp%2Fv2%2Fcategories&post=57426"},{"taxonomy":"post_tag","embeddable":true,"href":"https:\/\/fedai.az\/index.php?rest_route=%2Fwp%2Fv2%2Ftags&post=57426"}],"curies":[{"name":"wp","href":"https:\/\/api.w.org\/{rel}","templated":true}]}}