{"id":57432,"date":"2021-12-25T00:47:14","date_gmt":"2021-12-24T20:47:14","guid":{"rendered":"https:\/\/fedai.az\/?p=57432"},"modified":"2021-12-25T00:47:17","modified_gmt":"2021-12-24T20:47:17","slug":"qarabag-iqtisadi-rayonu-uzr%c9%99-xususi-numay%c9%99nd%c9%99liyin-q%c9%99rargahi-istifad%c9%99y%c9%99-verilib","status":"publish","type":"post","link":"https:\/\/fedai.az\/?p=57432","title":{"rendered":"Qaraba\u011f iqtisadi rayonu \u00fczr\u0259 x\u00fcsusi n\u00fcmay\u0259nd\u0259liyin q\u0259rargah\u0131 istifad\u0259y\u0259 verilib"},"content":{"rendered":"\n<p><strong>Qaraba\u011f \u0130qtisadi rayonuna daxil olan i\u015f\u011faldan azad edilmi\u015f \u0259razil\u0259rd\u0259 Az\u0259rbaycan Respublikas\u0131 Prezidentinin X\u00fcsusi N\u00fcmay\u0259nd\u0259liyinin Q\u0259rargah\u0131 A\u011fdam rayonunda yerl\u0259\u015fir v\u0259 \u0259n son \u201ca\u011f\u0131ll\u0131\u201d texnologiyalar \u0259sas\u0131nda tikilib.<\/strong><br><br>X\u00fcsusi N\u00fcmay\u0259nd\u0259likd\u0259n AZ\u018fRTAC-\u0131n b\u00f6lg\u0259 m\u00fcxbirin\u0259 bildirilib ki, \u00fcmumilikd\u0259 1 hektar sah\u0259ni \u0259hat\u0259 ed\u0259n m\u00fcv\u0259qq\u0259ti q\u0259rargah\u0131n \u0259razisi \u201cCamp\u201d v\u0259 \u201c\u0130nzibati \u0259razi\u201d olaraq ikiy\u0259 ayr\u0131l\u0131b v\u0259 in\u015fas\u0131 \u0259sas\u0259n ya\u015fay\u0131\u015f, ia\u015f\u0259, inzibati, sa\u011flaml\u0131q, \u201csmart camp\u201d idar\u0259etm\u0259 sistemi, alternativ enerji sah\u0259l\u0259ri kimi 6 komponent \u00fczr\u0259 icra edilib.<br><br>Q\u0259rargahda tam izolyasiya olunmu\u015f v\u0259 innovativ tikinti materiallar\u0131ndan istifad\u0259 olunmaqla, q\u0131sa zaman \u0259rzind\u0259, y\u00fcks\u0259kkeyfiyy\u0259tli modul tipli isti v\u0259 soyu\u011fa davaml\u0131, 1, 2, 3 v\u0259 4 otaql\u0131, ekoloji f\u0259rdi ya\u015fay\u0131\u015f evl\u0259ri v\u0259 inzibati binalar\u0131n in\u015fas\u0131 h\u0259yata ke\u00e7irilib. \u0130nzibati binan\u0131n 1-ci m\u0259rt\u0259b\u0259si m\u00fcasir t\u0259l\u0259bl\u0259r\u0259 cavab ver\u0259n ofis sah\u0259si, g\u00f6zl\u0259m\u0259 zal\u0131 v\u0259 16 n\u0259f\u0259rin eyni anda qidalana bil\u0259c\u0259yi m\u00fcasir tipli m\u0259tb\u0259x v\u0259 yem\u0259kxanadan, 2-ci m\u0259rt\u0259b\u0259si is\u0259 tam t\u0259chizatl\u0131 13 n\u0259f\u0259rlik yataq otaqlar\u0131ndan ibar\u0259tdir.<br><br>Bundan \u0259lav\u0259 \u0259razid\u0259 q\u0259rargah sah\u0259sinin v\u0259 sakinl\u0259rin t\u0259hl\u00fck\u0259sizliyinin t\u0259min edilm\u0259si m\u0259qs\u0259dil\u0259 24 saatl\u0131q m\u00fchafiz\u0259 v\u0259 m\u00fcasir kamera m\u00fc\u015fahid\u0259 m\u0259nt\u0259q\u0259si, fiziki sa\u011flaml\u0131q \u00fc\u00e7\u00fcn a\u00e7\u0131q v\u0259 qapal\u0131 idman zallar\u0131, futbol, basketbol v\u0259 voleybol meydan\u00e7alar\u0131, t\u0259cili tibbi m\u00fcayin\u0259 v\u0259 m\u00fcalic\u0259 \u00fc\u00e7\u00fcn tibb m\u0259nt\u0259q\u0259si, m\u00fcxt\u0259lif t\u0259dbir v\u0259 iclaslar\u0131n ke\u00e7irilm\u0259si \u00fc\u00e7\u00fcn iclas zal\u0131, daxili v\u0259 xarici avtomobil dayanacaqlar\u0131 tikilib.<\/p>\n\n\n\n<p>M\u00fcasir \u015f\u0259h\u0259rsalma standartlar\u0131n\u0131n t\u0259tbiq olunmas\u0131 il\u0259 in\u015fa olunan q\u0259rargah sah\u0259sind\u0259ki binalar\u0131n b\u00fct\u00fcn daxili m\u00fch\u0259ndis kommunikasiya, isitm\u0259 sisteml\u0259rinin a\u011f\u0131ll\u0131 texnologiyalar \u0259sas\u0131nda qurulmas\u0131 il\u0259 yana\u015f\u0131 alternativ enerji m\u0259nb\u0259l\u0259ri il\u0259 t\u0259min edilm\u0259si, daxili v\u0259 xarici yollar\u0131n \u201ca\u011f\u0131ll\u0131\u201d i\u015f\u0131qland\u0131r\u0131lmas\u0131, m\u0259i\u015f\u0259t tullant\u0131lar\u0131n\u0131n idar\u0259 olunmas\u0131, g\u00fcn\u0259\u015f panell\u0259rind\u0259n v\u0259 bioqaz enerjisind\u0259n istifad\u0259 olunmas\u0131 kimi amill\u0259r d\u0259 tikinti konsepsiyas\u0131na daxil edilib.<\/p>\n\n\n\n<p>Bunlardan \u0259lav\u0259 q\u0259rargah\u0131n land\u015faft dizayn\u0131na uy\u011fun olaraq, \u0259razinin ya\u015f\u0131lla\u015fd\u0131r\u0131lmas\u0131 zaman\u0131 flora v\u0259 iqlim m\u00fchitini d\u0259 diqq\u0259t\u0259 alaraq \u0259raziy\u0259 uy\u011fun bitki v\u0259 a\u011faclara \u00fcst\u00fcnl\u00fck verilib. D\u00fc\u015f\u0259rg\u0259nin ya\u015f\u0131lla\u015fd\u0131r\u0131lma konsepsiyas\u0131nda \u0259razid\u0259ki m\u00f6vcud bitki v\u0259 a\u011faclar\u0131n da qorunub saxlan\u0131lmas\u0131 il\u0259 yana\u015f\u0131, ilin h\u0259r f\u0259slin\u0259 uy\u011fun 30-dan \u00e7ox adda \u0259lav\u0259 a\u011fac v\u0259 bitki kollar\u0131 da \u0259kil\u0259r\u0259k, \u00fcmumilikd\u0259 3300 kvadratmetr \u0259razid\u0259 ya\u015f\u0131ll\u0131q sah\u0259si sal\u0131n\u0131b. Burada ya\u015f\u0131ll\u0131qlar\u0131n suvar\u0131lmas\u0131 \u00fc\u00e7\u00fcn m\u00fcasir sisteml\u0259r\u0259 uy\u011fun olaraq 3500 metr sah\u0259d\u0259 avtomatla\u015fd\u0131r\u0131lm\u0131\u015f damc\u0131lama v\u0259 \u00e7il\u0259m\u0259 sisteml\u0259ri t\u0259tbiq edilib.<\/p>\n\n\n\n<p>Q\u0259rargah\u0131n avtomobil yollar\u0131na v\u0259 dayanacaqlar\u0131na asfalt \u00f6rt\u00fcy\u00fc \u00e7\u0259kilib, daxili piyada yollar\u0131 is\u0259 m\u00fcasir g\u00f6r\u00fcn\u00fc\u015fl\u00fc, \u0259n son texnologiyalarla presl\u0259nmi\u015f tamet da\u015flar\u0131 il\u0259 d\u00f6\u015f\u0259nib.<\/p>\n\n\n\n<p>\u0130nzibati \u0259razinin tam m\u0259rk\u0259zind\u0259 h\u00fcnd\u00fcrl\u00fcy\u00fc 9 metr olmaqla \u00fc\u00e7 dir\u0259kd\u0259n ibar\u0259t m\u00fcasir g\u00f6r\u00fcn\u00fc\u015fl\u00fc Bayraq Meydan\u0131 tikilib v\u0259 \u0259traf\u0131 abadla\u015fd\u0131r\u0131laraq \u0259n son texnologiyalarla i\u015f\u0131qland\u0131r\u0131l\u0131b.<\/p>\n\n\n\n<p>Qaraba\u011f \u0130qtisadi rayonuna daxil olan i\u015f\u011faldan azad edilmi\u015f \u0259razil\u0259rd\u0259 Az\u0259rbaycan Respublikas\u0131 Prezidentinin X\u00fcsusi N\u00fcmay\u0259nd\u0259liyinin Q\u0259rargah\u0131 art\u0131q istifad\u0259y\u0259 verilib.<\/p>\n","protected":false},"excerpt":{"rendered":"<p>Qaraba\u011f \u0130qtisadi rayonuna daxil olan i\u015f\u011faldan azad edilmi\u015f \u0259razil\u0259rd\u0259 Az\u0259rbaycan Respublikas\u0131 Prezidentinin X\u00fcsusi N\u00fcmay\u0259nd\u0259liyinin Q\u0259rargah\u0131 A\u011fdam rayonunda yerl\u0259\u015fir v\u0259 \u0259n son \u201ca\u011f\u0131ll\u0131\u201d texnologiyalar \u0259sas\u0131nda<\/p>\n","protected":false},"author":2,"featured_media":57433,"comment_status":"closed","ping_status":"closed","sticky":false,"template":"","format":"standard","meta":{"footnotes":""},"categories":[4],"tags":[],"class_list":["post-57432","post","type-post","status-publish","format-standard","has-post-thumbnail","hentry","category-qarabag"],"aioseo_notices":[],"_links":{"self":[{"href":"https:\/\/fedai.az\/index.php?rest_route=\/wp\/v2\/posts\/57432","targetHints":{"allow":["GET"]}}],"collection":[{"href":"https:\/\/fedai.az\/index.php?rest_route=\/wp\/v2\/posts"}],"about":[{"href":"https:\/\/fedai.az\/index.php?rest_route=\/wp\/v2\/types\/post"}],"author":[{"embeddable":true,"href":"https:\/\/fedai.az\/index.php?rest_route=\/wp\/v2\/users\/2"}],"replies":[{"embeddable":true,"href":"https:\/\/fedai.az\/index.php?rest_route=%2Fwp%2Fv2%2Fcomments&post=57432"}],"version-history":[{"count":1,"href":"https:\/\/fedai.az\/index.php?rest_route=\/wp\/v2\/posts\/57432\/revisions"}],"predecessor-version":[{"id":57434,"href":"https:\/\/fedai.az\/index.php?rest_route=\/wp\/v2\/posts\/57432\/revisions\/57434"}],"wp:featuredmedia":[{"embeddable":true,"href":"https:\/\/fedai.az\/index.php?rest_route=\/wp\/v2\/media\/57433"}],"wp:attachment":[{"href":"https:\/\/fedai.az\/index.php?rest_route=%2Fwp%2Fv2%2Fmedia&parent=57432"}],"wp:term":[{"taxonomy":"category","embeddable":true,"href":"https:\/\/fedai.az\/index.php?rest_route=%2Fwp%2Fv2%2Fcategories&post=57432"},{"taxonomy":"post_tag","embeddable":true,"href":"https:\/\/fedai.az\/index.php?rest_route=%2Fwp%2Fv2%2Ftags&post=57432"}],"curies":[{"name":"wp","href":"https:\/\/api.w.org\/{rel}","templated":true}]}}