{"id":57435,"date":"2021-12-25T00:56:22","date_gmt":"2021-12-24T20:56:22","guid":{"rendered":"https:\/\/fedai.az\/?p=57435"},"modified":"2021-12-25T00:56:25","modified_gmt":"2021-12-24T20:56:25","slug":"haber-global-ilham-%c9%99liyev-haqqinda-s%c9%99n%c9%99dli-film-hazirladi-bir-bas-komandanin-hekay%c9%99si","status":"publish","type":"post","link":"https:\/\/fedai.az\/?p=57435","title":{"rendered":"\u201cHaber Global\u201d \u0130lham \u018fliyev haqq\u0131nda s\u0259n\u0259dli film haz\u0131rlad\u0131: \u201cBir Ba\u015f Komandan\u0131n hekay\u0259si\u201d"},"content":{"rendered":"\n<p><strong>T\u00fcrkiy\u0259nin n\u00fcfuzlu &#171;Haber Global\u201d telekanal\u0131 Az\u0259rbaycan Prezidenti \u0130lham \u018fliyevin 60 illik yubileyi m\u00fcnasib\u0259til\u0259 s\u0259n\u0259dli film haz\u0131rlay\u0131b.<\/strong><\/p>\n\n\n\n<p><br>&#171;Bir Ba\u015f Komandan\u0131n hekay\u0259si\u201d adlanan filmd\u0259 b\u00f6lg\u0259 tarixind\u0259 ba\u015f ver\u0259n \u00f6n\u0259mli hadis\u0259l\u0259r\u0259 100 il \u00f6nc\u0259d\u0259n ba\u015flayaraq n\u0259z\u0259r sal\u0131n\u0131r.<\/p>\n\n\n\n<p>Ekran \u0259s\u0259rind\u0259 Az\u0259rbaycan\u0131n \u00dcmummilli Lideri Heyd\u0259r \u018fliyevin d\u00f6vl\u0259t quruculu\u011fundak\u0131 m\u00fcst\u0259sna xidm\u0259tl\u0259ri qeyd olunur.<\/p>\n\n\n\n<p><br>H\u0259m\u00e7inin, Az\u0259rbaycan d\u00f6vl\u0259tinin m\u00fcst\u0259qilliyinin m\u00f6hk\u0259ml\u0259nm\u0259si v\u0259 daha da dir\u00e7\u0259lm\u0259sinin m\u0259hz onun davam\u00e7\u0131s\u0131 \u0130lham \u018fliyevin ad\u0131yla ba\u011fl\u0131 oldu\u011fu bildirilir.<\/p>\n\n\n\n<p>Filmd\u0259 Ali Ba\u015f Komandan\u0131n r\u0259hb\u0259rliyil\u0259 ordumuzun 44 g\u00fcnl\u00fck V\u0259t\u0259n m\u00fcharib\u0259sind\u0259 q\u0259l\u0259b\u0259 qazanmas\u0131 v\u0259 torpaqlar\u0131m\u0131z\u0131 i\u015f\u011faldan azad etm\u0259sin\u0259 x\u00fcsusi yer verilir.<\/p>\n\n\n\n<p><br>Daha \u0259trafl\u0131 &#171;Haber Global\u201d\u0131n &#171;Bir Ba\u015f Komandan\u0131n hekay\u0259si\u201d s\u0259n\u0259dli filmind\u0259:<\/p>\n\n\n\n<figure class=\"wp-block-embed is-type-video is-provider-youtube wp-block-embed-youtube wp-embed-aspect-16-9 wp-has-aspect-ratio\"><div class=\"wp-block-embed__wrapper\">\n<iframe loading=\"lazy\" title=\"Bir Ba\u015fkomutan&#039;\u0131n hikayesi - \u0130lham Aliyev\" width=\"715\" height=\"402\" src=\"https:\/\/www.youtube.com\/embed\/hIEK896GoH0?feature=oembed\" frameborder=\"0\" allow=\"accelerometer; autoplay; clipboard-write; encrypted-media; gyroscope; picture-in-picture\" allowfullscreen><\/iframe>\n<\/div><\/figure>\n","protected":false},"excerpt":{"rendered":"<p>T\u00fcrkiy\u0259nin n\u00fcfuzlu &#171;Haber Global\u201d telekanal\u0131 Az\u0259rbaycan Prezidenti \u0130lham \u018fliyevin 60 illik yubileyi m\u00fcnasib\u0259til\u0259 s\u0259n\u0259dli film haz\u0131rlay\u0131b. &#171;Bir Ba\u015f Komandan\u0131n hekay\u0259si\u201d adlanan filmd\u0259 b\u00f6lg\u0259 tarixind\u0259<\/p>\n","protected":false},"author":2,"featured_media":57436,"comment_status":"closed","ping_status":"closed","sticky":false,"template":"","format":"standard","meta":{"footnotes":""},"categories":[3],"tags":[],"class_list":["post-57435","post","type-post","status-publish","format-standard","has-post-thumbnail","hentry","category-gundm"],"aioseo_notices":[],"_links":{"self":[{"href":"https:\/\/fedai.az\/index.php?rest_route=\/wp\/v2\/posts\/57435","targetHints":{"allow":["GET"]}}],"collection":[{"href":"https:\/\/fedai.az\/index.php?rest_route=\/wp\/v2\/posts"}],"about":[{"href":"https:\/\/fedai.az\/index.php?rest_route=\/wp\/v2\/types\/post"}],"author":[{"embeddable":true,"href":"https:\/\/fedai.az\/index.php?rest_route=\/wp\/v2\/users\/2"}],"replies":[{"embeddable":true,"href":"https:\/\/fedai.az\/index.php?rest_route=%2Fwp%2Fv2%2Fcomments&post=57435"}],"version-history":[{"count":1,"href":"https:\/\/fedai.az\/index.php?rest_route=\/wp\/v2\/posts\/57435\/revisions"}],"predecessor-version":[{"id":57437,"href":"https:\/\/fedai.az\/index.php?rest_route=\/wp\/v2\/posts\/57435\/revisions\/57437"}],"wp:featuredmedia":[{"embeddable":true,"href":"https:\/\/fedai.az\/index.php?rest_route=\/wp\/v2\/media\/57436"}],"wp:attachment":[{"href":"https:\/\/fedai.az\/index.php?rest_route=%2Fwp%2Fv2%2Fmedia&parent=57435"}],"wp:term":[{"taxonomy":"category","embeddable":true,"href":"https:\/\/fedai.az\/index.php?rest_route=%2Fwp%2Fv2%2Fcategories&post=57435"},{"taxonomy":"post_tag","embeddable":true,"href":"https:\/\/fedai.az\/index.php?rest_route=%2Fwp%2Fv2%2Ftags&post=57435"}],"curies":[{"name":"wp","href":"https:\/\/api.w.org\/{rel}","templated":true}]}}