{"id":57438,"date":"2021-12-25T01:00:30","date_gmt":"2021-12-24T21:00:30","guid":{"rendered":"https:\/\/fedai.az\/?p=57438"},"modified":"2021-12-25T01:19:24","modified_gmt":"2021-12-24T21:19:24","slug":"prezident-ilham-%c9%99liyev-susanin-m%c9%99shur-cidir-duzund%c9%99-cixis-edib","status":"publish","type":"post","link":"https:\/\/fedai.az\/?p=57438","title":{"rendered":"Prezident \u0130lham \u018fliyev \u015eu\u015fan\u0131n m\u0259\u015fhur C\u0131d\u0131r d\u00fcz\u00fcnd\u0259 \u00e7\u0131x\u0131\u015f edib"},"content":{"rendered":"\n<p><strong>Az\u0259rbaycan Respublikas\u0131n\u0131n Prezidenti \u0130lham \u018fliyev, birinci xan\u0131m Mehriban \u018fliyeva v\u0259 ail\u0259 \u00fczvl\u0259ri dekabr\u0131n 24-d\u0259 Hadrut q\u0259s\u0259b\u0259sin\u0259 s\u0259f\u0259rd\u0259n sonra \u015eu\u015fa \u015f\u0259h\u0259rin\u0259 g\u0259libl\u0259r.<\/strong><\/p>\n\n\n\n<p>D\u00f6vl\u0259timizin ba\u015f\u00e7\u0131s\u0131, birinci xan\u0131m v\u0259 ail\u0259 \u00fczvl\u0259ri Yuxar\u0131 G\u00f6vh\u0259r A\u011fa m\u0259scidini ziyar\u0259t edibl\u0259r.<\/p>\n\n\n\n<p>Sonra Prezident \u0130lham \u018fliyev \u015eu\u015fan\u0131n m\u0259\u015fhur C\u0131d\u0131r d\u00fcz\u00fcnd\u0259 \u00e7\u0131x\u0131\u015f edib.<\/p>\n\n\n\n<figure class=\"wp-block-image size-large\"><img loading=\"lazy\" decoding=\"async\" width=\"1024\" height=\"700\" src=\"https:\/\/fedai.az\/wp-content\/uploads\/2021\/12\/006-1024x700.jpg\" alt=\"\" class=\"wp-image-57441\" srcset=\"https:\/\/fedai.az\/wp-content\/uploads\/2021\/12\/006-1024x700.jpg 1024w, https:\/\/fedai.az\/wp-content\/uploads\/2021\/12\/006-300x205.jpg 300w, https:\/\/fedai.az\/wp-content\/uploads\/2021\/12\/006-150x103.jpg 150w, https:\/\/fedai.az\/wp-content\/uploads\/2021\/12\/006-768x525.jpg 768w, https:\/\/fedai.az\/wp-content\/uploads\/2021\/12\/006.jpg 1340w\" sizes=\"auto, (max-width: 1024px) 100vw, 1024px\" \/><\/figure>\n\n\n\n<p>-Son g\u00fcnl\u0259r \u0259rzind\u0259 m\u0259n\u0259 \u00e7oxlu t\u0259brik m\u0259ktublar\u0131 g\u0259lir, t\u0259brikl\u0259r g\u0259lir, h\u0259m xaricd\u0259n h\u0259mkarlar\u0131mdan, m\u00fcxt\u0259lif \u00f6lk\u0259l\u0259rin d\u00f6vl\u0259t v\u0259 h\u00f6kum\u0259t ba\u015f\u00e7\u0131lar\u0131ndan, xaricd\u0259 ya\u015fayan az\u0259rbaycanl\u0131lardan, t\u0259bii ki, \u00f6lk\u0259 v\u0259t\u0259nda\u015flar\u0131ndan. M\u0259n b\u00fct\u00fcn insanlara &#8212; m\u0259n\u0259 xo\u015f s\u00f6zl\u0259r \u00fcnvanlayan, t\u0259brik ed\u0259n insanlara \u00f6z t\u0259\u015f\u0259kk\u00fcr\u00fcm\u00fc bildirm\u0259k ist\u0259yir\u0259m. X\u00fcsusil\u0259 Az\u0259rbaycan xalq\u0131na \u00f6z t\u0259\u015f\u0259kk\u00fcr\u00fcm\u00fc bildirm\u0259k ist\u0259yir\u0259m, h\u0259m t\u0259brikl\u0259r\u0259 g\u00f6r\u0259, h\u0259m d\u0259 m\u0259n\u0259 g\u00f6st\u0259ril\u0259n d\u0259st\u0259y\u0259 g\u00f6r\u0259. M\u0259n bu d\u0259st\u0259yi 2003-c\u00fc ild\u0259n &#8212; Prezident v\u0259zif\u0259sin\u0259 ilk d\u0259f\u0259 se\u00e7il\u0259nd\u0259n bu g\u00fcn\u0259 q\u0259d\u0259r hiss edir\u0259m. Bu d\u0259st\u0259k m\u0259n\u0259 g\u00fcc verir. Bu d\u0259st\u0259k irad\u0259mi m\u00f6hk\u0259ml\u0259ndirir. Bu d\u0259st\u0259k n\u0259tic\u0259sind\u0259 biz ham\u0131m\u0131z \u2013 b\u00fct\u00fcn Az\u0259rbaycan xalq\u0131 b\u00f6y\u00fck tarixi u\u011furlara imza atm\u0131\u015f\u0131q.<\/p>\n\n\n\n<p>M\u0259n h\u0259mi\u015f\u0259 deyirdim ki, g\u00fcn g\u0259l\u0259c\u0259k, i\u015f\u011fal alt\u0131ndak\u0131 torpaqlar\u0131m\u0131z azad edil\u0259c\u0259k, biz bu torpaqlara qay\u0131daca\u011f\u0131q v\u0259 qay\u0131tm\u0131\u015f\u0131q. Az\u0259rbaycan xalq\u0131 b\u00fct\u00fcn bu ill\u0259r \u0259rzind\u0259 m\u0259n\u0259 inan\u0131rd\u0131. Baxmayaraq ki, h\u0259m o vaxtk\u0131 m\u0259cburi k\u00f6\u00e7k\u00fcnl\u0259r, h\u0259m \u00f6lk\u0259 ictimaiyy\u0259ti ild\u0259n-il\u0259 davam ed\u0259n m\u0259nas\u0131z dan\u0131\u015f\u0131qlara n\u0259z\u0259r salaraq g\u00f6r\u00fcrd\u00fc ki, Erm\u0259nistan-Az\u0259rbaycan Da\u011fl\u0131q Qaraba\u011f m\u00fcnaqi\u015f\u0259sinin h\u0259lli \u00e7\u0259tinl\u0259\u015fir. Amma buna baxmayaraq, do\u011fma xalq\u0131m m\u0259nim s\u00f6zl\u0259rim\u0259 inan\u0131rd\u0131. M\u0259n deyirdim ki, g\u00fcn g\u0259l\u0259c\u0259k Az\u0259rbaycan bayra\u011f\u0131 i\u015f\u011fal edilmi\u015f torpaqlarda, o c\u00fcml\u0259d\u0259n \u015eu\u015fada dal\u011falanacaq v\u0259 bu m\u00fcq\u0259dd\u0259s g\u00fcn\u00fc biz \u015f\u0259hidl\u0259rimizin qan\u0131-can\u0131 bahas\u0131na ya\u015fad\u0131q. Allah b\u00fct\u00fcn \u015f\u0259hidl\u0259rimiz\u0259 r\u0259hm\u0259t el\u0259sin.<\/p>\n\n\n\n<figure class=\"wp-block-image size-large\"><img loading=\"lazy\" decoding=\"async\" width=\"1024\" height=\"692\" src=\"https:\/\/fedai.az\/wp-content\/uploads\/2021\/12\/007-1024x692.jpg\" alt=\"\" class=\"wp-image-57443\" srcset=\"https:\/\/fedai.az\/wp-content\/uploads\/2021\/12\/007-1024x692.jpg 1024w, https:\/\/fedai.az\/wp-content\/uploads\/2021\/12\/007-300x203.jpg 300w, https:\/\/fedai.az\/wp-content\/uploads\/2021\/12\/007-150x101.jpg 150w, https:\/\/fedai.az\/wp-content\/uploads\/2021\/12\/007-768x519.jpg 768w, https:\/\/fedai.az\/wp-content\/uploads\/2021\/12\/007.jpg 1340w\" sizes=\"auto, (max-width: 1024px) 100vw, 1024px\" \/><\/figure>\n\n\n\n<p>Bu g\u00fcn biz azad Qaraba\u011fday\u0131q. Bu g\u00fcn biz azad Z\u0259ng\u0259zurday\u0131q. Biz &#8212; bu torpaqlar\u0131n sahibl\u0259ri bu torpaqlara qay\u0131tm\u0131\u015f\u0131q v\u0259 bundan sonra biz bu torpaqlarda \u0259b\u0259di ya\u015fayaca\u011f\u0131q. Az\u0259rbaycan xalq\u0131n\u0131n m\u0259nim s\u00f6zl\u0259rim\u0259 inam\u0131 m\u0259ni daha da \u00e7ox inand\u0131r\u0131rd\u0131 ki, biz buna nail olaca\u011f\u0131q. Xalq\u0131m\u0131z birl\u0259\u015fdi, bir amal u\u011frunda, bir m\u00fcq\u0259dd\u0259s ideya u\u011frunda birl\u0259\u015fdi v\u0259 ist\u0259diyin\u0259 nail oldu.<\/p>\n\n\n\n<p>Az\u0259rbaycan xalq\u0131 yax\u015f\u0131 bilir ki, m\u0259n ad g\u00fcnl\u0259rimi qeyd etmir\u0259m. Ad\u0259t\u0259n ad g\u00fcnl\u0259rim\u0259 t\u0259sad\u00fcf ed\u0259n g\u00fcnl\u0259rd\u0259 hans\u0131sa sosial obyektl\u0259rin a\u00e7\u0131l\u0131\u015f\u0131nda i\u015ftirak edirdim, m\u0259cburi k\u00f6\u00e7k\u00fcnl\u0259rl\u0259, \u015f\u0259hid ail\u0259l\u0259ri il\u0259 g\u00f6r\u00fc\u015f\u00fcrd\u00fcm. \u015e\u0259hid ail\u0259l\u0259ri \u00fc\u00e7\u00fcn in\u015fa edilmi\u015f yeni evl\u0259rin a\u00e7\u0131l\u0131\u015flar\u0131nda, yeni sal\u0131nm\u0131\u015f k\u00f6\u00e7k\u00fcn q\u0259s\u0259b\u0259l\u0259rind\u0259 bu kateqoriyadan olan insanlarla g\u00f6r\u00fc\u015f\u00fcrd\u00fcm. 50 illiyimi d\u0259 m\u0259cburi k\u00f6\u00e7k\u00fcnl\u0259rl\u0259 b\u0259rab\u0259r qeyd etmi\u015fdim. 50 illiyimi Qaraba\u011fda \u2013 A\u011fcab\u0259did\u0259 ke\u00e7irdim, 60 illiyimi is\u0259 Qaraba\u011fda &#8212; bu d\u0259f\u0259 \u015eu\u015fada ke\u00e7irir\u0259m. Bu iki tarix aras\u0131nda bir canl\u0131 ba\u011flant\u0131 var. \u00d6lk\u0259 \u0259razisind\u0259 v\u0259 b\u00f6lg\u0259d\u0259 ged\u0259n prosesl\u0259r\u0259 biz sad\u0259c\u0259 olaraq seyr\u00e7i deyildik. Biz bu prosesl\u0259ri b\u00f6y\u00fck d\u0259r\u0259c\u0259d\u0259 idar\u0259 edirdik. Biz b\u00f6lg\u0259 g\u00fcnd\u0259liyini formala\u015fd\u0131r\u0131rd\u0131q. \u0130kinci Qaraba\u011f m\u00fcharib\u0259sind\u0259 \u0259ld\u0259 edilmi\u015f Z\u0259f\u0259rd\u0259n sonra bizim g\u00fcc\u00fcm\u00fcz, n\u00fcfuzumuz, t\u0259sir dair\u0259miz daha da geni\u015fl\u0259ndi.<\/p>\n\n\n\n<figure class=\"wp-block-image size-large\"><img loading=\"lazy\" decoding=\"async\" width=\"1024\" height=\"668\" src=\"https:\/\/fedai.az\/wp-content\/uploads\/2021\/12\/002-1024x668.jpg\" alt=\"\" class=\"wp-image-57445\" srcset=\"https:\/\/fedai.az\/wp-content\/uploads\/2021\/12\/002-1024x668.jpg 1024w, https:\/\/fedai.az\/wp-content\/uploads\/2021\/12\/002-300x196.jpg 300w, https:\/\/fedai.az\/wp-content\/uploads\/2021\/12\/002-150x98.jpg 150w, https:\/\/fedai.az\/wp-content\/uploads\/2021\/12\/002-768x501.jpg 768w, https:\/\/fedai.az\/wp-content\/uploads\/2021\/12\/002.jpg 1340w\" sizes=\"auto, (max-width: 1024px) 100vw, 1024px\" \/><\/figure>\n\n\n\n<p>Bu g\u00fcn azad Qaraba\u011fda, \u015eu\u015fada v\u0259 Hadrutda olark\u0259n m\u0259n, &#8212; \u0259g\u0259r bel\u0259 dem\u0259k m\u00fcmk\u00fcnd\u00fcrs\u0259, &#8212; \u00f6z ad g\u00fcn\u00fcm\u00fc qeyd edir\u0259m. Bu g\u00fcn s\u0259h\u0259r Hadrutda M\u00fcz\u0259ff\u0259r Az\u0259rbaycan Ordusunun Ali Ba\u015f Komandan\u0131 kimi yeni silahl\u0131 birl\u0259\u015fm\u0259 olan Komando Briqadas\u0131n\u0131n h\u0259rbi hiss\u0259sinin a\u00e7\u0131l\u0131\u015f\u0131nda i\u015ftirak edirdim. M\u0259n bilirdim v\u0259 hesab edir\u0259m Az\u0259rbaycan xalq\u0131 da bu se\u00e7imi d\u0259st\u0259kl\u0259y\u0259r ki, bu g\u00fcn m\u0259n Prezident, Ali Ba\u015f Komandan kimi h\u0259rb\u00e7il\u0259r\u0259, M\u00fcz\u0259ff\u0259r Az\u0259rbaycan Silahl\u0131 Q\u00fcvv\u0259l\u0259rin\u0259 \u00f6z t\u0259\u015f\u0259kk\u00fcr\u00fcm\u00fc bildirm\u0259k v\u0259 onlar\u0131n qar\u015f\u0131s\u0131nda yeni v\u0259zif\u0259l\u0259r qoymaq \u00fc\u00e7\u00fcn h\u0259rb\u00e7il\u0259rl\u0259 birlikd\u0259 olmal\u0131 idim.<\/p>\n\n\n\n<p>Bu g\u00fcn ke\u00e7mi\u015f Da\u011fl\u0131q Qaraba\u011f Muxtar Vilay\u0259tinin t\u0259rkib hiss\u0259si olan Hadrutda &#8212; Xocav\u0259nd rayonunda ordu quruculu\u011funda apar\u0131lan i\u015fl\u0259rin yeni m\u0259rh\u0259l\u0259sin\u0259 q\u0259d\u0259m qoyduq. Ondan sonra is\u0259 \u015eu\u015faya g\u0259ldim. Bu, m\u0259nim \u015eu\u015faya bu il yeddinci s\u0259f\u0259rimdir. \u015eu\u015fa h\u0259r birimizi \u00f6z\u00fcn\u0259 \u00e7\u0259kir. D\u00fczd\u00fcr, m\u0259n burada \u2013 \u015eu\u015fada m\u00fcxt\u0259lif t\u0259dbirl\u0259rin a\u00e7\u0131l\u0131\u015flar\u0131nda i\u015ftirak etmi\u015fdim. O t\u0259dbirl\u0259r ki, \u015eu\u015fan\u0131n Az\u0259rbaycan xalq\u0131na, Az\u0259rbaycan m\u0259d\u0259niyy\u0259tin\u0259 m\u0259xsus olmas\u0131n\u0131 bir daha t\u0259sdiql\u0259yir. Amma, eyni zamanda, h\u0259r d\u0259f\u0259 \u015eu\u015fada hans\u0131sa t\u0259dbir n\u0259z\u0259rd\u0259 tutulduqda b\u00f6y\u00fck h\u0259v\u0259sl\u0259, b\u00f6y\u00fck sevgi il\u0259, m\u0259h\u0259bb\u0259tl\u0259 \u015eu\u015faya g\u0259lirdim v\u0259 hesab edirdim ki, bu g\u00fcn\u00fc d\u0259 m\u0259n m\u0259hz burada &#8212; \u015eu\u015fada h\u0259r birimiz \u00fc\u00e7\u00fcn \u0259ziz olan C\u0131d\u0131r d\u00fcz\u00fcnd\u0259 qeyd etm\u0259liy\u0259m v\u0259 bunu edir\u0259m.<\/p>\n\n\n\n<figure class=\"wp-block-image size-large\"><img loading=\"lazy\" decoding=\"async\" width=\"1024\" height=\"698\" src=\"https:\/\/fedai.az\/wp-content\/uploads\/2021\/12\/012-1024x698.jpg\" alt=\"\" class=\"wp-image-57446\" srcset=\"https:\/\/fedai.az\/wp-content\/uploads\/2021\/12\/012-1024x698.jpg 1024w, https:\/\/fedai.az\/wp-content\/uploads\/2021\/12\/012-300x204.jpg 300w, https:\/\/fedai.az\/wp-content\/uploads\/2021\/12\/012-150x102.jpg 150w, https:\/\/fedai.az\/wp-content\/uploads\/2021\/12\/012-768x523.jpg 768w, https:\/\/fedai.az\/wp-content\/uploads\/2021\/12\/012.jpg 1340w\" sizes=\"auto, (max-width: 1024px) 100vw, 1024px\" \/><\/figure>\n\n\n\n<p>Bu g\u00fcn bir \u015fey\u0259 k\u0259d\u0259rl\u0259nir\u0259m ki, atam bu g\u00fcn\u00fc g\u00f6r\u0259 bilm\u0259yib. Ancaq bilir\u0259m ki, onun ruhu \u015fadd\u0131r. Nec\u0259 ki, V\u0259t\u0259n h\u0259sr\u0259ti il\u0259 ya\u015fam\u0131\u015f v\u0259 h\u0259yatdan getmi\u015f, azad edilmi\u015f bu torpaqlar\u0131 g\u00f6rm\u0259y\u0259n minl\u0259rl\u0259, on minl\u0259rl\u0259 m\u0259cburi k\u00f6\u00e7k\u00fcnl\u0259rin ruhu \u015fadd\u0131r, \u015f\u0259hidl\u0259rimizin ruhu \u015fadd\u0131r. Biz \u015f\u0259hidl\u0259rimizin qan\u0131n\u0131 yerd\u0259 qoymad\u0131q, qan\u0131n\u0131 ald\u0131q v\u0259 \u0259cdadlar\u0131m\u0131z\u0131n ruhunu \u015fad etdik.<\/p>\n\n\n\n<p>Bu il \u201cXar\u0131b\u00fclb\u00fcl\u201d festival\u0131nda Ulu \u00d6nd\u0259rin \u015eu\u015fa haqq\u0131nda tarixi s\u00f6zl\u0259rinin bir hiss\u0259si videoformatda t\u0259qdim edildi. H\u0259r birimiz o anlar\u0131 xat\u0131rlay\u0131r. Nec\u0259 b\u00f6y\u00fck inamla, nec\u0259 b\u00f6y\u00fck sevgi il\u0259 Heyd\u0259r \u018fliyev deyirdi ki, biz \u015eu\u015faya qay\u0131daca\u011f\u0131q, inan\u0131n ki, qay\u0131daca\u011f\u0131q. O, \u00f6z\u00fc inan\u0131rd\u0131, bizi d\u0259 inand\u0131r\u0131rd\u0131. Biz\u0259 d\u0259 onun inam\u0131, xalq\u0131n irad\u0259si \u0259lav\u0259 g\u00fcc verdi v\u0259 bu g\u00fcn biz buraday\u0131q, bu m\u00fcq\u0259dd\u0259s torpaqday\u0131q. Qeyd etdiyim kimi, bundan sonra bu torpaqlarda Az\u0259rbaycan xalq\u0131 \u0259b\u0259di ya\u015fayacaq, bundan sonra Qaraba\u011fda Az\u0259rbaycan mu\u011fam\u0131 \u0259b\u0259di s\u0259sl\u0259n\u0259c\u0259kdir.<\/p>\n\n\n\n<figure class=\"wp-block-image size-large\"><img loading=\"lazy\" decoding=\"async\" width=\"1024\" height=\"673\" src=\"https:\/\/fedai.az\/wp-content\/uploads\/2021\/12\/015-1024x673.jpg\" alt=\"\" class=\"wp-image-57447\" srcset=\"https:\/\/fedai.az\/wp-content\/uploads\/2021\/12\/015-1024x673.jpg 1024w, https:\/\/fedai.az\/wp-content\/uploads\/2021\/12\/015-300x197.jpg 300w, https:\/\/fedai.az\/wp-content\/uploads\/2021\/12\/015-150x99.jpg 150w, https:\/\/fedai.az\/wp-content\/uploads\/2021\/12\/015-768x505.jpg 768w, https:\/\/fedai.az\/wp-content\/uploads\/2021\/12\/015.jpg 1340w\" sizes=\"auto, (max-width: 1024px) 100vw, 1024px\" \/><\/figure>\n\n\n\n<p>\u018fziz bac\u0131lar v\u0259 qarda\u015flar, b\u00fct\u00fcn xo\u015f s\u00f6zl\u0259r\u0259, b\u00fct\u00fcn t\u0259brikl\u0259r\u0259 g\u00f6r\u0259 siz\u0259 bir daha \u00f6z d\u0259rin t\u0259\u015f\u0259kk\u00fcr\u00fcm\u00fc bildirm\u0259k ist\u0259yir\u0259m. Sizi \u0259min etm\u0259k ist\u0259yir\u0259m ki, bundan sonra da eyni \u0259zmkarl\u0131qla, eyni q\u0259tiyy\u0259tl\u0259 \u00f6lk\u0259 maraqlar\u0131n\u0131n ke\u015fiyind\u0259 duraca\u011fam, sizin d\u0259st\u0259yinizl\u0259 biz yeni b\u00f6y\u00fck u\u011furlara imza ataca\u011f\u0131q.<\/p>\n\n\n\n<p><strong>Qaraba\u011f bizimdir! Qaraba\u011f Az\u0259rbaycand\u0131r!<\/strong><\/p>\n\n\n\n<figure class=\"wp-block-image size-large\"><img loading=\"lazy\" decoding=\"async\" width=\"1024\" height=\"696\" src=\"https:\/\/fedai.az\/wp-content\/uploads\/2021\/12\/011-1024x696.jpg\" alt=\"\" class=\"wp-image-57448\" srcset=\"https:\/\/fedai.az\/wp-content\/uploads\/2021\/12\/011-1024x696.jpg 1024w, https:\/\/fedai.az\/wp-content\/uploads\/2021\/12\/011-300x204.jpg 300w, https:\/\/fedai.az\/wp-content\/uploads\/2021\/12\/011-150x102.jpg 150w, https:\/\/fedai.az\/wp-content\/uploads\/2021\/12\/011-768x522.jpg 768w, https:\/\/fedai.az\/wp-content\/uploads\/2021\/12\/011.jpg 1340w\" sizes=\"auto, (max-width: 1024px) 100vw, 1024px\" \/><\/figure>\n\n\n\n<figure class=\"wp-block-image size-large\"><img loading=\"lazy\" decoding=\"async\" width=\"1024\" height=\"519\" src=\"https:\/\/fedai.az\/wp-content\/uploads\/2021\/12\/014-1024x519.jpg\" alt=\"\" class=\"wp-image-57449\" srcset=\"https:\/\/fedai.az\/wp-content\/uploads\/2021\/12\/014-1024x519.jpg 1024w, https:\/\/fedai.az\/wp-content\/uploads\/2021\/12\/014-300x152.jpg 300w, https:\/\/fedai.az\/wp-content\/uploads\/2021\/12\/014-150x76.jpg 150w, https:\/\/fedai.az\/wp-content\/uploads\/2021\/12\/014-768x389.jpg 768w, https:\/\/fedai.az\/wp-content\/uploads\/2021\/12\/014-1536x778.jpg 1536w, https:\/\/fedai.az\/wp-content\/uploads\/2021\/12\/014-2048x1038.jpg 2048w\" sizes=\"auto, (max-width: 1024px) 100vw, 1024px\" \/><\/figure>\n","protected":false},"excerpt":{"rendered":"<p>Az\u0259rbaycan Respublikas\u0131n\u0131n Prezidenti \u0130lham \u018fliyev, birinci xan\u0131m Mehriban \u018fliyeva v\u0259 ail\u0259 \u00fczvl\u0259ri dekabr\u0131n 24-d\u0259 Hadrut q\u0259s\u0259b\u0259sin\u0259 s\u0259f\u0259rd\u0259n sonra \u015eu\u015fa \u015f\u0259h\u0259rin\u0259 g\u0259libl\u0259r. D\u00f6vl\u0259timizin ba\u015f\u00e7\u0131s\u0131, birinci<\/p>\n","protected":false},"author":2,"featured_media":57444,"comment_status":"closed","ping_status":"closed","sticky":false,"template":"","format":"standard","meta":{"footnotes":""},"categories":[4],"tags":[],"class_list":["post-57438","post","type-post","status-publish","format-standard","has-post-thumbnail","hentry","category-qarabag"],"aioseo_notices":[],"_links":{"self":[{"href":"https:\/\/fedai.az\/index.php?rest_route=\/wp\/v2\/posts\/57438","targetHints":{"allow":["GET"]}}],"collection":[{"href":"https:\/\/fedai.az\/index.php?rest_route=\/wp\/v2\/posts"}],"about":[{"href":"https:\/\/fedai.az\/index.php?rest_route=\/wp\/v2\/types\/post"}],"author":[{"embeddable":true,"href":"https:\/\/fedai.az\/index.php?rest_route=\/wp\/v2\/users\/2"}],"replies":[{"embeddable":true,"href":"https:\/\/fedai.az\/index.php?rest_route=%2Fwp%2Fv2%2Fcomments&post=57438"}],"version-history":[{"count":2,"href":"https:\/\/fedai.az\/index.php?rest_route=\/wp\/v2\/posts\/57438\/revisions"}],"predecessor-version":[{"id":57451,"href":"https:\/\/fedai.az\/index.php?rest_route=\/wp\/v2\/posts\/57438\/revisions\/57451"}],"wp:featuredmedia":[{"embeddable":true,"href":"https:\/\/fedai.az\/index.php?rest_route=\/wp\/v2\/media\/57444"}],"wp:attachment":[{"href":"https:\/\/fedai.az\/index.php?rest_route=%2Fwp%2Fv2%2Fmedia&parent=57438"}],"wp:term":[{"taxonomy":"category","embeddable":true,"href":"https:\/\/fedai.az\/index.php?rest_route=%2Fwp%2Fv2%2Fcategories&post=57438"},{"taxonomy":"post_tag","embeddable":true,"href":"https:\/\/fedai.az\/index.php?rest_route=%2Fwp%2Fv2%2Ftags&post=57438"}],"curies":[{"name":"wp","href":"https:\/\/api.w.org\/{rel}","templated":true}]}}