{"id":57455,"date":"2021-12-25T01:34:00","date_gmt":"2021-12-24T21:34:00","guid":{"rendered":"https:\/\/fedai.az\/?p=57455"},"modified":"2021-12-25T01:34:33","modified_gmt":"2021-12-24T21:34:33","slug":"turkiy%c9%99nin-xarici-isl%c9%99r-naziri-hesab-edir-ki-rusiya-il%c9%99-nato-arasinda-g%c9%99rginlik-t%c9%99hluk%c9%99li-h%c9%99dd%c9%99-catib","status":"publish","type":"post","link":"https:\/\/fedai.az\/?p=57455","title":{"rendered":"T\u00fcrkiy\u0259nin xarici i\u015fl\u0259r naziri hesab edir ki, Rusiya il\u0259 NATO aras\u0131nda g\u0259rginlik \u201ct\u0259hl\u00fck\u0259li h\u0259dd\u0259\u201d \u00e7at\u0131b"},"content":{"rendered":"\n<p><strong>T\u00fcrkiy\u0259nin xarici i\u015fl\u0259r naziri M\u00f6vlud \u00c7avu\u015fo\u011flu Rusiya il\u0259 NATO aras\u0131nda g\u0259rginliyin \u201ct\u0259hl\u00fck\u0259li h\u0259dd\u0259 \u00e7atd\u0131\u011f\u0131\u201d fikrini bildirib.<\/strong><\/p>\n\n\n\n<p> \u00a0 \u201cRusiya il\u0259 NATO aras\u0131nda g\u0259rginlik t\u0259hl\u00fck\u0259li h\u0259dd\u0259 \u00e7at\u0131b. T\u00fcrkiy\u0259 yaln\u0131z Rusiya il\u0259 geni\u015f \u0259laq\u0259l\u0259r\u0259 malik oldu\u011fu \u00fc\u00e7\u00fcn Ukrayna il\u0259 yax\u0131n m\u00fcnasib\u0259tini n\u0259z\u0259rd\u0259n qa\u00e7\u0131rmayacaq\u201d, &#8212; dey\u0259 \u00c7avu\u015fo\u011flu bildirib.<\/p>\n\n\n\n<p> \u00a0 \u00c7avu\u015fo\u011flunun s\u00f6zl\u0259rin\u0259 g\u00f6r\u0259, T\u00fcrkiy\u0259 \u201c\u00f6lk\u0259nin milli t\u0259hl\u00fck\u0259sizliyinin \u015f\u0259rtl\u0259rin\u0259 v\u0259 t\u0259l\u0259bl\u0259rin\u0259 uy\u011fun diplomatiya apar\u0131r\u201d. &#171;\u00c7\u0259tin i\u015fdir, amma diplomatiya bunun \u00fc\u00e7\u00fcnd\u00fcr. T\u00fcrkiy\u0259 h\u00f6kum\u0259ti \u00fc\u00e7 s\u00fctuna \u0259saslanan xarici siyas\u0259t qurur: milli d\u0259y\u0259rl\u0259r v\u0259 maraqlar, yerd\u0259ki v\u0259ziyy\u0259t v\u0259 \u00f6lk\u0259nin imkanlar\u0131&#187;, &#8212; dey\u0259 o \u0259lav\u0259 edib. <\/p>\n\n\n\n<p>M\u0259nb\u0259: TASS <\/p>\n","protected":false},"excerpt":{"rendered":"<p>T\u00fcrkiy\u0259nin xarici i\u015fl\u0259r naziri M\u00f6vlud \u00c7avu\u015fo\u011flu Rusiya il\u0259 NATO aras\u0131nda g\u0259rginliyin \u201ct\u0259hl\u00fck\u0259li h\u0259dd\u0259 \u00e7atd\u0131\u011f\u0131\u201d fikrini bildirib. \u00a0 \u201cRusiya il\u0259 NATO aras\u0131nda g\u0259rginlik t\u0259hl\u00fck\u0259li h\u0259dd\u0259<\/p>\n","protected":false},"author":2,"featured_media":57456,"comment_status":"closed","ping_status":"closed","sticky":false,"template":"","format":"standard","meta":{"footnotes":""},"categories":[1],"tags":[],"class_list":["post-57455","post","type-post","status-publish","format-standard","has-post-thumbnail","hentry","category-siyast"],"aioseo_notices":[],"_links":{"self":[{"href":"https:\/\/fedai.az\/index.php?rest_route=\/wp\/v2\/posts\/57455","targetHints":{"allow":["GET"]}}],"collection":[{"href":"https:\/\/fedai.az\/index.php?rest_route=\/wp\/v2\/posts"}],"about":[{"href":"https:\/\/fedai.az\/index.php?rest_route=\/wp\/v2\/types\/post"}],"author":[{"embeddable":true,"href":"https:\/\/fedai.az\/index.php?rest_route=\/wp\/v2\/users\/2"}],"replies":[{"embeddable":true,"href":"https:\/\/fedai.az\/index.php?rest_route=%2Fwp%2Fv2%2Fcomments&post=57455"}],"version-history":[{"count":1,"href":"https:\/\/fedai.az\/index.php?rest_route=\/wp\/v2\/posts\/57455\/revisions"}],"predecessor-version":[{"id":57457,"href":"https:\/\/fedai.az\/index.php?rest_route=\/wp\/v2\/posts\/57455\/revisions\/57457"}],"wp:featuredmedia":[{"embeddable":true,"href":"https:\/\/fedai.az\/index.php?rest_route=\/wp\/v2\/media\/57456"}],"wp:attachment":[{"href":"https:\/\/fedai.az\/index.php?rest_route=%2Fwp%2Fv2%2Fmedia&parent=57455"}],"wp:term":[{"taxonomy":"category","embeddable":true,"href":"https:\/\/fedai.az\/index.php?rest_route=%2Fwp%2Fv2%2Fcategories&post=57455"},{"taxonomy":"post_tag","embeddable":true,"href":"https:\/\/fedai.az\/index.php?rest_route=%2Fwp%2Fv2%2Ftags&post=57455"}],"curies":[{"name":"wp","href":"https:\/\/api.w.org\/{rel}","templated":true}]}}