{"id":57458,"date":"2021-12-25T02:27:34","date_gmt":"2021-12-24T22:27:34","guid":{"rendered":"https:\/\/fedai.az\/?p=57458"},"modified":"2021-12-25T02:27:38","modified_gmt":"2021-12-24T22:27:38","slug":"avmvib-s%c9%99dri-ali-bas-komandana-minn%c9%99tdarliq-etdi","status":"publish","type":"post","link":"https:\/\/fedai.az\/?p=57458","title":{"rendered":"AVMV\u0130B s\u0259dri Ali Ba\u015f Komandana minn\u0259tdarl\u0131q etdi"},"content":{"rendered":"\n<p><strong>Az\u0259rbaycan V\u0259t\u0259n M\u00fcharib\u0259si Veteranlar\u0131 \u0130ctimai Birliyinin (AVMV\u0130B) s\u0259dri F\u00fczuli Rzaquliyev bildirib ki, Prezidentin \u00f6t\u0259n g\u00fcn imzalad\u0131\u011f\u0131 s\u0259r\u0259ncama \u0259sas\u0259n, M\u00fcdafi\u0259 Nazirliyinin h\u0259rbi qulluq\u00e7ular\u0131, Daxili \u0130\u015fl\u0259r Nazirliyinin \u0259m\u0259kda\u015flar\u0131, Daxili Qo\u015funlar\u0131n \u0259m\u0259kda\u015flar\u0131, D\u0130N-in x\u00fcsusi r\u00fctb\u0259si olan \u0259m\u0259kda\u015flar\u0131 v\u0259 m\u00fclki i\u015f\u00e7il\u0259ri, Xarici K\u0259\u015ffiyyat Xidm\u0259tinin \u0259m\u0259kda\u015flar\u0131, D\u00f6vl\u0259t T\u0259hl\u00fck\u0259sizliyi Xidm\u0259tinin h\u0259rbi qulluq\u00e7ular\u0131n\u0131n maa\u015f\u0131 20 % art\u0131rmas\u0131, qazil\u0259r\u0259 bird\u0259f\u0259lik \u00f6d\u0259ni\u015f veril\u0259c\u0259k: I d\u0259r\u0259c\u0259 \u0259lilliy\u0259 g\u00f6r\u0259 \u2013 8 800 manat; II d\u0259r\u0259c\u0259 \u0259lilliy\u0259 g\u00f6r\u0259 \u2013 6 600 manat; III d\u0259r\u0259c\u0259 \u0259lilliy\u0259 g\u00f6r\u0259 \u2013 4 400 manat ayr\u0131lmas\u0131 Ali Ba\u015f Komandan\u0131n m\u00fcnasib\u0259tini, qay\u011f\u0131 v\u0259 diqq\u0259tini \u0259ks etdirir.<\/strong><\/p>\n\n\n\n<p><br><strong>F\u00fczuli Rzaquliyevin s\u00f6zl\u0259rin\u0259 g\u00f6r\u0259, <\/strong>m\u0259lum F\u0259rman \u015f\u0259hid ail\u0259l\u0259ri, qazil\u0259rl\u0259 yana\u015f\u0131, \u0259lill\u0259rin d\u0259 h\u0259r zaman d\u00f6vl\u0259tin diqq\u0259t m\u0259rk\u0259zind\u0259 oldu\u011funu g\u00f6st\u0259rir. D\u00f6vl\u0259t ba\u015f\u00e7\u0131s\u0131n\u0131n Birinci Qaraba\u011f m\u00fcharib\u0259si \u0259lill\u0259rin\u0259 d\u0259 bird\u0259f\u0259lik \u00f6d\u0259m\u0259 verilm\u0259sin\u0259 dair F\u0259rman\u0131 h\u0259r \u015feyd\u0259n \u0259vv\u0259l bu t\u0259b\u0259q\u0259d\u0259n olan insanlara diqq\u0259t v\u0259 qay\u011f\u0131n\u0131n g\u00f6st\u0259ricisidir. Bu insanlar d\u00f6vl\u0259timiz, V\u0259t\u0259nimiz u\u011frunda m\u00fcbarixz\u0259y\u0259 qalxm\u0131\u015f insanlard\u0131r. Onlar \u00f6z sa\u011flaml\u0131qlar\u0131n\u0131 V\u0259t\u0259n\u0259, onun \u0259razi b\u00fct\u00f6vl\u00fcy\u00fcn\u0259 g\u00f6r\u0259 qurban veribl\u0259r. Bu g\u00fcn d\u00f6vl\u0259timizin atd\u0131\u011f\u0131 bu add\u0131m bu t\u0259b\u0259q\u0259d\u0259n olan insanlar\u0131n xidm\u0259tini qiym\u0259tl\u0259ndirilm\u0259sinin bariz n\u00fcmun\u0259sidir. \u0130ll\u0259rc\u0259 g\u00f6zl\u0259n\u0259n bir q\u0259rar\u0131 d\u00f6vl\u0259t ba\u015f\u00e7\u0131s\u0131 imzalad\u0131\u011f\u0131 f\u0259rman realla\u015fd\u0131rd\u0131.<\/p>\n\n\n\n<p><strong>AVMV\u0130B s\u0259dri F. Rzaquliyev dedi:<\/strong> \u201cF\u0259rmanla 1997-ci il avqustun 2-d\u0259k olan d\u00f6vrd\u0259 \u00f6lk\u0259mizin \u0259razi b\u00fct\u00f6vl\u00fcy\u00fc u\u011frunda d\u00f6y\u00fc\u015fl\u0259rd\u0259 yaralanaraq \u0259lilliyi m\u00fc\u0259yy\u0259n olunmu\u015f \u015f\u0259xsl\u0259r\u0259 bird\u0259f\u0259lik \u00f6d\u0259m\u0259 veril\u0259c\u0259k. Bel\u0259 ki, I d\u0259r\u0259c\u0259 \u0259lilliy\u0259 g\u00f6r\u0259 8800 manat, II d\u0259r\u0259c\u0259 \u0259lilliy\u0259 g\u00f6r\u0259 6600 manat, III d\u0259r\u0259c\u0259 \u0259lilliy\u0259 g\u00f6r\u0259 4400 manat m\u0259bl\u0259\u011find\u0259 bird\u0259f\u0259lik \u00f6d\u0259m\u0259nin verilm\u0259si n\u0259z\u0259rd\u0259 tutulur. Bu is\u0259 Qaraba\u011f m\u00fcharib\u0259si \u0259lill\u0259rin\u0259, onlar\u0131n ail\u0259l\u0259rin\u0259 &#8212; \u00fcmumilikd\u0259 17-20 min ail\u0259y\u0259 b\u00f6y\u00fck d\u0259st\u0259kdir. At\u0131lm\u0131\u015f bu add\u0131m t\u0259kc\u0259 m\u00fcharib\u0259 \u0259lill\u0259ri t\u0259r\u0259find\u0259n deyil, b\u00fct\u00f6vl\u00fckd\u0259 c\u0259miyy\u0259t t\u0259r\u0259find\u0259n alq\u0131\u015flan\u0131r, m\u0259mnunluqla qar\u015f\u0131lan\u0131r\u201d.<\/p>\n\n\n\n<p><br><strong>F\u00fczuli Rzaquliyev qeyd edib: <\/strong>\u201cAz\u0259rbaycanda Prezidenti c\u0259nab \u0130lham \u018fliyevin r\u0259hb\u0259rliyi v\u0259 bilavasit\u0259 g\u00f6st\u0259ri\u015fi il\u0259 \u015f\u0259hid ail\u0259l\u0259rinin, m\u00fcharib\u0259 \u0259lill\u0259rinin, qazil\u0259rin sosial rifah\u0131n\u0131n yax\u015f\u0131la\u015fmas\u0131, onlar\u0131n t\u0259minat\u0131n\u0131n g\u00fccl\u0259ndirilm\u0259si istiqam\u0259tind\u0259 m\u00fct\u0259madi d\u00f6vl\u0259t siyas\u0259tinin h\u0259yata ke\u00e7irildiyi m\u0259lumdur. Biz bu diqq\u0259t v\u0259 qay\u011f\u0131n\u0131 daim hiss edirik. M\u00fcharib\u0259 i\u015ftirak\u00e7\u0131lar\u0131 olan \u015f\u0259xsl\u0259r h\u0259r zaman \u00f6zl\u0259rini Ali Ba\u015f Komandan\u0131n \u0259sg\u0259ri say\u0131rlar. Bu g\u00fcn d\u0259 davam ed\u0259n sosial siyas\u0259t n\u0259tic\u0259sind\u0259 minl\u0259rl\u0259 m\u00fcharib\u0259 \u0259lili v\u0259 \u015f\u0259hid ail\u0259l\u0259ri m\u0259nzil v\u0259 f\u0259rdi evl\u0259rl\u0259 t\u0259min olunub. D\u00f6vl\u0259timizin v\u0259 onun r\u0259hb\u0259rinin veteranlara, qazil\u0259r\u0259 v\u0259 \u015f\u0259hid ail\u0259l\u0259rin\u0259 diqq\u0259t v\u0259 qay\u011f\u0131s\u0131, o c\u00fcml\u0259d\u0259n Ordumuzun g\u00fccl\u0259ndirilm\u0259si istiqam\u0259tind\u0259 y\u00fcr\u00fctd\u00fcy\u00fc siyas\u0259t bir-birinin davam\u0131 hesab olunmal\u0131d\u0131r.<\/p>\n\n\n\n<p>Biz &#8212; V\u0259t\u0259n m\u00fcharib\u0259sinin veteranlar\u0131 olaraq Ali Ba\u015f Komandana m\u00fcharib\u0259 \u0259lill\u0259rin\u0259, \u015f\u0259hid ail\u0259l\u0259rin\u0259, qazil\u0259r\u0259 olan qay\u011f\u0131ke\u015f m\u00fcnasib\u0259t\u0259 g\u00f6r\u0259 \u00f6z t\u0259\u015f\u0259kk\u00fcr\u00fcm\u00fcz\u00fc bildiririk. \u0130kinci bir S\u0259r\u0259ncam is\u0259 h\u0259rbi qulluq\u00e7ular\u0131n maa\u015flar\u0131na 20% \u0259lav\u0259l\u0259rin edilm\u0259sil\u0259 ba\u011fl\u0131 idi. Bu da orduda xidm\u0259t ed\u0259n hey\u0259tin sosial m\u0259i\u015f\u0259t \u015f\u0259raitinin yax\u015f\u0131la\u015fmas\u0131na y\u00f6n\u0259lmi\u015f add\u0131md\u0131r. Bir daha bu add\u0131mlar\u0131n at\u0131lmas\u0131na g\u00f6r\u0259 Ali Ba\u015f Komandan c\u0259nab \u0130lham \u018fliyev\u0259 \u00f6z minn\u0259tdarl\u0131\u011f\u0131m\u0131 bildirir\u0259m.<\/p>\n\n\n\n<p><br><strong>Elnur S\u0259lim<\/strong><\/p>\n","protected":false},"excerpt":{"rendered":"<p>Az\u0259rbaycan V\u0259t\u0259n M\u00fcharib\u0259si Veteranlar\u0131 \u0130ctimai Birliyinin (AVMV\u0130B) s\u0259dri F\u00fczuli Rzaquliyev bildirib ki, Prezidentin \u00f6t\u0259n g\u00fcn imzalad\u0131\u011f\u0131 s\u0259r\u0259ncama \u0259sas\u0259n, M\u00fcdafi\u0259 Nazirliyinin h\u0259rbi qulluq\u00e7ular\u0131, Daxili \u0130\u015fl\u0259r<\/p>\n","protected":false},"author":2,"featured_media":57459,"comment_status":"closed","ping_status":"closed","sticky":false,"template":"","format":"standard","meta":{"footnotes":""},"categories":[12],"tags":[],"class_list":["post-57458","post","type-post","status-publish","format-standard","has-post-thumbnail","hentry","category-sosial"],"aioseo_notices":[],"_links":{"self":[{"href":"https:\/\/fedai.az\/index.php?rest_route=\/wp\/v2\/posts\/57458","targetHints":{"allow":["GET"]}}],"collection":[{"href":"https:\/\/fedai.az\/index.php?rest_route=\/wp\/v2\/posts"}],"about":[{"href":"https:\/\/fedai.az\/index.php?rest_route=\/wp\/v2\/types\/post"}],"author":[{"embeddable":true,"href":"https:\/\/fedai.az\/index.php?rest_route=\/wp\/v2\/users\/2"}],"replies":[{"embeddable":true,"href":"https:\/\/fedai.az\/index.php?rest_route=%2Fwp%2Fv2%2Fcomments&post=57458"}],"version-history":[{"count":1,"href":"https:\/\/fedai.az\/index.php?rest_route=\/wp\/v2\/posts\/57458\/revisions"}],"predecessor-version":[{"id":57460,"href":"https:\/\/fedai.az\/index.php?rest_route=\/wp\/v2\/posts\/57458\/revisions\/57460"}],"wp:featuredmedia":[{"embeddable":true,"href":"https:\/\/fedai.az\/index.php?rest_route=\/wp\/v2\/media\/57459"}],"wp:attachment":[{"href":"https:\/\/fedai.az\/index.php?rest_route=%2Fwp%2Fv2%2Fmedia&parent=57458"}],"wp:term":[{"taxonomy":"category","embeddable":true,"href":"https:\/\/fedai.az\/index.php?rest_route=%2Fwp%2Fv2%2Fcategories&post=57458"},{"taxonomy":"post_tag","embeddable":true,"href":"https:\/\/fedai.az\/index.php?rest_route=%2Fwp%2Fv2%2Ftags&post=57458"}],"curies":[{"name":"wp","href":"https:\/\/api.w.org\/{rel}","templated":true}]}}