{"id":57514,"date":"2021-12-26T02:03:11","date_gmt":"2021-12-25T22:03:11","guid":{"rendered":"https:\/\/fedai.az\/?p=57514"},"modified":"2021-12-26T02:03:13","modified_gmt":"2021-12-25T22:03:13","slug":"qarabagda-rusiya-sulhm%c9%99ramlilari-oz-missiyalarindan-k%c9%99nara-cixiblar-rusiyali-politoloq","status":"publish","type":"post","link":"https:\/\/fedai.az\/?p=57514","title":{"rendered":"\u201cQaraba\u011fda Rusiya s\u00fclhm\u0259raml\u0131lar\u0131 \u00f6z missiyalar\u0131ndan k\u0259nara \u00e7\u0131x\u0131blar\u201d \u2013 Rusiyal\u0131 politoloq"},"content":{"rendered":"\n<p><strong>\u201cQaraba\u011fdak\u0131 Rusiya s\u00fclhm\u0259raml\u0131lar\u0131 \u00f6z missiyalar\u0131ndan k\u0259nara \u00e7\u0131x\u0131blar\u201d.<\/strong><\/p>\n\n\n\n<p>Alp.az x\u0259b\u0259r verir ki, bunu haqqin.az-a a\u00e7\u0131qlamas\u0131nda rusiyal\u0131 politoloq, Etnik v\u0259 Beyn\u0259lxalq Ara\u015fd\u0131rmalar M\u0259rk\u0259zinin elmi direktoru, \u201cArxont\u201d jurnal\u0131n\u0131n ba\u015f redaktoru Anton Bredixin deyib. O, Qaraba\u011fda Rusiya s\u00fclhm\u0259raml\u0131 q\u00fcvv\u0259l\u0259rinin SNQ m\u0259kan\u0131nda mill\u0259tl\u0259raras\u0131 m\u00fcnaqi\u015f\u0259l\u0259r zonas\u0131nda he\u00e7 vaxt etm\u0259dikl\u0259rini, y\u0259ni s\u00fclhm\u0259raml\u0131lar\u0131n s\u0259lahiyy\u0259tl\u0259rin\u0259 aid olmayan funksiyalar\u0131 yerin\u0259 yetirdiyini deyib.<\/p>\n\n\n\n<p>\u201cRusiya s\u00fclhm\u0259raml\u0131lar\u0131n\u0131n Abxaziya, C\u0259nubi Osetiya, Dnestryan\u0131 b\u00f6lg\u0259d\u0259ki funksiyalar\u0131 v\u0259 Qaraba\u011fda h\u0259yata ke\u00e7irdikl\u0259ri f\u0259aliyy\u0259tl\u0259r aras\u0131nda b\u00f6y\u00fck f\u0259rq var. Onlar\u0131n \u0259sas f\u0259aliyy\u0259ti m\u00fcnaqi\u015f\u0259 t\u0259r\u0259fl\u0259rini ay\u0131rmaq olub, Qaraba\u011fda is\u0259 s\u00fclhm\u0259raml\u0131lar x\u0259st\u0259xanalar tikir, m\u0259kt\u0259bl\u0259ri t\u0259mir edir, k\u0259nd t\u0259s\u0259rr\u00fcfat\u0131 texnikas\u0131n\u0131 t\u0259mir edir, fermerl\u0259r\u0259 mineral g\u00fcbr\u0259l\u0259rl\u0259 k\u00f6m\u0259k edir, qazla\u015fd\u0131rma apar\u0131r v\u0259 s.\u201d, \u2013 A.Bredixin deyib.<\/p>\n\n\n\n<figure class=\"wp-block-image size-large is-resized\"><img loading=\"lazy\" decoding=\"async\" src=\"https:\/\/fedai.az\/wp-content\/uploads\/2021\/12\/media-bredihin-e1640408124784-768x403-n2rhmk9xwe47byi0atqz.jpg\" alt=\"\" class=\"wp-image-57515\" width=\"913\" height=\"479\" srcset=\"https:\/\/fedai.az\/wp-content\/uploads\/2021\/12\/media-bredihin-e1640408124784-768x403-n2rhmk9xwe47byi0atqz.jpg 768w, https:\/\/fedai.az\/wp-content\/uploads\/2021\/12\/media-bredihin-e1640408124784-768x403-n2rhmk9xwe47byi0atqz-300x157.jpg 300w, https:\/\/fedai.az\/wp-content\/uploads\/2021\/12\/media-bredihin-e1640408124784-768x403-n2rhmk9xwe47byi0atqz-150x79.jpg 150w\" sizes=\"auto, (max-width: 913px) 100vw, 913px\" \/><\/figure>\n\n\n\n<p>\u201cS\u00fclhm\u0259raml\u0131lar\u0131n qeyri-h\u0259rbi v\u0259zif\u0259l\u0259ri ola bil\u0259r: h\u0259rbi \u0259m\u0259liyyatlar\u0131n qurbanlar\u0131na k\u00f6m\u0259k etm\u0259k, \u0259ld\u0259 edilmi\u015f raz\u0131la\u015fmalar\u0131n \u015f\u0259rtl\u0259rin\u0259 \u0259m\u0259l olunmas\u0131na n\u0259zar\u0259t etm\u0259k v\u0259 s., lakin Qaraba\u011fdak\u0131 Rusiya s\u00fclhm\u0259raml\u0131lar\u0131 s\u00fclhm\u0259raml\u0131 kontingentin bilavasit\u0259 missiyas\u0131ndan xeyli k\u0259nara \u00e7\u0131x\u0131blar\u201d.<\/p>\n\n\n\n<p>T\u0259hlil\u00e7inin fikrinc\u0259, \u00e7ox g\u00fcman ki, bunun n\u0259tic\u0259si budur \u2013 bir t\u0259r\u0259fd\u0259n Qaraba\u011f\u0131n erm\u0259ni \u0259halisinin \u00fcmidsizliyi, regionu \u00f6zba\u015f\u0131na b\u0259rpa etm\u0259y\u0259 imkan\u0131 v\u0259 g\u00fcc\u00fc olmamas\u0131, dig\u0259r t\u0259r\u0259fd\u0259n Erm\u0259nistan\u0131n iqtisadi \u00e7\u00f6k\u00fc\u015f\u00fcn\u00fcn n\u0259tic\u0259si, xarici investisiyalar\u0131n olmamas\u0131.<\/p>\n\n\n\n<p>A.Bredixin hesab edir ki, Qaraba\u011fda infrastrukturun yarad\u0131lmas\u0131 il\u0259 s\u00fclhm\u0259raml\u0131lar deyil, Az\u0259rbaycan h\u00f6kum\u0259ti m\u0259\u015f\u011ful olmal\u0131d\u0131r.<\/p>\n","protected":false},"excerpt":{"rendered":"<p>\u201cQaraba\u011fdak\u0131 Rusiya s\u00fclhm\u0259raml\u0131lar\u0131 \u00f6z missiyalar\u0131ndan k\u0259nara \u00e7\u0131x\u0131blar\u201d. Alp.az x\u0259b\u0259r verir ki, bunu haqqin.az-a a\u00e7\u0131qlamas\u0131nda rusiyal\u0131 politoloq, Etnik v\u0259 Beyn\u0259lxalq Ara\u015fd\u0131rmalar M\u0259rk\u0259zinin elmi direktoru, \u201cArxont\u201d<\/p>\n","protected":false},"author":2,"featured_media":57516,"comment_status":"closed","ping_status":"closed","sticky":false,"template":"","format":"standard","meta":{"footnotes":""},"categories":[1],"tags":[],"class_list":["post-57514","post","type-post","status-publish","format-standard","has-post-thumbnail","hentry","category-siyast"],"aioseo_notices":[],"_links":{"self":[{"href":"https:\/\/fedai.az\/index.php?rest_route=\/wp\/v2\/posts\/57514","targetHints":{"allow":["GET"]}}],"collection":[{"href":"https:\/\/fedai.az\/index.php?rest_route=\/wp\/v2\/posts"}],"about":[{"href":"https:\/\/fedai.az\/index.php?rest_route=\/wp\/v2\/types\/post"}],"author":[{"embeddable":true,"href":"https:\/\/fedai.az\/index.php?rest_route=\/wp\/v2\/users\/2"}],"replies":[{"embeddable":true,"href":"https:\/\/fedai.az\/index.php?rest_route=%2Fwp%2Fv2%2Fcomments&post=57514"}],"version-history":[{"count":1,"href":"https:\/\/fedai.az\/index.php?rest_route=\/wp\/v2\/posts\/57514\/revisions"}],"predecessor-version":[{"id":57517,"href":"https:\/\/fedai.az\/index.php?rest_route=\/wp\/v2\/posts\/57514\/revisions\/57517"}],"wp:featuredmedia":[{"embeddable":true,"href":"https:\/\/fedai.az\/index.php?rest_route=\/wp\/v2\/media\/57516"}],"wp:attachment":[{"href":"https:\/\/fedai.az\/index.php?rest_route=%2Fwp%2Fv2%2Fmedia&parent=57514"}],"wp:term":[{"taxonomy":"category","embeddable":true,"href":"https:\/\/fedai.az\/index.php?rest_route=%2Fwp%2Fv2%2Fcategories&post=57514"},{"taxonomy":"post_tag","embeddable":true,"href":"https:\/\/fedai.az\/index.php?rest_route=%2Fwp%2Fv2%2Ftags&post=57514"}],"curies":[{"name":"wp","href":"https:\/\/api.w.org\/{rel}","templated":true}]}}