{"id":57522,"date":"2021-12-26T02:31:30","date_gmt":"2021-12-25T22:31:30","guid":{"rendered":"https:\/\/fedai.az\/?p=57522"},"modified":"2021-12-26T02:31:34","modified_gmt":"2021-12-25T22:31:34","slug":"prezidentin-m%c9%99lum-f%c9%99rmanini-muharib%c9%99-%c9%99lill%c9%99ri-muzakir%c9%99-edirl%c9%99r","status":"publish","type":"post","link":"https:\/\/fedai.az\/?p=57522","title":{"rendered":"Prezidentin m\u0259lum F\u0259rman\u0131n\u0131 m\u00fcharib\u0259 \u0259lill\u0259ri m\u00fczakir\u0259 edirl\u0259r"},"content":{"rendered":"\n<p><strong>Prezidentin m\u00fcharib\u0259 \u0259lill\u0259rin\u0259 s\u0131\u011forta il\u0259 imzalad\u0131\u011f\u0131 F\u0259rman raz\u0131l\u0131qla qar\u015f\u0131lan\u0131b v\u0259 m\u00fczakir\u0259l\u0259r\u0259 s\u0259b\u0259b olub. F\u0259rmanda g\u00f6st\u0259ril\u0259n b\u0259zi m\u0259qamlara ayd\u0131nl\u0131q g\u0259tirm\u0259k \u00fc\u00e7\u00fcn Az\u0259rbaycan V\u0259t\u0259n M\u00fcharib\u0259si Veteranlar\u0131 \u0130ctimai Birliyi (AVMV\u0130B) s\u0259drinin t\u0259\u015fkilati i\u015fl\u0259r \u00fczr\u0259 m\u00fcavini Vahid Abdur\u0259hmanova m\u00fcraci\u0259t etdik.<\/strong><\/p>\n\n\n\n<p><strong>Az\u0259rbaycan Respublikas\u0131n\u0131n \u0259razi b\u00fct\u00f6vl\u00fcy\u00fcn\u00fcn, m\u00fcst\u0259qilliyinin v\u0259 konstitusiya qurulu\u015funun m\u00fcdafi\u0259si il\u0259 \u0259laq\u0259dar h\u0259rbi xidm\u0259t v\u0259zif\u0259l\u0259rini (xidm\u0259ti v\u0259zif\u0259l\u0259rini) yerin\u0259 yetir\u0259rk\u0259n v\u0259 ya h\u0259qiqi h\u0259rbi xidm\u0259t d\u00f6vr\u00fcnd\u0259 x\u0259sar\u0259t (yaralanma, travma, kontuziya) almas\u0131 v\u0259 ya x\u0259st\u0259l\u0259nm\u0259si n\u0259tic\u0259sind\u0259 \u0259lilliyi m\u00fc\u0259yy\u0259n edilmi\u015f h\u0259rbi qulluq\u00e7ular\u0131n v\u0259 daxili i\u015fl\u0259r orqanlar\u0131 \u0259m\u0259kda\u015flar\u0131n\u0131n, habel\u0259 onlar\u0131n ail\u0259 \u00fczvl\u0259rinin sosial m\u00fcdafi\u0259sinin g\u00fccl\u0259ndirilm\u0259si il\u0259 ba\u011fl\u0131 t\u0259dbirl\u0259r haqq\u0131nda Az\u0259rbaycan Respublikas\u0131 Prezidentinin F\u0259rman\u0131nda deyilir:<\/strong><\/p>\n\n\n\n<p><br>Az\u0259rbaycan Respublikas\u0131 Konstitusiyas\u0131n\u0131n 109-cu madd\u0259sinin 32-ci b\u0259ndini r\u0259hb\u0259r tutaraq, \u201cH\u0259rbi qulluq\u00e7ular\u0131n d\u00f6vl\u0259t icbari \u015f\u0259xsi s\u0131\u011fortas\u0131 haqq\u0131nda\u201d Az\u0259rbaycan Respublikas\u0131n\u0131n 1997-ci il 20 may tarixli 296-IQ n\u00f6mr\u0259li Qanunu 1997-ci il avqustun 2-d\u0259 q\u00fcvv\u0259y\u0259 min\u0259n\u0259d\u0259k Az\u0259rbaycan Respublikas\u0131n\u0131n \u0259razi b\u00fct\u00f6vl\u00fcy\u00fcn\u00fcn, m\u00fcst\u0259qilliyinin v\u0259 konstitusiya qurulu\u015funun m\u00fcdafi\u0259si il\u0259 \u0259laq\u0259dar h\u0259rbi xidm\u0259t v\u0259zif\u0259l\u0259rini (xidm\u0259ti v\u0259zif\u0259l\u0259rini) yerin\u0259 yetir\u0259rk\u0259n v\u0259 ya h\u0259qiqi h\u0259rbi xidm\u0259t d\u00f6vr\u00fcnd\u0259 x\u0259sar\u0259t (yaralanma, travma, kontuziya) almas\u0131 v\u0259 ya x\u0259st\u0259l\u0259nm\u0259si n\u0259tic\u0259sind\u0259 \u0259lilliyi m\u00fc\u0259yy\u0259n edilmi\u015f h\u0259rbi qulluq\u00e7ular\u0131n v\u0259 daxili i\u015fl\u0259r orqanlar\u0131 \u0259m\u0259kda\u015flar\u0131n\u0131n, habel\u0259 onlar\u0131n ail\u0259 \u00fczvl\u0259rinin sosial m\u00fcdafi\u0259sini g\u00fccl\u0259ndirm\u0259k m\u0259qs\u0259dil\u0259 q\u0259rara al\u0131ram:<\/p>\n\n\n\n<p><br>1. 1997-ci il avqustun 2-d\u0259k olan xidm\u0259t d\u00f6vr\u00fcnd\u0259 Az\u0259rbaycan Respublikas\u0131n\u0131n \u0259razi b\u00fct\u00f6vl\u00fcy\u00fcn\u00fcn, m\u00fcst\u0259qilliyinin v\u0259 konstitusiya qurulu\u015funun m\u00fcdafi\u0259si il\u0259 \u0259laq\u0259dar \u201cH\u0259rbi qulluq\u00e7ular\u0131n d\u00f6vl\u0259t icbari \u015f\u0259xsi s\u0131\u011fortas\u0131 haqq\u0131nda\u201d Az\u0259rbaycan Respublikas\u0131 Qanununun 5-ci madd\u0259sinin \u201c\u00e7\u201d b\u0259ndind\u0259 n\u0259z\u0259rd\u0259 tutulan hallar\u0131n ba\u015f verm\u0259si n\u0259tic\u0259sind\u0259 \u0259lilliyi m\u00fc\u0259yy\u0259n edilmi\u015f h\u0259rbi qulluq\u00e7ulara, daxili i\u015fl\u0259r orqanlar\u0131n\u0131n \u0259m\u0259kda\u015flar\u0131na v\u0259 ya onlar\u0131n v\u0259r\u0259s\u0259l\u0259rin\u0259 a\u015fa\u011f\u0131dak\u0131 m\u0259bl\u0259\u011fl\u0259rd\u0259 bird\u0259f\u0259lik \u00f6d\u0259m\u0259 verilsin:<\/p>\n\n\n\n<p><br><strong>1.1. I d\u0259r\u0259c\u0259 \u0259lilliy\u0259 g\u00f6r\u0259 \u2013 8 800 manat;<br>1.2. II d\u0259r\u0259c\u0259 \u0259lilliy\u0259 g\u00f6r\u0259 \u2013 6 600 manat;<br>1.3. III d\u0259r\u0259c\u0259 \u0259lilliy\u0259 g\u00f6r\u0259 \u2013 4 400 manat;<\/strong><\/p>\n\n\n\n<p><br><strong>F\u0259rman\u0131n icras\u0131yla ba\u011fl\u0131 t\u0259l\u0259b olunan s\u0259n\u0259dl\u0259r v\u0259 b\u0259zi n\u00fcanslar bar\u0259d\u0259 suallar yaranm\u0131\u015f suallarla ba\u011fl\u0131 Az\u0259rbaycan V\u0259t\u0259n M\u00fcharib\u0259si Veteranlar\u0131 \u0130ctimai Birliyi (AVMV\u0130B) s\u0259drinin t\u0259\u015fkilati i\u015fl\u0259r \u00fczr\u0259 m\u00fcavini Vahid Abdur\u0259hmanovun m\u00fcnasib\u0259tini \u00f6yr\u0259ndik.<\/strong><\/p>\n\n\n\n<p><br><strong>S\u0259dr m\u00fcavini Vahid Abdur\u0259hmanov <\/strong>bildirdi ki, t\u0259l\u0259b olunan s\u0259n\u0259dl\u0259rl\u0259 ba\u011fl\u0131 m\u00fcharib\u0259 \u0259lill\u0259rinin maraqland\u0131ran m\u0259qam, &#171;H\u0259rbi qulluq\u00e7ular\u0131n d\u00f6vl\u0259t icbari \u015f\u0259xsi s\u0131\u011fortas\u0131 haqq\u0131nda&#187; Respublika Qanununun &#171;5-ci madd\u0259sinin \u201c\u00e7\u201d b\u0259ndind\u0259 n\u0259z\u0259rd\u0259 tutulan hallar\u0131n ba\u015f verm\u0259si n\u0259tic\u0259sind\u0259 \u0259lilliyinin m\u00fc\u0259yy\u0259n edilm\u0259si il\u0259 \u0259laq\u0259dar s\u0131\u011forta \u00f6d\u0259ni\u015finin verilm\u0259sin\u0259 dair bar\u0259sind\u0259 qanuni q\u00fcvv\u0259y\u0259 minmi\u015f m\u0259hk\u0259m\u0259 akt\u0131 olan h\u0259rbi qulluq\u00e7ular\u0131n v\u0259 daxili i\u015fl\u0259r orqanlar\u0131 \u0259m\u0259kda\u015flar\u0131n\u0131n siyah\u0131s\u0131n\u0131 bir ay m\u00fcdd\u0259tind\u0259 Az\u0259rbaycan Respublikas\u0131n\u0131n \u018fm\u0259k v\u0259 \u018fhalinin Sosial M\u00fcdafi\u0259si Nazirliyin\u0259 t\u0259qdim&#187; etm\u0259siyl\u0259 ba\u011fl\u0131d\u0131r. <\/p>\n\n\n\n<p>AVMV\u0130B s\u0259drinin m\u00fcavini V. Abdur\u0259hmanov bildirdi ki, ad\u0131 \u00e7\u0259kil\u0259n <strong>Qanunun 1-ci madd\u0259sinin \u00e7) <\/strong>b\u0259ndind\u0259 deyilir: <strong>h\u0259rbi xidm\u0259t v\u0259zif\u0259l\u0259rini (xidm\u0259ti v\u0259zif\u0259l\u0259ri) yerin\u0259 yetir\u0259rk\u0259n v\u0259 ya h\u0259qiqi h\u0259rbi xidm\u0259t d\u00f6vr\u00fcnd\u0259 x\u0259sar\u0259t (yaralanma, travma, kontuziya) almas\u0131na, habel\u0259 h\u0259qiqi h\u0259rbi xidm\u0259t d\u00f6vr\u00fcnd\u0259 x\u0259st\u0259l\u0259nm\u0259sin\u0259 g\u00f6r\u0259 h\u0259qiqi h\u0259rbi xidm\u0259t\u0259 yarars\u0131z hesab edil\u0259r\u0259k h\u0259qiqi h\u0259rbi xidm\u0259td\u0259n (toplan\u0131\u015fdan) ehtiyata v\u0259 ya istefaya burax\u0131ld\u0131\u011f\u0131 g\u00fcnd\u0259n, h\u0259m\u00e7inin ehtiyata v\u0259 ya istefaya burax\u0131ld\u0131\u011f\u0131 g\u00fcnd\u0259n h\u0259qiqi h\u0259rbi xidm\u0259t d\u00f6vr\u00fcnd\u0259 al\u0131nm\u0131\u015f x\u0259sar\u0259t (yaralanma, travma, kontuziya) v\u0259 ya x\u0259st\u0259likl\u0259 \u0259laq\u0259dar \u00fc\u00e7 il m\u00fcdd\u0259tind\u0259 s\u0131\u011fortaolunan\u0131n \u0259lilliyi m\u00fc\u0259yy\u0259n edildikd\u0259&#187; kimi verilir.<\/strong><\/p>\n\n\n\n<p><strong>Vahid Abdur\u0259hmanov <\/strong>bildirdi ki, t\u0259l\u0259b olunan s\u0259n\u0259dl\u0259r\u0259 g\u0259linc\u0259 is\u0259 <strong>&#171;H\u0259rbi qulluq\u00e7ular\u0131n d\u00f6vl\u0259t icbari \u015f\u0259xsi s\u0131\u011fortas\u0131 haqq\u0131nda&#187; <\/strong>Respublika Qanununda 7-ci madd\u0259d\u0259 s\u0259n\u0259dl\u0259r toplusu verilib.<\/p>\n\n\n\n<p><br>H\u0259min madd\u0259ni t\u0259qdim edirik:<\/p>\n\n\n\n<p><strong>Madd\u0259 7. S\u0131\u011forta \u00f6d\u0259ni\u015fl\u0259rinin al\u0131nmas\u0131 \u00fc\u00e7\u00fcn t\u0259l\u0259b olunan s\u0259n\u0259dl\u0259r<\/strong><\/p>\n\n\n\n<p>S\u0131\u011forta \u00f6d\u0259ni\u015fl\u0259rinin al\u0131nmas\u0131 \u00fc\u00e7\u00fcn s\u0131\u011forta olunan, yaxud onun v\u0259r\u0259s\u0259l\u0259ri d\u00f6vl\u0259t s\u0131\u011forta orqanlar\u0131na v\u0259 ya ya\u015fad\u0131\u011f\u0131 \u0259razi \u00fczr\u0259 h\u0259min orqan\u0131n b\u00f6lm\u0259l\u0259rin\u0259 m\u00fc\u0259yy\u0259n olunmu\u015f formada \u0259riz\u0259si v\u0259 \u015f\u0259xsiyy\u0259tini t\u0259sdiq ed\u0259n s\u0259n\u0259di il\u0259 birlikd\u0259 a\u015fa\u011f\u0131dak\u0131 s\u0259n\u0259dl\u0259ri t\u0259qdim edir:<\/p>\n\n\n\n<p><br><strong>b) \u0259lillik hal\u0131nda:<br>\u201c\u018flilliyi olan \u015f\u0259xsl\u0259rin h\u00fcquqlar\u0131 haqq\u0131nda\u201d Az\u0259rbaycan Respublikas\u0131 Qanununun 3.1-ci madd\u0259sin\u0259 uy\u011fun olaraq q\u0259bul edilmi\u015f q\u0259rar\u0131n sur\u0259ti; (H\u0259min Qanunun 3.1. madd\u0259sind\u0259 deyilir: \u015e\u0259xsin \u0259lilliyinin s\u0259b\u0259bi, d\u0259r\u0259c\u0259si v\u0259 m\u00fcdd\u0259ti m\u00fcvafiq icra hakimiyy\u0259ti orqan\u0131 t\u0259r\u0259find\u0259n onun \u0259lilliyinin qiym\u0259tl\u0259ndirilm\u0259si ke\u00e7irildikd\u0259n sonra q\u0259bul edilmi\u015f q\u0259rar \u0259sas\u0131nda m\u00fc\u0259yy\u0259n edilir. \u018flilliyinin qiym\u0259tl\u0259ndirilm\u0259si qaydas\u0131n\u0131 m\u00fcvafiq icra hakimiyy\u0259ti orqan\u0131 m\u00fc\u0259yy\u0259n edir.)<br>h\u0259rbi bilet (yaxud onu \u0259v\u0259z ed\u0259n s\u0259n\u0259d);<br>s\u0131\u011forta olunan\u0131n h\u0259qiqi h\u0259rbi xidm\u0259td\u0259 olark\u0259n x\u0259st\u0259l\u0259nm\u0259si v\u0259 ya x\u0259sar\u0259t (yaralanma, travma, kontuziya) almas\u0131 fakt\u0131n\u0131 t\u0259sdiq ed\u0259n h\u0259rbi h\u0259kim komissiyas\u0131n\u0131n q\u0259rar\u0131n\u0131n sur\u0259ti;<br><\/strong><br>M\u00fcvafiq icra hakimiyy\u0259ti orqanlar\u0131n\u0131n v\u0259 h\u0259rbi hiss\u0259l\u0259ri, m\u00fc\u0259ssis\u0259, t\u0259\u015fkilat v\u0259 idar\u0259l\u0259ri, h\u0259rbi xidm\u0259t n\u0259z\u0259rd\u0259 tutulmu\u015f dig\u0259r d\u00f6vl\u0259t orqanlar\u0131 (d\u00f6vl\u0259t orqanlar\u0131n\u0131n strukturuna daxil olan qurumlar), h\u0259rbi t\u0259hsil m\u00fc\u0259ssis\u0259l\u0259ri s\u0259n\u0259dl\u0259rin r\u0259smil\u0259\u015fdirilm\u0259sind\u0259 v\u0259 s\u0131\u011forta \u00f6d\u0259ni\u015fl\u0259rinin al\u0131nmas\u0131nda s\u0131\u011forta olunanlara, yaxud onlar\u0131n v\u0259r\u0259s\u0259l\u0259rin\u0259 k\u00f6m\u0259k etm\u0259lidirl\u0259r.<\/p>\n\n\n\n<p><br><strong>Elnur S\u0259lim<\/strong><\/p>\n","protected":false},"excerpt":{"rendered":"<p>Prezidentin m\u00fcharib\u0259 \u0259lill\u0259rin\u0259 s\u0131\u011forta il\u0259 imzalad\u0131\u011f\u0131 F\u0259rman raz\u0131l\u0131qla qar\u015f\u0131lan\u0131b v\u0259 m\u00fczakir\u0259l\u0259r\u0259 s\u0259b\u0259b olub. F\u0259rmanda g\u00f6st\u0259ril\u0259n b\u0259zi m\u0259qamlara ayd\u0131nl\u0131q g\u0259tirm\u0259k \u00fc\u00e7\u00fcn Az\u0259rbaycan V\u0259t\u0259n M\u00fcharib\u0259si Veteranlar\u0131<\/p>\n","protected":false},"author":2,"featured_media":57523,"comment_status":"closed","ping_status":"closed","sticky":false,"template":"","format":"standard","meta":{"footnotes":""},"categories":[12],"tags":[],"class_list":["post-57522","post","type-post","status-publish","format-standard","has-post-thumbnail","hentry","category-sosial"],"aioseo_notices":[],"_links":{"self":[{"href":"https:\/\/fedai.az\/index.php?rest_route=\/wp\/v2\/posts\/57522","targetHints":{"allow":["GET"]}}],"collection":[{"href":"https:\/\/fedai.az\/index.php?rest_route=\/wp\/v2\/posts"}],"about":[{"href":"https:\/\/fedai.az\/index.php?rest_route=\/wp\/v2\/types\/post"}],"author":[{"embeddable":true,"href":"https:\/\/fedai.az\/index.php?rest_route=\/wp\/v2\/users\/2"}],"replies":[{"embeddable":true,"href":"https:\/\/fedai.az\/index.php?rest_route=%2Fwp%2Fv2%2Fcomments&post=57522"}],"version-history":[{"count":1,"href":"https:\/\/fedai.az\/index.php?rest_route=\/wp\/v2\/posts\/57522\/revisions"}],"predecessor-version":[{"id":57524,"href":"https:\/\/fedai.az\/index.php?rest_route=\/wp\/v2\/posts\/57522\/revisions\/57524"}],"wp:featuredmedia":[{"embeddable":true,"href":"https:\/\/fedai.az\/index.php?rest_route=\/wp\/v2\/media\/57523"}],"wp:attachment":[{"href":"https:\/\/fedai.az\/index.php?rest_route=%2Fwp%2Fv2%2Fmedia&parent=57522"}],"wp:term":[{"taxonomy":"category","embeddable":true,"href":"https:\/\/fedai.az\/index.php?rest_route=%2Fwp%2Fv2%2Fcategories&post=57522"},{"taxonomy":"post_tag","embeddable":true,"href":"https:\/\/fedai.az\/index.php?rest_route=%2Fwp%2Fv2%2Ftags&post=57522"}],"curies":[{"name":"wp","href":"https:\/\/api.w.org\/{rel}","templated":true}]}}