{"id":57536,"date":"2021-12-26T02:55:45","date_gmt":"2021-12-25T22:55:45","guid":{"rendered":"https:\/\/fedai.az\/?p=57536"},"modified":"2021-12-26T02:55:47","modified_gmt":"2021-12-25T22:55:47","slug":"ali-bas-komandanin-sozl%c9%99ri-erm%c9%99nistan-m%c9%99tbuatinda-mansetl%c9%99r%c9%99-dasinib","status":"publish","type":"post","link":"https:\/\/fedai.az\/?p=57536","title":{"rendered":"Ali Ba\u015f Komandan\u0131n s\u00f6zl\u0259ri Erm\u0259nistan m\u0259tbuat\u0131nda man\u015fetl\u0259r\u0259 da\u015f\u0131n\u0131b"},"content":{"rendered":"\n<p><strong>Erm\u0259ni m\u0259tbuat\u0131 qorxu i\u00e7ind\u0259 yaz\u0131r: \u018fliyev yenid\u0259n Erm\u0259nistan\u0131 h\u0259d\u0259l\u0259yib: \u201cBizi he\u00e7 kim dayand\u0131ra bilm\u0259z\u201d. 18:04 &#8212; 24.Dekabr.2021 \u00ab\u0544\u0565\u0566 \u0578\u0579 \u0578\u0584 \u0579\u056b \u056f\u0561\u0580\u0578\u0572 \u056f\u0561\u0576\u0563\u0576\u0565\u0581\u0576\u0565\u056c\u00bb. \u0531\u056c\u056b\u0587\u0568 \u056f\u0580\u056f\u056b\u0576 \u057d\u057a\u0561\u057c\u0576\u0561\u0581\u0565\u056c \u0567 \u0540\u0561\u0575\u0561\u057d\u057f\u0561\u0576\u056b\u0576 18:04 &#8212; 24.\u0534\u0565\u056f\u057f\u0565\u0574\u0562\u0565\u0580.2021 <\/strong><\/p>\n\n\n\n<p>Erm\u0259ni m\u0259tbuat\u0131 Ali Ba\u015f Komandan\u0131n a\u015fa\u011f\u0131dak\u0131 fikirl\u0259rin\u0259 geni\u015f yer veribl\u0259r.<\/p>\n\n\n\n<p>\u0130lham \u018fliyev c\u00fcm\u0259 g\u00fcn\u00fc Hadrutda h\u0259rbi hiss\u0259nin a\u00e7\u0131l\u0131\u015f m\u0259rasimind\u0259 \u00e7\u0131x\u0131\u015f\u0131 zaman\u0131 deyib: <strong>&#171;Az\u0259rbaycan prezidenti \u0130lham \u018fliyev b\u0259yan edib ki, Bak\u0131 \u00f6lk\u0259nin \u0259razi b\u00fct\u00f6vl\u00fcy\u00fcn\u00fc t\u0259hdid ed\u0259n riskl\u0259rin qar\u015f\u0131s\u0131n\u0131 alacaq&#187;.<\/strong><\/p>\n\n\n\n<p>\u0130lham \u018fliyev c\u00fcm\u0259 g\u00fcn\u00fc i\u015f\u011fal alt\u0131ndak\u0131 Hadrutda h\u0259rbi hiss\u0259nin a\u00e7\u0131l\u0131\u015f m\u0259rasimind\u0259 \u00e7\u0131x\u0131\u015f\u0131 zaman\u0131 deyib: <\/p>\n\n\n\n<p> <strong>\u201cBu g\u00fcn Erm\u0259nistan ordusu yoxdur. \u018fg\u0259r Erm\u0259nistan yenid\u0259n bizim \u00fc\u00e7\u00fcn t\u0259hl\u00fck\u0259 m\u0259nb\u0259yi olma\u011fa \u00e7al\u0131\u015farsa, onlar\u0131n sonu \u0130kinci Qaraba\u011f m\u00fcharib\u0259sind\u0259ki kimi olacaq&#187;. <\/strong><\/p>\n\n\n\n<p>D\u00f6vl\u0259t ba\u015f\u00e7\u0131s\u0131 qeyd edib ki, Az\u0259rbaycan \u00f6z\u00fcn\u0259 qar\u015f\u0131 t\u0259hl\u00fck\u0259 hiss ed\u0259rs\u0259, onun qar\u015f\u0131s\u0131n\u0131 almaq \u00fc\u00e7\u00fcn add\u0131mlar atacaq. \u201cBiz he\u00e7 vaxt xalq\u0131m\u0131za, d\u00f6vl\u0259timiz\u0259, \u0259razi b\u00fct\u00f6vl\u00fcy\u00fcm\u00fcz\u0259 t\u0259hdidl\u0259r\u0259 yol ver\u0259 bilm\u0259rik. \u018fg\u0259r biz o t\u0259hl\u00fck\u0259ni g\u00f6rs\u0259k, h\u0259tta \u00f6lk\u0259d\u0259n k\u0259narda bel\u0259, he\u00e7 kim biz\u0259 mane ola bilm\u0259z. H\u0259min 44 g\u00fcn \u0259rzind\u0259 ne\u00e7\u0259 d\u0259f\u0259 biz\u0259 mane olma\u011fa \u00e7al\u0131\u015fd\u0131lar, ne\u00e7\u0259 d\u0259f\u0259 t\u0259zyiq g\u00f6st\u0259rdil\u0259r, h\u0259d\u0259l\u0259dil\u0259r. \u201cAncaq he\u00e7 kim biz\u0259 mane ola bilm\u0259di\u201d. <\/p>\n\n\n\n<p>M\u0259nb\u0259:( <a href=\"http:\/\/topnews.mediamall.am\/?id=245871&amp;fbclid=IwAR2aP08LxcqqezY-QAeJgC17zv4VLfJF_rInhxQlSjYe3BCWWta9OhNSWkU\" rel=\"noreferrer noopener\" target=\"_blank\">http:\/\/topnews.mediamall.am\/?id=245871<\/a>) <\/p>\n\n\n\n<p><strong>\u0130smay\u0131l Tanr\u0131verdi<\/strong><\/p>\n\n\n\n<p> <strong><em>BDU-nun Erm\u0259ni ara\u015fd\u0131rmalar\u0131 v\u0259 T\u0259lim M\u0259rk\u0259zinin direktoru<\/em><\/strong><\/p>\n","protected":false},"excerpt":{"rendered":"<p>Erm\u0259ni m\u0259tbuat\u0131 qorxu i\u00e7ind\u0259 yaz\u0131r: \u018fliyev yenid\u0259n Erm\u0259nistan\u0131 h\u0259d\u0259l\u0259yib: \u201cBizi he\u00e7 kim dayand\u0131ra bilm\u0259z\u201d. 18:04 &#8212; 24.Dekabr.2021 \u00ab\u0544\u0565\u0566 \u0578\u0579 \u0578\u0584 \u0579\u056b \u056f\u0561\u0580\u0578\u0572 \u056f\u0561\u0576\u0563\u0576\u0565\u0581\u0576\u0565\u056c\u00bb. \u0531\u056c\u056b\u0587\u0568<\/p>\n","protected":false},"author":2,"featured_media":57537,"comment_status":"closed","ping_status":"closed","sticky":false,"template":"","format":"standard","meta":{"footnotes":""},"categories":[4],"tags":[],"class_list":["post-57536","post","type-post","status-publish","format-standard","has-post-thumbnail","hentry","category-qarabag"],"aioseo_notices":[],"_links":{"self":[{"href":"https:\/\/fedai.az\/index.php?rest_route=\/wp\/v2\/posts\/57536","targetHints":{"allow":["GET"]}}],"collection":[{"href":"https:\/\/fedai.az\/index.php?rest_route=\/wp\/v2\/posts"}],"about":[{"href":"https:\/\/fedai.az\/index.php?rest_route=\/wp\/v2\/types\/post"}],"author":[{"embeddable":true,"href":"https:\/\/fedai.az\/index.php?rest_route=\/wp\/v2\/users\/2"}],"replies":[{"embeddable":true,"href":"https:\/\/fedai.az\/index.php?rest_route=%2Fwp%2Fv2%2Fcomments&post=57536"}],"version-history":[{"count":1,"href":"https:\/\/fedai.az\/index.php?rest_route=\/wp\/v2\/posts\/57536\/revisions"}],"predecessor-version":[{"id":57538,"href":"https:\/\/fedai.az\/index.php?rest_route=\/wp\/v2\/posts\/57536\/revisions\/57538"}],"wp:featuredmedia":[{"embeddable":true,"href":"https:\/\/fedai.az\/index.php?rest_route=\/wp\/v2\/media\/57537"}],"wp:attachment":[{"href":"https:\/\/fedai.az\/index.php?rest_route=%2Fwp%2Fv2%2Fmedia&parent=57536"}],"wp:term":[{"taxonomy":"category","embeddable":true,"href":"https:\/\/fedai.az\/index.php?rest_route=%2Fwp%2Fv2%2Fcategories&post=57536"},{"taxonomy":"post_tag","embeddable":true,"href":"https:\/\/fedai.az\/index.php?rest_route=%2Fwp%2Fv2%2Ftags&post=57536"}],"curies":[{"name":"wp","href":"https:\/\/api.w.org\/{rel}","templated":true}]}}