{"id":57551,"date":"2021-12-26T11:21:57","date_gmt":"2021-12-26T07:21:57","guid":{"rendered":"https:\/\/fedai.az\/?p=57551"},"modified":"2021-12-26T11:22:02","modified_gmt":"2021-12-26T07:22:02","slug":"yeni-yaradilan-komando-briqadasi-video","status":"publish","type":"post","link":"https:\/\/fedai.az\/?p=57551","title":{"rendered":"Yeni yarad\u0131lan Komando briqadas\u0131 &#8212; V\u0130DEO"},"content":{"rendered":"\n<p><strong>X\u0259b\u0259r verdiyimiz kimi, \u00f6t\u0259n g\u00fcn Hadrutda Az\u0259rbaycan Ordusunun yeni silahl\u0131 birl\u0259\u015fm\u0259si olan Komando Briqadas\u0131n\u0131n h\u0259rbi hiss\u0259sinin a\u00e7\u0131l\u0131\u015f\u0131 olub.<\/strong><\/p>\n\n\n\n<p>Fedai.az x\u0259b\u0259r verir ki,\u00a0a\u00e7\u0131l\u0131\u015f m\u0259rasimind\u0259 218-ci Komando Briqadas\u0131n\u0131n komandiri polkovnik El\u015f\u0259n Sanayev d\u00f6y\u00fc\u015f bayra\u011f\u0131n\u0131 almaq \u00fc\u00e7\u00fcn g\u0259lib.<\/p>\n\n\n\n<p>O, Ali Ba\u015f Komandana raport, briqadaya is\u0259 komanda verib.<\/p>\n\n\n\n<figure class=\"wp-block-image size-large is-resized\"><img loading=\"lazy\" decoding=\"async\" src=\"https:\/\/fedai.az\/wp-content\/uploads\/2021\/12\/1640409087_polkovnik-1.jpg\" alt=\"\" class=\"wp-image-57552\" width=\"911\" height=\"572\" srcset=\"https:\/\/fedai.az\/wp-content\/uploads\/2021\/12\/1640409087_polkovnik-1.jpg 637w, https:\/\/fedai.az\/wp-content\/uploads\/2021\/12\/1640409087_polkovnik-1-300x188.jpg 300w, https:\/\/fedai.az\/wp-content\/uploads\/2021\/12\/1640409087_polkovnik-1-150x94.jpg 150w, https:\/\/fedai.az\/wp-content\/uploads\/2021\/12\/1640409087_polkovnik-1-115x73.jpg 115w\" sizes=\"auto, (max-width: 911px) 100vw, 911px\" \/><\/figure>\n\n\n\n<p>M\u0259lumat \u00fc\u00e7\u00fcn bildir\u0259k ki, polkovnik El\u015f\u0259n Sanayev V\u0259t\u0259n m\u00fcharib\u0259sind\u0259 i\u015ftirak edib. O, polkovnik r\u00fctb\u0259sini d\u0259 el\u0259 V\u0259t\u0259n m\u00fcharib\u0259sind\u0259n sonra al\u0131b.<\/p>\n\n\n\n<p>El\u015f\u0259n Sanayev V\u0259t\u0259n m\u00fcharib\u0259sind\u0259n sonra &#171;D\u00f6y\u00fc\u015fd\u0259 f\u0259rql\u0259nm\u0259y\u0259 g\u00f6r\u0259&#187;, C\u0259bray\u0131l\u0131n, F\u00fczulinin v\u0259 Xocav\u0259ndin azad olunmas\u0131na g\u00f6r\u0259 medallar\u0131 il\u0259 t\u0259ltif olunub.<\/p>\n\n\n\n<p>Qusar rayonunda anadan olan Sanayev El\u015f\u0259n T\u0259rlan o\u011flunun 45 ya\u015f\u0131 var.<\/p>\n\n\n\n<figure class=\"wp-block-embed is-type-video is-provider-youtube wp-block-embed-youtube wp-embed-aspect-16-9 wp-has-aspect-ratio\"><div class=\"wp-block-embed__wrapper\">\n<iframe loading=\"lazy\" title=\"Ali Ba\u015f Komandan \u0130lham \u018fliyev Hadrutda Komando Birl\u0259\u015fm\u0259sinin d\u00f6y\u00fc\u015f bayra\u011f\u0131n\u0131 t\u0259qdim etdi\" width=\"715\" height=\"402\" src=\"https:\/\/www.youtube.com\/embed\/U72hWTxc3fs?feature=oembed\" frameborder=\"0\" allow=\"accelerometer; autoplay; clipboard-write; encrypted-media; gyroscope; picture-in-picture\" allowfullscreen><\/iframe>\n<\/div><\/figure>\n","protected":false},"excerpt":{"rendered":"<p>X\u0259b\u0259r verdiyimiz kimi, \u00f6t\u0259n g\u00fcn Hadrutda Az\u0259rbaycan Ordusunun yeni silahl\u0131 birl\u0259\u015fm\u0259si olan Komando Briqadas\u0131n\u0131n h\u0259rbi hiss\u0259sinin a\u00e7\u0131l\u0131\u015f\u0131 olub. Fedai.az x\u0259b\u0259r verir ki,\u00a0a\u00e7\u0131l\u0131\u015f m\u0259rasimind\u0259 218-ci<\/p>\n","protected":false},"author":2,"featured_media":57553,"comment_status":"closed","ping_status":"closed","sticky":false,"template":"","format":"standard","meta":{"footnotes":""},"categories":[4],"tags":[],"class_list":["post-57551","post","type-post","status-publish","format-standard","has-post-thumbnail","hentry","category-qarabag"],"aioseo_notices":[],"_links":{"self":[{"href":"https:\/\/fedai.az\/index.php?rest_route=\/wp\/v2\/posts\/57551","targetHints":{"allow":["GET"]}}],"collection":[{"href":"https:\/\/fedai.az\/index.php?rest_route=\/wp\/v2\/posts"}],"about":[{"href":"https:\/\/fedai.az\/index.php?rest_route=\/wp\/v2\/types\/post"}],"author":[{"embeddable":true,"href":"https:\/\/fedai.az\/index.php?rest_route=\/wp\/v2\/users\/2"}],"replies":[{"embeddable":true,"href":"https:\/\/fedai.az\/index.php?rest_route=%2Fwp%2Fv2%2Fcomments&post=57551"}],"version-history":[{"count":1,"href":"https:\/\/fedai.az\/index.php?rest_route=\/wp\/v2\/posts\/57551\/revisions"}],"predecessor-version":[{"id":57554,"href":"https:\/\/fedai.az\/index.php?rest_route=\/wp\/v2\/posts\/57551\/revisions\/57554"}],"wp:featuredmedia":[{"embeddable":true,"href":"https:\/\/fedai.az\/index.php?rest_route=\/wp\/v2\/media\/57553"}],"wp:attachment":[{"href":"https:\/\/fedai.az\/index.php?rest_route=%2Fwp%2Fv2%2Fmedia&parent=57551"}],"wp:term":[{"taxonomy":"category","embeddable":true,"href":"https:\/\/fedai.az\/index.php?rest_route=%2Fwp%2Fv2%2Fcategories&post=57551"},{"taxonomy":"post_tag","embeddable":true,"href":"https:\/\/fedai.az\/index.php?rest_route=%2Fwp%2Fv2%2Ftags&post=57551"}],"curies":[{"name":"wp","href":"https:\/\/api.w.org\/{rel}","templated":true}]}}