{"id":57565,"date":"2021-12-26T14:09:07","date_gmt":"2021-12-26T10:09:07","guid":{"rendered":"https:\/\/fedai.az\/?p=57565"},"modified":"2021-12-26T14:09:56","modified_gmt":"2021-12-26T10:09:56","slug":"t%c9%99brik-aslanov-sahin-mubar%c9%99k-oglu-55","status":"publish","type":"post","link":"https:\/\/fedai.az\/?p=57565","title":{"rendered":"T\u018fBR\u0130K: ASLANOV \u015eAH\u0130N M\u00dcBAR\u018fK O\u011eLU &#8212; 55"},"content":{"rendered":"\n<p><strong>&nbsp;&nbsp;&nbsp;&nbsp;&nbsp; <span class=\"has-inline-color has-vivid-red-color\">Pe\u015f\u0259karl\u0131\u011f\u0131 v\u0259 humanistliyi il\u0259 se\u00e7il\u0259n&nbsp; \u00f6mr\u00fcn\u00fcn \u0259n m\u0259hsuldar d\u00f6vr\u00fcn\u00fcn 24 ild\u0259n \u00e7ox \u015f\u0259r\u0259fli xidm\u0259ti yolunu h\u0259rbi Daxili \u0130\u015fl\u0259r Nazirliyinin Daxili Qo\u015funlar\u0131nda ke\u00e7ir\u0259n M\u00fcharib\u0259 Veteran\u0131 ehtiyYatda olan mayor Aslanov \u015eahin M\u00fcbar\u0259k o\u011flunun&nbsp; 27 dekabrda&nbsp; 55 ya\u015f\u0131 tamam olur. Bu g\u00fcn m\u00fcnasib\u0259til\u0259 AVMV\u0130B R\u0259hb\u0259rliyi v\u0259 Az\u0259rbaycan V\u0259t\u0259n M\u00fcharib\u0259si Veteranlar\u0131 \u0130ctimai Birliyinin&nbsp; s\u0259dr m\u00fcavini polkovnik Salman Musayev \u015eahin Aslanovu do\u011fum g\u00fcn\u00fc m\u00fcnasib\u0259til\u0259 s\u0259mimi q\u0259lbd\u0259n t\u0259brik edir, ona h\u0259yatda insan \u00fc\u00e7\u00fcn \u0259n \u015firin nem\u0259t olan m\u00f6hk\u0259m&nbsp; can sa\u011fl\u0131\u011f\u0131,  ail\u0259 s\u0259ad\u0259ti&nbsp; v\u0259 h\u0259yat yollar\u0131nda bitib &#8212; t\u00fck\u0259nm\u0259y\u0259n naliy\u0259tl\u0259r arzulay\u0131r.<\/span><\/strong><\/p>\n\n\n\n<p><strong>&nbsp;&nbsp;&nbsp; Qoy ya\u015f\u0131n\u0131n \u00fcst\u0259 g\u0259l\u0259n bu ya\u015f ona sevinc dolu g\u00fcnl\u0259r b\u0259x\u015f etsin v\u0259 h\u0259r yeni g\u00fcn\u00fc is\u0259 \u00f6t\u0259n g\u00fcnl\u0259rd\u0259n daha g\u00f6z\u0259l ist\u0259kl\u0259rin\u0259 uy\u011fun onu xo\u015fb\u0259xt ed\u0259c\u0259k \u015f\u0259kild\u0259 ke\u00e7sin. Amin!<\/strong><\/p>\n\n\n\n<p>&nbsp;&nbsp;&nbsp;&nbsp;&nbsp; M\u00fcharib\u0259 Veteran\u0131 ehtiyatda olan&nbsp; mayor Aslanov \u015eahin M\u00fcbar\u0259k o\u011flu 27 dekabr&nbsp; 1966 -c\u0131 ild\u0259 F\u00fczuli rayonun A\u015fa\u011f\u0131 Abdur\u0259hmanl\u0131&nbsp; k\u0259ndind\u0259 anadan olub.<\/p>\n\n\n\n<figure class=\"wp-block-gallery columns-2 is-cropped wp-block-gallery-1 is-layout-flex wp-block-gallery-is-layout-flex\"><ul class=\"blocks-gallery-grid\"><li class=\"blocks-gallery-item\"><figure><img loading=\"lazy\" decoding=\"async\" width=\"249\" height=\"320\" src=\"https:\/\/fedai.az\/wp-content\/uploads\/2021\/12\/20211225_094954.jpg\" alt=\"\" data-id=\"57566\" data-link=\"https:\/\/fedai.az\/?attachment_id=57566\" class=\"wp-image-57566\" srcset=\"https:\/\/fedai.az\/wp-content\/uploads\/2021\/12\/20211225_094954.jpg 249w, https:\/\/fedai.az\/wp-content\/uploads\/2021\/12\/20211225_094954-233x300.jpg 233w, https:\/\/fedai.az\/wp-content\/uploads\/2021\/12\/20211225_094954-117x150.jpg 117w\" sizes=\"auto, (max-width: 249px) 100vw, 249px\" \/><\/figure><\/li><li class=\"blocks-gallery-item\"><figure><img loading=\"lazy\" decoding=\"async\" width=\"870\" height=\"1024\" src=\"https:\/\/fedai.az\/wp-content\/uploads\/2021\/12\/IMG-20211224-WA0069.jpg\" alt=\"\" data-id=\"57567\" data-full-url=\"https:\/\/fedai.az\/wp-content\/uploads\/2021\/12\/IMG-20211224-WA0069.jpg\" data-link=\"https:\/\/fedai.az\/?attachment_id=57567\" class=\"wp-image-57567\" srcset=\"https:\/\/fedai.az\/wp-content\/uploads\/2021\/12\/IMG-20211224-WA0069.jpg 870w, https:\/\/fedai.az\/wp-content\/uploads\/2021\/12\/IMG-20211224-WA0069-255x300.jpg 255w, https:\/\/fedai.az\/wp-content\/uploads\/2021\/12\/IMG-20211224-WA0069-127x150.jpg 127w, https:\/\/fedai.az\/wp-content\/uploads\/2021\/12\/IMG-20211224-WA0069-768x904.jpg 768w\" sizes=\"auto, (max-width: 870px) 100vw, 870px\" \/><\/figure><\/li><\/ul><\/figure>\n\n\n\n<p>Aslanov \u015eahin M\u00fcbar\u0259k o\u011flu&nbsp; 1984 -c\u00fc ild\u0259 F\u00fczuli rayonun A\u015fa\u011f\u0131 Abdur\u0259hmanl\u0131 k\u0259nd orta m\u0259kt\u0259bini, 1995-ci ild\u0259 Az\u0259rbaycan D\u00f6vl\u0259t Pedaqoji \u00dcnverstetinin ibtidai h\u0259rbi haz\u0131rl\u0131q v\u0259 b\u0259d\u0259n t\u0259rbiy\u0259si fakult\u0259sini,&nbsp; Daxili Qo\u015funlarda xidm\u0259t etdiyi ill\u0259r \u0259rzind\u0259&nbsp; is\u0259 zabitl\u0259rin t\u0259hkiml\u0259\u015fdirm\u0259 kursunu bitrib. Daxili Qo\u015funlar\u0131n Bas \u0130dar\u0259sind\u0259 v\u0259 h\u0259rbi hiss\u0259l\u0259rind\u0259 kecirl\u0259n&nbsp;&nbsp; bir cox metodiki t\u0259lim toplan\u0131\u015flarda, t\u0259liml\u0259rd\u0259, seminar v\u0259 konfranslarda f\u0259al i\u015ftirak edib.<\/p>\n\n\n\n<p>&nbsp;&nbsp;&nbsp;&nbsp;&nbsp; Mayor \u015eahin M\u00fcbar\u0259k o\u011flu Aslanov&nbsp; 1985-1987-ci ill\u0259rd\u0259 SSR\u0130 Daxili \u0130\u015fl\u0259r Nazirliyinin Daxili Qo\u015funlar\u0131nda m\u00fcdd\u0259tli h\u0259qiqi h\u0259rbi xidm\u0259td\u0259 olub. 1987- 1989-cu ill\u0259rd\u0259 F\u00fczuli rayonun Sovxozunda m\u00fcvafiq v\u0259zif\u0259d\u0259 i\u015fl\u0259yib.1992-ci ild\u0259 M\u00fcdafi\u0259 Nazirliyind\u0259 k\u00f6n\u00fcll\u00fc olaraq ordu s\u0131ralar\u0131na yaz\u0131laraq Az\u0259rbaycan \u0259razi b\u00fct\u00f6vl\u00fcy\u00fc u\u011frunda (F\u00fczuli rayonu istiqam\u0259tind\u0259) ged\u0259n d\u00f6y\u00fc\u015fl\u0259rd\u0259 i\u015ftirak edib.0, 1995- 2018 ci ill\u0259rd\u0259 Daxili \u0130\u015fl\u0259r Nazirliyinin Daxili Qo\u015funlar\u0131nBa\u015f \u0130dar\u0259sinin F\u00fczuli, X\u0259tai, Hacqabul, Bin\u0259q\u0259di v\u0259&nbsp; B\u0259rd\u0259 rayonlar\u0131nda yerl\u0259\u015f\u0259n h\u0259rbi hiss\u0259l\u0259rd\u0259 taq\u0131m v\u0259 b\u00f6luk komandiri,xidm\u0259t r\u0259isi, Daxili Qo\u015funlar\u0131n Bas \u0130dar\u0259sinin \u0130nspeksiyas\u0131nda is\u0259 inispektor v\u0259zif\u0259l\u0259rind\u0259 V\u0259t\u0259n\u0259,D\u00f6vl\u0259t\u0259 v\u0259 Xalqa s\u0259daq\u0259tl\u0259 xidm\u0259t etmi\u015fdir.<\/p>\n\n\n\n<figure class=\"wp-block-image size-large\"><img loading=\"lazy\" decoding=\"async\" width=\"1024\" height=\"623\" src=\"https:\/\/fedai.az\/wp-content\/uploads\/2021\/12\/IMG-20211224-WA0072-rotated.jpg\" alt=\"\" class=\"wp-image-57568\" srcset=\"https:\/\/fedai.az\/wp-content\/uploads\/2021\/12\/IMG-20211224-WA0072-rotated.jpg 1024w, https:\/\/fedai.az\/wp-content\/uploads\/2021\/12\/IMG-20211224-WA0072-300x183.jpg 300w, https:\/\/fedai.az\/wp-content\/uploads\/2021\/12\/IMG-20211224-WA0072-150x91.jpg 150w, https:\/\/fedai.az\/wp-content\/uploads\/2021\/12\/IMG-20211224-WA0072-768x467.jpg 768w\" sizes=\"auto, (max-width: 1024px) 100vw, 1024px\" \/><\/figure>\n\n\n\n<p>&nbsp;&nbsp;&nbsp;&nbsp; O, Daxili Qo\u015funlarda xidm\u0259t etdiyi ill\u0259r \u0259rzind\u0259 \u00f6zun\u00fc u\u015faq vaxtlar\u0131ndan, g\u00f6z\u0259l ail\u0259 v\u0259 m\u0259kt\u0259b t\u0259rbiy\u0259si il\u0259 b\u00f6y\u00fcm\u00fc\u015f, \u0259xlaq\u0131 t\u0259rbiy\u0259si yerind\u0259 olan, nizam v\u0259 intizaml\u0131 h\u0259rbi\u00e7i kimi g\u00f6st\u0259rmi\u015fdir.O i\u015fl\u0259diyi v\u0259 oxudu\u011fu&nbsp;&nbsp; t\u0259hsil m\u00fc\u0259ssis\u0259l\u0259rind\u0259,ya\u015fad\u0131\u011f\u0131 \u0259razid\u0259&nbsp; kollektiv aras\u0131nda h\u0259mi\u015f\u0259 m\u00fcsb\u0259t m\u0259nada se\u00e7il\u0259r\u0259k, ba\u015fqalar\u0131 \u00fc\u00e7\u00fcn&nbsp; n\u00fcmun\u0259 olmu\u015fdur.<\/p>\n\n\n\n<p>&nbsp;&nbsp;&nbsp;&nbsp; Aslanov \u015eahin M\u00fcbar\u0259k o\u011flu &nbsp;Daxili Qo\u015funlarda xidm\u0259t etdiyi ill\u0259r \u0259rzind\u0259&nbsp; \u00f6z\u00fcn\u00fc qorxmaz, s\u0259xav\u0259tli, insanp\u0259rv\u0259r, \u0259lia\u00e7\u0131q, z\u0259hm\u0259tke\u015f zabit kimi g\u00f6st\u0259rmi\u015fdir. O,ist\u0259r anadan oldu\u011fu v\u0259 ya\u015fad\u0131\u011f\u0131 \u0259razid\u0259, t\u0259hsil ald\u0131g\u0131 orta v\u0259 ali t\u0259hsil m\u00fc\u0259ssis\u0259l\u0259rind\u0259, ist\u0259rs\u0259 d\u0259 xidm\u0259t etdiyi v\u0259 i\u015fl\u0259diyi kollektivl\u0259rd\u0259, dost -tan\u0131\u015f,qohum -\u0259qraba aras\u0131nda \u00f6z\u00fcn\u0259 layiq h\u00f6rm\u0259t qazanm\u0131\u015fd\u0131r.<\/p>\n\n\n\n<p>&nbsp;&nbsp;&nbsp;&nbsp;&nbsp; O, Az\u0259rbaycan Respublikas\u0131nda ictimai qaydan\u0131n v\u0259 ictimai t\u0259hl\u00fck\u0259sizliyin qorunmasnda, \u015f\u0259h\u0259rd\u0259, ya\u015fay\u0131\u015f m\u0259nt\u0259q\u0259l\u0259rind\u0259 v\u0259 c\u0259za\u00e7\u0259km\u0259 m\u00fc\u0259ssis\u0259l\u0259rind\u0259 ba\u015f vermi\u015f k\u00fctl\u0259vi ixti\u015fa\u015flar\u0131n qar\u015f\u0131s\u0131n\u0131n al\u0131nmas\u0131nda, M\u00fct\u0259\u015f\u0259kkil cinay\u0259tkarl\u0131\u011fa qar\u015f\u0131 m\u00fcbariz\u0259d\u0259,qanunsuz silahl\u0131 d\u0259st\u0259l\u0259rin axtar\u0131\u015f\u0131nda v\u0259 z\u0259r\u0259rsizl\u0259\u015fdirilm\u0259sind\u0259, F\u00f6vqal\u0259d\u0259 v\u0259ziyy\u0259t zaman\u0131 h\u00fcquqi rejimin t\u0259min olunmas\u0131nda,&nbsp; d\u00f6vl\u0259tin \u0259razi b\u00fct\u00f6vl\u00fcy\u00fcn\u00fcn t\u0259min edilm\u0259sind\u0259 \u00fcz\u0259rin\u0259 d\u00fc\u015f\u0259n v\u0259zif\u0259 v\u0259 tap\u015f\u0131r\u0131qlar\u0131 m\u0259suliyy\u0259t v\u0259 \u015f\u0259r\u0259f hissi il\u0259&nbsp;&nbsp; yer\u0131n\u0259 yetirmi\u015fdir.<\/p>\n\n\n\n<figure class=\"wp-block-image size-large\"><img loading=\"lazy\" decoding=\"async\" width=\"1024\" height=\"732\" src=\"https:\/\/fedai.az\/wp-content\/uploads\/2021\/12\/IMG-20211224-WA0071-rotated.jpg\" alt=\"\" class=\"wp-image-57569\" srcset=\"https:\/\/fedai.az\/wp-content\/uploads\/2021\/12\/IMG-20211224-WA0071-rotated.jpg 1024w, https:\/\/fedai.az\/wp-content\/uploads\/2021\/12\/IMG-20211224-WA0071-300x214.jpg 300w, https:\/\/fedai.az\/wp-content\/uploads\/2021\/12\/IMG-20211224-WA0071-150x107.jpg 150w, https:\/\/fedai.az\/wp-content\/uploads\/2021\/12\/IMG-20211224-WA0071-768x549.jpg 768w\" sizes=\"auto, (max-width: 1024px) 100vw, 1024px\" \/><\/figure>\n\n\n\n<p>&nbsp;&nbsp;&nbsp;&nbsp;&nbsp; H\u0259rbi xidm\u0259ti v\u0259zif\u0259l\u0259rinin icras\u0131 zaman\u0131 y\u00fcks\u0259k m\u0259n\u0259vi- d\u00f6y\u00fc\u015f v\u0259 d\u00f6y\u00fc\u015f keyfiyy\u0259tl\u0259ri g\u00f6st\u0259rdiyin\u0259 g\u00f6r\u0259, d\u00f6y\u00fc\u015f v\u0259 ictimai siyas\u0131&nbsp;&nbsp; haz\u0131rl\u0131\u011f\u0131nda ,h\u0259rbi intizam\u0131n m\u00f6hk\u0259ml\u0259ndirilm\u0259sind\u0259 y\u00fcks\u0259k g\u00f6st\u0259ricil\u0259r\u0259 nail oldu\u011funa v\u0259 n\u00fcmun\u0259vi xidm\u0259tin\u0259 g\u00f6r\u0259 Daxili \u0130\u015fl\u0259r Nazirinin, Daxili Qo\u015funlar Komandan\u0131n v\u0259 onun m\u00fcavinl\u0259rinin,&nbsp;&nbsp; h\u0259rbi hiss\u0259 komandirinin m\u00fcvafiq \u0259mrl\u0259ri &#187; \u018fla Xidm\u0259tl\u0259r\u0259 g\u00f6r\u0259&#187; d\u00f6\u015f v\u0259 yubiley ni\u015fanlar\u0131 il\u0259, pul m\u00fckafatlar\u0131 il\u0259, f\u0259xri f\u0259rmanlarla&nbsp; v\u0259 qiym\u0259tli h\u0259diyy\u0259l\u0259rl\u0259 m\u00fckafatland\u0131rl\u0131b v\u0259 ona t\u0259\u015f\u0259kk\u00fcr elan edilib.<\/p>\n\n\n\n<figure class=\"wp-block-image size-large\"><img loading=\"lazy\" decoding=\"async\" width=\"1024\" height=\"684\" src=\"https:\/\/fedai.az\/wp-content\/uploads\/2021\/12\/IMG-20211224-WA0070-rotated.jpg\" alt=\"\" class=\"wp-image-57570\" srcset=\"https:\/\/fedai.az\/wp-content\/uploads\/2021\/12\/IMG-20211224-WA0070-rotated.jpg 1024w, https:\/\/fedai.az\/wp-content\/uploads\/2021\/12\/IMG-20211224-WA0070-300x200.jpg 300w, https:\/\/fedai.az\/wp-content\/uploads\/2021\/12\/IMG-20211224-WA0070-150x100.jpg 150w, https:\/\/fedai.az\/wp-content\/uploads\/2021\/12\/IMG-20211224-WA0070-768x513.jpg 768w\" sizes=\"auto, (max-width: 1024px) 100vw, 1024px\" \/><\/figure>\n\n\n\n<p>&nbsp;&nbsp;&nbsp;&nbsp; D\u00f6y\u00fc\u015f haz\u0131rl\u0131\u011f\u0131ndak\u0131 \u0259la g\u00f6st\u0259ricil\u0259r\u0259 g\u00f6r\u0259,&nbsp; t\u0259liml\u0259rd\u0259, x\u00fcsusi&nbsp; \u0259m\u0259liyyatlarda, Az\u0259rbaycan\u0131n \u0259razi b\u00fct\u00f6vl\u00fcy\u00fcn\u00fcn t\u0259min edilm\u0259sind\u0259,d\u00f6y\u00fc\u015f&nbsp; xidm\u0259tind\u0259 v\u0259 d\u00f6y\u00fc\u015f n\u00f6vb\u0259sind\u0259 x\u00fcsusi f\u0259riql\u0259ndiyin\u0259 g\u00f6r\u0259 Az\u0259rbaycan Respublikas\u0131n\u0131n Prezidenti ad\u0131ndan Daxili \u0130\u015fl\u0259r Nazirnin m\u00fcvafiq \u0259mrl\u0259ri il\u0259 &#171;Qusrsuz xidm\u0259tl\u0259r\u0259 g\u00f6r\u0259 &#187; 1-ci, 2-ci v\u0259 3-c\u00fc d\u0259r\u0259c\u0259li,&nbsp; &#171;Silahl\u0131 Q\u00fcvv\u0259l\u0259rin yaranmas\u0131n\u0131n &#187; 10 -\u0130liyi, 90- illiyi v\u0259 95 &#8212; iliyi yubiley medallar\u0131 il\u0259 t\u0259ltif olunub.<\/p>\n\n\n\n<p><strong>DO\u011eUM G\u00dcN\u00dcN M\u00dcBAR\u018fK OLSUN, \u015eAH\u0130N B\u018fY!<\/strong><\/p>\n\n\n\n<p><strong>ALLAH H\u018fR ZAMAN Q\u018fLB\u0130N\u0130 SIXINTIDAN, B\u018fDB\u0130NL\u0130KD\u018fN QORUSUN!<\/strong><\/p>\n\n\n\n<p><strong>B\u00dcT\u00dcN ARZULARIN \u00c7\u0130N OLSUN!<\/strong><\/p>\n\n\n\n<p><strong>H\u018fM\u0130\u015e\u018f \u00dcZ\u00dcN G\u00dcLS\u00dcN, \u00dcR\u018fY\u0130N SEV\u0130NS\u0130N!<\/strong><\/p>\n\n\n\n<p><strong>DA\u0130MA XO\u015eB\u018fXT YA\u015eA, \u00d6MR\u00dcN UZUN OLSUN!<\/strong><\/p>\n\n\n\n<p><strong>D\u0259rin h\u00f6rm\u0259tl\u0259, Az\u0259rbaycan V\u0259t\u0259n M\u00fcharib\u0259si Veteranlar\u0131 \u0130ctimai&nbsp; Birliyinin s\u0259dr m\u00fcavini polkovnik Salman Musayev<\/strong><\/p>\n\n\n\n<figure class=\"wp-block-image size-large is-resized\"><img loading=\"lazy\" decoding=\"async\" src=\"https:\/\/fedai.az\/wp-content\/uploads\/2021\/12\/IMG-20211224-WA0073.jpg\" alt=\"\" class=\"wp-image-57571\" width=\"915\" height=\"1466\" srcset=\"https:\/\/fedai.az\/wp-content\/uploads\/2021\/12\/IMG-20211224-WA0073.jpg 639w, https:\/\/fedai.az\/wp-content\/uploads\/2021\/12\/IMG-20211224-WA0073-187x300.jpg 187w, https:\/\/fedai.az\/wp-content\/uploads\/2021\/12\/IMG-20211224-WA0073-94x150.jpg 94w\" sizes=\"auto, (max-width: 915px) 100vw, 915px\" \/><\/figure>\n\n\n\n<figure class=\"wp-block-gallery columns-2 is-cropped wp-block-gallery-2 is-layout-flex wp-block-gallery-is-layout-flex\"><ul class=\"blocks-gallery-grid\"><li class=\"blocks-gallery-item\"><figure><img loading=\"lazy\" decoding=\"async\" width=\"600\" height=\"600\" src=\"https:\/\/fedai.az\/wp-content\/uploads\/2021\/12\/8265a327389da9fe4fdc2714b309120e-1-1.jpg\" alt=\"\" data-id=\"57506\" data-full-url=\"https:\/\/fedai.az\/wp-content\/uploads\/2021\/12\/8265a327389da9fe4fdc2714b309120e-1-1.jpg\" data-link=\"https:\/\/fedai.az\/?attachment_id=57506\" class=\"wp-image-57506\" srcset=\"https:\/\/fedai.az\/wp-content\/uploads\/2021\/12\/8265a327389da9fe4fdc2714b309120e-1-1.jpg 600w, https:\/\/fedai.az\/wp-content\/uploads\/2021\/12\/8265a327389da9fe4fdc2714b309120e-1-1-300x300.jpg 300w, https:\/\/fedai.az\/wp-content\/uploads\/2021\/12\/8265a327389da9fe4fdc2714b309120e-1-1-150x150.jpg 150w, https:\/\/fedai.az\/wp-content\/uploads\/2021\/12\/8265a327389da9fe4fdc2714b309120e-1-1-215x215.jpg 215w\" sizes=\"auto, (max-width: 600px) 100vw, 600px\" \/><\/figure><\/li><li class=\"blocks-gallery-item\"><figure><img loading=\"lazy\" decoding=\"async\" width=\"249\" height=\"320\" src=\"https:\/\/fedai.az\/wp-content\/uploads\/2021\/12\/20211225_094954.jpg\" alt=\"\" data-id=\"57566\" data-full-url=\"https:\/\/fedai.az\/wp-content\/uploads\/2021\/12\/20211225_094954.jpg\" data-link=\"https:\/\/fedai.az\/?attachment_id=57566\" class=\"wp-image-57566\" srcset=\"https:\/\/fedai.az\/wp-content\/uploads\/2021\/12\/20211225_094954.jpg 249w, https:\/\/fedai.az\/wp-content\/uploads\/2021\/12\/20211225_094954-233x300.jpg 233w, https:\/\/fedai.az\/wp-content\/uploads\/2021\/12\/20211225_094954-117x150.jpg 117w\" sizes=\"auto, (max-width: 249px) 100vw, 249px\" \/><\/figure><\/li><\/ul><\/figure>\n","protected":false},"excerpt":{"rendered":"<p>&nbsp;&nbsp;&nbsp;&nbsp;&nbsp; Pe\u015f\u0259karl\u0131\u011f\u0131 v\u0259 humanistliyi il\u0259 se\u00e7il\u0259n&nbsp; \u00f6mr\u00fcn\u00fcn \u0259n m\u0259hsuldar d\u00f6vr\u00fcn\u00fcn 24 ild\u0259n \u00e7ox \u015f\u0259r\u0259fli xidm\u0259ti yolunu h\u0259rbi Daxili \u0130\u015fl\u0259r Nazirliyinin Daxili Qo\u015funlar\u0131nda ke\u00e7ir\u0259n M\u00fcharib\u0259<\/p>\n","protected":false},"author":2,"featured_media":57573,"comment_status":"closed","ping_status":"closed","sticky":false,"template":"","format":"standard","meta":{"footnotes":""},"categories":[5],"tags":[],"class_list":["post-57565","post","type-post","status-publish","format-standard","has-post-thumbnail","hentry","category-veteran"],"aioseo_notices":[],"_links":{"self":[{"href":"https:\/\/fedai.az\/index.php?rest_route=\/wp\/v2\/posts\/57565","targetHints":{"allow":["GET"]}}],"collection":[{"href":"https:\/\/fedai.az\/index.php?rest_route=\/wp\/v2\/posts"}],"about":[{"href":"https:\/\/fedai.az\/index.php?rest_route=\/wp\/v2\/types\/post"}],"author":[{"embeddable":true,"href":"https:\/\/fedai.az\/index.php?rest_route=\/wp\/v2\/users\/2"}],"replies":[{"embeddable":true,"href":"https:\/\/fedai.az\/index.php?rest_route=%2Fwp%2Fv2%2Fcomments&post=57565"}],"version-history":[{"count":2,"href":"https:\/\/fedai.az\/index.php?rest_route=\/wp\/v2\/posts\/57565\/revisions"}],"predecessor-version":[{"id":57574,"href":"https:\/\/fedai.az\/index.php?rest_route=\/wp\/v2\/posts\/57565\/revisions\/57574"}],"wp:featuredmedia":[{"embeddable":true,"href":"https:\/\/fedai.az\/index.php?rest_route=\/wp\/v2\/media\/57573"}],"wp:attachment":[{"href":"https:\/\/fedai.az\/index.php?rest_route=%2Fwp%2Fv2%2Fmedia&parent=57565"}],"wp:term":[{"taxonomy":"category","embeddable":true,"href":"https:\/\/fedai.az\/index.php?rest_route=%2Fwp%2Fv2%2Fcategories&post=57565"},{"taxonomy":"post_tag","embeddable":true,"href":"https:\/\/fedai.az\/index.php?rest_route=%2Fwp%2Fv2%2Ftags&post=57565"}],"curies":[{"name":"wp","href":"https:\/\/api.w.org\/{rel}","templated":true}]}}