{"id":57589,"date":"2021-12-27T01:23:28","date_gmt":"2021-12-26T21:23:28","guid":{"rendered":"https:\/\/fedai.az\/?p=57589"},"modified":"2021-12-27T01:23:32","modified_gmt":"2021-12-26T21:23:32","slug":"nikol-pasinyan-qarabagin-yekun-statusu-il%c9%99-bagli-referendum-yalniz-100-ild%c9%99n-sonra-keciril%c9%99-bil%c9%99r","status":"publish","type":"post","link":"https:\/\/fedai.az\/?p=57589","title":{"rendered":"Nikol Pa\u015finyan: &#171;Qaraba\u011f\u0131n yekun statusu il\u0259 ba\u011fl\u0131 referendum yaln\u0131z 100 ild\u0259n sonra ke\u00e7iril\u0259 bil\u0259r&#187;"},"content":{"rendered":"\n<p><strong>Erm\u0259nistan\u0131n ba\u015f naziri Nikol Pa\u015finyan Qaraba\u011fla ba\u011fl\u0131 son a\u00e7\u0131qlamalar\u0131na olan t\u0259nqidl\u0259r\u0259 cavab verib.<\/strong><\/p>\n\n\n\n<p>Erm\u0259ni medias\u0131n\u0131n verdiyi x\u0259b\u0259r\u0259 g\u00f6r\u0259, Pa\u015finyan\u0131n s\u00f6zl\u0259rin\u0259 g\u00f6r\u0259, s\u00f6hb\u0259t onun ba\u015f nazir se\u00e7ilm\u0259sind\u0259n xeyli \u0259vv\u0259l formala\u015fm\u0131\u015f dan\u0131\u015f\u0131qlar irsind\u0259n gedirdi ki, bu da o dem\u0259kdir ki, onun \u00f6z\u00fc dan\u0131\u015f\u0131qlar\u0131n m\u0259zmununun formala\u015fd\u0131r\u0131lmas\u0131 prosesin\u0259 t\u0259sir g\u00f6st\u0259r\u0259 bilm\u0259yib.<\/p>\n\n\n\n<p>\u201c\u018fg\u0259r dan\u0131\u015f\u0131qlara uy\u011fun olaraq az\u0259rbaycanl\u0131lar Qaraba\u011f\u0131n sakinl\u0259ri hesab olunurdusa, onlar orada m\u0259skunla\u015fmal\u0131 idil\u0259r. Erm\u0259nistan 2018-ci ilin \u201cm\u0259xm\u0259ri inqilab\u0131na\u201d q\u0259d\u0259r he\u00e7 vaxt bu m\u0259zmuna etiraz etm\u0259yib\u201d, \u2013 dey\u0259 ba\u015f nazir vur\u011fulay\u0131b.<\/p>\n\n\n\n<p>O, Qaraba\u011f\u0131n yekun statusu il\u0259 ba\u011fl\u0131 referendumun yaln\u0131z 100 ild\u0259n sonra ke\u00e7iril\u0259 bil\u0259c\u0259yin\u0259 diqq\u0259t \u00e7\u0259kib v\u0259 bu y\u00fcz il \u0259rzind\u0259 Da\u011fl\u0131q Qaraba\u011f\u0131n demoqrafik g\u00f6r\u00fcn\u00fc\u015f\u00fcn\u00fcn nec\u0259 d\u0259yi\u015f\u0259c\u0259yini t\u0259xmin etm\u0259k \u00e7\u0259tin deyil.<\/p>\n\n\n\n<p>\u201cH\u0259l\u0259 2018-ci ild\u0259 ba\u015f nazir se\u00e7ilm\u0259mi\u015fd\u0259n \u0259vv\u0259l Qaraba\u011f dan\u0131\u015f\u0131qlar m\u0259ntiqi \u00e7\u0259r\u00e7iv\u0259sind\u0259 Az\u0259rbaycan\u0131n t\u0259rkibind\u0259 olmamaq kimi n\u0259z\u0259ri v\u0259 praktiki imkan\u0131n\u0131 itirdi \u2013 m\u0259n bunu q\u0259bul etm\u0259dim, \u0259ksin\u0259 ona qar\u015f\u0131 m\u00fcbariz\u0259 apard\u0131m\u201d, \u2013 dey\u0259 ba\u015f nazir bildirib.<\/p>\n\n\n\n<p>Pa\u015finyan \u0259lav\u0259 edib ki, o, sad\u0259c\u0259 olaraq h\u0259qiq\u0259ti gizl\u0259tm\u0259m\u0259k q\u0259rar\u0131na g\u0259lib.<\/p>\n\n\n\n<p><strong>Xuraman Etibarl\u0131,<\/strong><\/p>\n\n\n\n<p>M\u0259nb\u0259: KONKRET.az<\/p>\n","protected":false},"excerpt":{"rendered":"<p>Erm\u0259nistan\u0131n ba\u015f naziri Nikol Pa\u015finyan Qaraba\u011fla ba\u011fl\u0131 son a\u00e7\u0131qlamalar\u0131na olan t\u0259nqidl\u0259r\u0259 cavab verib. Erm\u0259ni medias\u0131n\u0131n verdiyi x\u0259b\u0259r\u0259 g\u00f6r\u0259, Pa\u015finyan\u0131n s\u00f6zl\u0259rin\u0259 g\u00f6r\u0259, s\u00f6hb\u0259t onun ba\u015f<\/p>\n","protected":false},"author":2,"featured_media":57590,"comment_status":"closed","ping_status":"closed","sticky":false,"template":"","format":"standard","meta":{"footnotes":""},"categories":[4],"tags":[],"class_list":["post-57589","post","type-post","status-publish","format-standard","has-post-thumbnail","hentry","category-qarabag"],"aioseo_notices":[],"_links":{"self":[{"href":"https:\/\/fedai.az\/index.php?rest_route=\/wp\/v2\/posts\/57589","targetHints":{"allow":["GET"]}}],"collection":[{"href":"https:\/\/fedai.az\/index.php?rest_route=\/wp\/v2\/posts"}],"about":[{"href":"https:\/\/fedai.az\/index.php?rest_route=\/wp\/v2\/types\/post"}],"author":[{"embeddable":true,"href":"https:\/\/fedai.az\/index.php?rest_route=\/wp\/v2\/users\/2"}],"replies":[{"embeddable":true,"href":"https:\/\/fedai.az\/index.php?rest_route=%2Fwp%2Fv2%2Fcomments&post=57589"}],"version-history":[{"count":1,"href":"https:\/\/fedai.az\/index.php?rest_route=\/wp\/v2\/posts\/57589\/revisions"}],"predecessor-version":[{"id":57591,"href":"https:\/\/fedai.az\/index.php?rest_route=\/wp\/v2\/posts\/57589\/revisions\/57591"}],"wp:featuredmedia":[{"embeddable":true,"href":"https:\/\/fedai.az\/index.php?rest_route=\/wp\/v2\/media\/57590"}],"wp:attachment":[{"href":"https:\/\/fedai.az\/index.php?rest_route=%2Fwp%2Fv2%2Fmedia&parent=57589"}],"wp:term":[{"taxonomy":"category","embeddable":true,"href":"https:\/\/fedai.az\/index.php?rest_route=%2Fwp%2Fv2%2Fcategories&post=57589"},{"taxonomy":"post_tag","embeddable":true,"href":"https:\/\/fedai.az\/index.php?rest_route=%2Fwp%2Fv2%2Ftags&post=57589"}],"curies":[{"name":"wp","href":"https:\/\/api.w.org\/{rel}","templated":true}]}}