{"id":57592,"date":"2021-12-27T01:30:30","date_gmt":"2021-12-26T21:30:30","guid":{"rendered":"https:\/\/fedai.az\/?p=57592"},"modified":"2021-12-27T01:30:33","modified_gmt":"2021-12-26T21:30:33","slug":"arutyunyanin-pasinyanla-fikir-ayriligi-ya-artsaxin-must%c9%99qilliyi-ya-da","status":"publish","type":"post","link":"https:\/\/fedai.az\/?p=57592","title":{"rendered":"Arutyunyan\u0131n Pa\u015finyanla fikir ayr\u0131l\u0131\u011f\u0131: Ya \u201cartsax\u201d\u0131n m\u00fcst\u0259qilliyi, ya da\u2026"},"content":{"rendered":"\n<p><strong>Erm\u0259nistan r\u0259hb\u0259rliyi il\u0259 Qaraba\u011fdak\u0131 separat\u00e7\u0131 rejimin liderl\u0259ri aras\u0131nda h\u0259mi\u015f\u0259 m\u00fc\u0259yy\u0259n naraz\u0131l\u0131qlar olub.<\/strong><\/p>\n\n\n\n<p><strong>Novoye-vremya.com<\/strong> x\u0259b\u0259r verir ki, Az\u0259rbaycan\u0131n 44 g\u00fcnl\u00fck m\u00fcharib\u0259 n\u0259tic\u0259sind\u0259 qazand\u0131\u011f\u0131 q\u0259l\u0259b\u0259d\u0259n sonra bu naraz\u0131l\u0131q g\u0259rginlik istiqam\u0259tind\u0259 daha da d\u0259rinl\u0259\u015fm\u0259y\u0259 ba\u015flad\u0131.<\/p>\n\n\n\n<p>Yegan\u0259 f\u0259rq onda idi ki, Araik Arutunyanla Nikol Pa\u015finyan\u0131n m\u00fcnasib\u0259tl\u0259ri ba\u015fqalar\u0131 il\u0259 m\u00fcqayis\u0259d\u0259 xeyli yax\u0131n g\u00f6r\u00fcn\u00fcrd\u00fc, buna da s\u0259b\u0259b Robert Ko\u00e7aryan v\u0259 Serj Sarkisyan\u0259n Qaraba\u011fdak\u0131 t\u0259r\u0259fdarlar\u0131 Araik Arutunyan\u0131n \u0259lind\u0259n hakimiyy\u0259ti almaq ist\u0259yirdil\u0259r. H\u0259tta, Araik Arutunyan bu il Erm\u0259nistanda ke\u00e7iril\u0259n parlament se\u00e7kil\u0259ri zaman\u0131 m\u0259nt\u0259q\u0259l\u0259rin birind\u0259 Pa\u015finyan\u0131n t\u0259r\u0259fdar\u0131 kimi f\u0259aliyy\u0259t g\u00f6st\u0259rmi\u015fdi. Nikol Pa\u015finyan\u0131n iki g\u00fcn \u0259vv\u0259l Qaraba\u011fla \u0259laq\u0259dar verdiyi a\u00e7\u0131qlamalar Erm\u0259nistanda s\u00fcng\u00fc il\u0259 qar\u015f\u0131lan\u0131b. Pa\u015finyan Da\u011fl\u0131q Qaraba\u011f\u0131n beyn\u0259lxalq h\u00fcquqa, BMT qanunlar\u0131na \u0259sas\u0259n Az\u0259rbaycan\u0131n t\u0259rkib hiss\u0259si oldu\u011funu faktiki olaraq etiraf etdi. Separat\u00e7\u0131 rejim liderl\u0259rind\u0259n olan David Babayan da d\u00fcn\u0259n m\u0259tbuata a\u00e7\u0131qlama verib \u201cArtsax\u0131n m\u00fcst\u0259qilliyind\u0259n\u201d dan\u0131\u015f\u0131b v\u0259 faktiki olaraq Erm\u0259nistan ba\u015f nazirinin m\u00f6vqeyin\u0259 etiraz etmi\u015fdi.<\/p>\n\n\n\n<p>Yaranm\u0131\u015f v\u0259ziyy\u0259t Az\u0259rbaycan \u00fc\u00e7\u00fcn \u0259lveri\u015flidir. Sad\u0259c\u0259 m\u0259ntiqi bir sual meydana \u00e7\u0131x\u0131r: Araik Arutunyan Nikol Pa\u015finyana faktiki m\u00fcharib\u0259 elan etm\u0259kl\u0259 hans\u0131 g\u00fcc\u0259 arxalan\u0131r? Bu , onun t\u0259kba\u015f\u0131na m\u00f6vqeyi deyil. Rusiya ola bil\u0259rmi? T\u0259bii, burada ilk a\u011f\u0131la g\u0259l\u0259n Rusiyad\u0131r. Amma, Rusiya n\u0259 d\u0259r\u0259c\u0259d\u0259 separat\u00e7\u0131 rejimin ist\u0259kl\u0259ri istiqam\u0259tind\u0259 Az\u0259rbaycanla m\u00fcnasib\u0259tl\u0259rini k\u0259skinl\u0259\u015fdir\u0259 bil\u0259r?<\/p>\n\n\n\n<p>Yeni situasiya yaran\u0131r v\u0259 Az\u0259rbaycan art\u0131q dolay\u0131s\u0131 il\u0259 deyil, birba\u015fa Xank\u0259ndi problemini h\u0259ll etm\u0259k \u00fc\u00e7\u00fcn aktiv diplomatik siyas\u0259t\u0259 ba\u015flamal\u0131d\u0131r.<\/p>\n\n\n\n<p>Oxucularda separat\u00e7\u0131 rejiml\u0259 Erm\u0259nistan r\u0259hb\u0259rliyi aras\u0131nda yaranm\u0131\u015f fikir ayr\u0131l\u0131\u011f\u0131 haqq\u0131nda ayd\u0131n t\u0259s\u0259vv\u00fcr olmas\u0131 \u00fc\u00e7\u00fcn, el\u0259c\u0259 d\u0259 separat\u00e7\u0131 liderl\u0259rin siyasi kursunu g\u00f6st\u0259rm\u0259k m\u0259qs\u0259dil\u0259 Araik Arutunyan\u0131n b\u0259yanat\u0131n\u0131 oldu\u011fu kimi t\u0259rc\u00fcm\u0259 edib t\u0259qdim edirik:<\/p>\n\n\n\n<p><em>\u201c\u018fziz h\u0259mv\u0259t\u0259nl\u0259r!<\/em><\/p>\n\n\n\n<p>Erm\u0259nistan Respublikas\u0131n\u0131n ba\u015f naziri Nikol Pa\u015finyan\u0131n Az\u0259rbaycan-Qaraba\u011f m\u00fcnaqi\u015f\u0259si il\u0259 ba\u011fl\u0131 son b\u0259yanatlar\u0131na v\u0259 onlarla ba\u011fl\u0131 narahatl\u0131qlara, x\u00fcsus\u0259n d\u0259 Artsax erm\u0259nil\u0259rinin narahatl\u0131\u011f\u0131na istinad ed\u0259r\u0259k, m\u00fcxt\u0259lif a\u00e7\u0131qlamalarda v\u0259 b\u0259yanatlarda istinad etdiyim b\u0259zi \u0259sas m\u0259qamlar\u0131 f\u0259rql\u0259ndirm\u0259k ist\u0259rdim.<\/p>\n\n\n\n<p>1. Artsax erm\u0259nil\u0259rinin \u00f6z m\u00fcq\u0259dd\u0259rat\u0131n\u0131 t\u0259yin etm\u0259k h\u00fcququnun tam tan\u0131nmas\u0131 qeyd-\u015f\u0259rt v\u0259 g\u00fcz\u0259\u015ftl\u0259r\u0259 tabe deyil, bu m\u0259s\u0259l\u0259nin m\u00fcst\u0259sna sahibi Artsax erm\u0259nil\u0259ridir. Bel\u0259likl\u0259, yaln\u0131z Artsax Respublikas\u0131n\u0131n hakimiyy\u0259ti Artsax xalq\u0131 ad\u0131ndan dan\u0131\u015fmaq h\u00fcququna malikdir.<\/p>\n\n\n\n<p>2. Artsax Respublikas\u0131n\u0131n m\u00fcst\u0259qilliyinin beyn\u0259lxalq s\u0259viyy\u0259d\u0259 tan\u0131nmas\u0131 m\u0259qs\u0259di bizim \u0259sas istiqam\u0259timizdir, he\u00e7 bir h\u00f6kum\u0259t ondan k\u0259nara \u00e7\u0131xa bilm\u0259z. Ona g\u00f6r\u0259 d\u0259 Artsax xalq\u0131 v\u0259 hakimiyy\u0259ti bizim m\u0259qs\u0259dimiz\u0259 \u00e7atana q\u0259d\u0259r he\u00e7 vaxt v\u0259 he\u00e7 bir \u015f\u0259kild\u0259 Az\u0259rbaycan daxilind\u0259 h\u0259r hans\u0131 statusu q\u0259bul etm\u0259y\u0259c\u0259k.<\/p>\n\n\n\n<p>3. T\u0259kc\u0259 status bax\u0131m\u0131ndan deyil, demoqrafiya bax\u0131m\u0131ndan da ke\u00e7mi\u015f\u0259 d\u00f6n\u00fc\u015f ola bilm\u0259z. \u018fg\u0259r Az\u0259rbaycan s\u00fclh\u0259 yox, erm\u0259nil\u0259rin Artsaxdan qovulmas\u0131na haz\u0131rla\u015faraq \u00f6z c\u0259miyy\u0259tini antierm\u0259ni\u00e7ilikl\u0259 qidaland\u0131rmaqda davam edirs\u0259, bu nec\u0259 birg\u0259ya\u015fay\u0131\u015fd\u0131r? \u018flb\u0259tt\u0259, biz m\u00fcnaqi\u015f\u0259nin s\u00fclh yolu il\u0259 h\u0259llinin t\u0259r\u0259fdar\u0131y\u0131q, bu istiqam\u0259td\u0259 s\u0259yl\u0259r g\u00f6st\u0259rm\u0259y\u0259 haz\u0131r\u0131q, lakin xalq\u0131m\u0131z\u0131n h\u0259yati vacib h\u00fcquqlar\u0131, maraqlar\u0131, t\u0259l\u0259bl\u0259ri m\u00fczakir\u0259 m\u00f6vzusu deyil.<\/p>\n\n\n\n<p>4. Artsax Respublikas\u0131n\u0131n \u0259razi b\u00fct\u00f6vl\u00fcy\u00fc \u0259n az\u0131 1991-ci ild\u0259 Artsax Respublikas\u0131n\u0131n elan edildiyi \u0259razil\u0259rd\u0259 b\u0259rpa edilm\u0259lidir. Ona g\u00f6r\u0259 d\u0259 i\u015f\u011fal olunmu\u015f \u0259razil\u0259rimiz i\u015f\u011faldan azad edilm\u0259lidir; onlar\u0131n sakinl\u0259ri \u00f6z evl\u0259rin\u0259 qay\u0131da bilm\u0259k imkanlar\u0131 olmal\u0131d\u0131r.<\/p>\n\n\n\n<p>5. Artsax\u0131n t\u0259hl\u00fck\u0259sizliyin\u0259 g\u0259ldikd\u0259, biz Artsax M\u00fcdafi\u0259 Ordusunun imkanlar\u0131n\u0131 g\u00fccl\u0259ndirm\u0259k \u00fc\u00e7\u00fcn s\u0259yl\u0259rimizi davam etdir\u0259c\u0259yik v\u0259 Rusiya s\u00fclhm\u0259raml\u0131 q\u00fcvv\u0259l\u0259ri m\u00fcnaqi\u015f\u0259nin yekun v\u0259 \u0259dal\u0259tli h\u0259llin\u0259 v\u0259 t\u0259hl\u00fck\u0259sizlik \u00fc\u00e7\u00fcn \u0259lav\u0259 beyn\u0259lxaq t\u0259minat olunana q\u0259d\u0259r Artsaxda daimi v\u0259 qeyri-m\u00fc\u0259yy\u0259n m\u00fcdd\u0259t\u0259 qalmal\u0131d\u0131rlar.<\/p>\n\n\n\n<p>6. Ke\u00e7mi\u015fd\u0259 ged\u0259n dan\u0131\u015f\u0131qlar prosesinin t\u0259f\u0259rr\u00fcatlar\u0131na toxunmadan, sad\u0259c\u0259 olaraq qeyd etm\u0259k laz\u0131md\u0131r ki, bu m\u0259qam h\u0259mi\u015f\u0259kind\u0259n qat-qat m\u0259suliyy\u0259tli v\u0259 h\u0259lledici olub. Ona g\u00f6r\u0259 d\u0259 bizim s\u0259hv etm\u0259y\u0259 haqq\u0131m\u0131z yoxdur, \u0259ks halda bu s\u0259hvl\u0259r Artsax v\u0259 ana Erm\u0259nistan \u00fc\u00e7\u00fcn \u00f6l\u00fcmc\u00fcl ola bil\u0259r.<\/p>\n\n\n\n<p>7. \u018fg\u0259r h\u0259r hans\u0131 bir erm\u0259ni Artsaxa d\u0259st\u0259k verm\u0259k ist\u0259yirs\u0259, o, Artsax erm\u0259nil\u0259rinin irad\u0259 v\u0259 m\u0259qs\u0259dl\u0259rini n\u0259z\u0259r\u0259 almal\u0131d\u0131r, \u0259ks halda onlar sad\u0259c\u0259 olaraq m\u00fcdaxil\u0259 etm\u0259m\u0259lidirl\u0259r.<\/p>\n\n\n\n<p>8. B\u00fct\u00fcn hakimiyy\u0259tl\u0259r m\u00fcv\u0259qq\u0259tidir, lakin bizim m\u0259qs\u0259d v\u0259 m\u00f6vqel\u0259rimiz\u0259 m\u00f6hk\u0259m \u0259m\u0259l edilm\u0259lidir. Milli d\u0259y\u0259rl\u0259rimiz v\u0259 m\u0259qs\u0259dl\u0259rimiz \u0259traf\u0131nda birl\u0259\u015fm\u0259 vacibdir v\u0259 qeyd etdiyim kimi, Artsax erm\u0259nil\u0259rinin irad\u0259si v\u0259 m\u0259qs\u0259dl\u0259ri Az\u0259rbaycan-Qaraba\u011f m\u00fcnaqi\u015f\u0259sinin h\u0259llind\u0259 h\u0259r bir erm\u0259ni v\u0259 h\u00f6kum\u0259tin r\u0259hb\u0259r x\u0259tti olmal\u0131d\u0131r.<\/p>\n\n\n\n<p>Artsax minillikl\u0259r boyu erm\u0259ninin olub v\u0259 erm\u0259ninin olaraq qalacaq, Artsax erm\u0259nil\u0259rinin bu m\u00fcbariz\u0259ni davam etdirm\u0259k \u00fc\u00e7\u00fcn kifay\u0259t q\u0259d\u0259r irad\u0259si v\u0259 strateji s\u0259bri var. Kimins\u0259 irad\u0259sind\u0259n v\u0259 fikrind\u0259n as\u0131l\u0131 olmayaraq, \u0259min\u0259m ki, Artsax erm\u0259nil\u0259ri Artsax\u0131n m\u00fcst\u0259qilliyinin beyn\u0259lxalq s\u0259viyy\u0259d\u0259 tan\u0131nmas\u0131 v\u0259 V\u0259t\u0259nin m\u00fcdafi\u0259si u\u011frunda \u0259dal\u0259tli m\u00fcbariz\u0259l\u0259rini davam etdir\u0259c\u0259kl\u0259r\u201d.<\/p>\n\n\n\n<p>Qeyd ed\u0259k ki, sabah-27 dekabrda separat\u00e7\u0131 rejim qondarma Milli M\u0259clisl\u0259rinin n\u00f6vb\u0259d\u0259nk\u0259nar iclas\u0131n\u0131 \u00e7a\u011f\u0131r\u0131b. \u0130clas\u201d Artsax\u0131n suverenliyin\u0259 v\u0259 subyekt olmas\u0131na qar\u015f\u0131 \u00e7a\u011f\u0131r\u0131\u015f v\u0259 h\u0259d\u0259l\u0259r haqq\u0131nda\u201d ad\u0131 alt\u0131nda ke\u00e7iril\u0259c\u0259k<\/p>\n\n\n\n<p>M\u0259nb\u0259: Moderator.az<\/p>\n","protected":false},"excerpt":{"rendered":"<p>Erm\u0259nistan r\u0259hb\u0259rliyi il\u0259 Qaraba\u011fdak\u0131 separat\u00e7\u0131 rejimin liderl\u0259ri aras\u0131nda h\u0259mi\u015f\u0259 m\u00fc\u0259yy\u0259n naraz\u0131l\u0131qlar olub. Novoye-vremya.com x\u0259b\u0259r verir ki, Az\u0259rbaycan\u0131n 44 g\u00fcnl\u00fck m\u00fcharib\u0259 n\u0259tic\u0259sind\u0259 qazand\u0131\u011f\u0131 q\u0259l\u0259b\u0259d\u0259n sonra<\/p>\n","protected":false},"author":2,"featured_media":57593,"comment_status":"closed","ping_status":"closed","sticky":false,"template":"","format":"standard","meta":{"footnotes":""},"categories":[4],"tags":[],"class_list":["post-57592","post","type-post","status-publish","format-standard","has-post-thumbnail","hentry","category-qarabag"],"aioseo_notices":[],"_links":{"self":[{"href":"https:\/\/fedai.az\/index.php?rest_route=\/wp\/v2\/posts\/57592","targetHints":{"allow":["GET"]}}],"collection":[{"href":"https:\/\/fedai.az\/index.php?rest_route=\/wp\/v2\/posts"}],"about":[{"href":"https:\/\/fedai.az\/index.php?rest_route=\/wp\/v2\/types\/post"}],"author":[{"embeddable":true,"href":"https:\/\/fedai.az\/index.php?rest_route=\/wp\/v2\/users\/2"}],"replies":[{"embeddable":true,"href":"https:\/\/fedai.az\/index.php?rest_route=%2Fwp%2Fv2%2Fcomments&post=57592"}],"version-history":[{"count":1,"href":"https:\/\/fedai.az\/index.php?rest_route=\/wp\/v2\/posts\/57592\/revisions"}],"predecessor-version":[{"id":57594,"href":"https:\/\/fedai.az\/index.php?rest_route=\/wp\/v2\/posts\/57592\/revisions\/57594"}],"wp:featuredmedia":[{"embeddable":true,"href":"https:\/\/fedai.az\/index.php?rest_route=\/wp\/v2\/media\/57593"}],"wp:attachment":[{"href":"https:\/\/fedai.az\/index.php?rest_route=%2Fwp%2Fv2%2Fmedia&parent=57592"}],"wp:term":[{"taxonomy":"category","embeddable":true,"href":"https:\/\/fedai.az\/index.php?rest_route=%2Fwp%2Fv2%2Fcategories&post=57592"},{"taxonomy":"post_tag","embeddable":true,"href":"https:\/\/fedai.az\/index.php?rest_route=%2Fwp%2Fv2%2Ftags&post=57592"}],"curies":[{"name":"wp","href":"https:\/\/api.w.org\/{rel}","templated":true}]}}