{"id":57595,"date":"2021-12-27T01:35:34","date_gmt":"2021-12-26T21:35:34","guid":{"rendered":"https:\/\/fedai.az\/?p=57595"},"modified":"2021-12-27T01:35:40","modified_gmt":"2021-12-26T21:35:40","slug":"qarabag-erm%c9%99nil%c9%99r%c9%99-m%c9%99xsus-ola-bilm%c9%99z-pasinyan","status":"publish","type":"post","link":"https:\/\/fedai.az\/?p=57595","title":{"rendered":"\u201cQaraba\u011f erm\u0259nil\u0259r\u0259 m\u0259xsus ola bilm\u0259z\u201d &#8212; Pa\u015finyan"},"content":{"rendered":"\n<p><strong>C\u00fcm\u0259 g\u00fcn\u00fc Erm\u0259nistan\u0131n ba\u015f naziri Nikol Pa\u015finyan sosial \u015f\u0259b\u0259k\u0259 hesab\u0131nda canl\u0131 yay\u0131mda m\u0259tbuat konfrans\u0131 ke\u00e7irib v\u0259 bir s\u0131ra ciddi b\u0259yanatlar verib.<\/strong><\/p>\n\n\n\n<p><br>Erm\u0259nistan h\u00f6kum\u0259tinin ba\u015f\u00e7\u0131s\u0131 xat\u0131rlad\u0131b ki, 1993-c\u00fc ild\u0259 BMT T\u0259hl\u00fck\u0259sizlik \u015euras\u0131 Qaraba\u011f\u0131 Az\u0259rbaycan\u0131n ayr\u0131lmaz hiss\u0259si kimi tan\u0131y\u0131b, lakin o vaxtdan b\u0259ri regionun statusu m\u0259s\u0259l\u0259si il\u0259 AT\u018fT-in Minsk qrupu m\u0259\u015f\u011ful olub.<\/p>\n\n\n\n<p><br>2016-c\u0131 ild\u0259 is\u0259 status m\u0259s\u0259l\u0259si yenid\u0259n BMT T\u0259hl\u00fck\u0259sizlik \u015euras\u0131na qaytar\u0131l\u0131b v\u0259 bu, Pa\u015finyan\u0131n fikrinc\u0259, Erm\u0259nistan \u00fc\u00e7\u00fcn &#171;f\u0259lak\u0259t\u201d idi, \u00e7\u00fcnki bu m\u00f6t\u0259b\u0259r beyn\u0259lxalq qurum \u00e7\u0259r\u00e7iv\u0259sind\u0259 Qaraba\u011f\u0131n statusu il\u0259 hesabla\u015fmaq m\u00fcmk\u00fcn deyil.<\/p>\n\n\n\n<p>O vur\u011fulay\u0131b ki, Qaraba\u011f nizamlanmas\u0131na AT\u018fT-in Minsk qrupu format\u0131nda baxmas\u0131 r\u0259smi \u0130r\u0259van \u00fc\u00e7\u00fcn faydal\u0131d\u0131r.<\/p>\n\n\n\n<p><br>&#171;Qaraba\u011fda ya\u015fayan az\u0259rbaycanl\u0131lar\u0131n h\u00fcquqlar\u0131 il\u0259 ba\u011fl\u0131 m\u0259s\u0259l\u0259 m\u00fcbahis\u0259li olmay\u0131b v\u0259 olmayacaq. M\u0259n bu bar\u0259d\u0259 d\u0259f\u0259l\u0259rl\u0259 ictimaiyy\u0259t qar\u015f\u0131s\u0131nda \u00e7\u0131x\u0131\u015f etmi\u015f\u0259m. \u018fn az\u0131 bu hiss\u0259d\u0259 \u0259vv\u0259ll\u0259r dan\u0131\u015f\u0131qlarda i\u015ftirak etmi\u015f dair\u0259l\u0259rin n\u00fcmay\u0259nd\u0259l\u0259ri t\u0259sdiql\u0259dil\u0259r ki, Da\u011fl\u0131q Qaraba\u011f Muxtar Vilay\u0259ti dan\u0131\u015f\u0131qlar prosesind\u0259 he\u00e7 vaxt s\u0131rf erm\u0259ni birliyi kimi n\u0259z\u0259r\u0259 al\u0131nmay\u0131b\u201d, &#8212; Erm\u0259nistan\u0131n ba\u015f naziri qeyd edib.<\/p>\n\n\n\n<p>&#171;Da\u011fl\u0131q Qaraba\u011f Muxtar Vilay\u0259ti he\u00e7 vaxt s\u0131rf erm\u0259ni birliyi hesab edilm\u0259yib. Bu, \u0259n az\u0131 \u0259hali bax\u0131m\u0131ndan erm\u0259ni-Az\u0259rbaycan birliyi kimi q\u0259bul edilib, m\u00fc\u015fahid\u0259 edilib, qeyd\u0259 al\u0131n\u0131b\u201d, &#8212; Pa\u015finyan xat\u0131rlad\u0131b.<\/p>\n\n\n\n<p><br>Erm\u0259nistan\u0131n ba\u015f naziri h\u0259m\u00e7inin b\u0259yan edib ki, o, \u0259vv\u0259lki hakimiyy\u0259tin &#171;Qaraba\u011f he\u00e7 vaxt Az\u0259rbaycan\u0131n bir hiss\u0259si olmayacaq v\u0259 yaln\u0131z erm\u0259ni olmal\u0131d\u0131r\u201d ifad\u0259si il\u0259 he\u00e7 vaxt raz\u0131la\u015fmay\u0131b.<\/p>\n\n\n\n<p><br>&#171;M\u0259n bu ifad\u0259 il\u0259 raz\u0131 deyil\u0259m, \u00e7\u00fcnki Qaraba\u011f tamamil\u0259 erm\u0259ni ola bilm\u0259zdi. \u018fhalinin demoqrafik t\u0259rkibini n\u0259z\u0259r\u0259 alsaq, he\u00e7 bir halda. Dan\u0131\u015f\u0131qlar\u0131n m\u0259zmunundan ayd\u0131n g\u00f6r\u00fcn\u00fcrd\u00fc ki, Da\u011fl\u0131q Qaraba\u011f Muxtar Vilay\u0259tind\u0259 erm\u0259ni v\u0259 az\u0259rbaycanl\u0131 \u0259hali ya\u015fay\u0131r. Ayd\u0131nd\u0131r ki, Qaraba\u011fdak\u0131 hakimiyy\u0259t d\u0259 tam erm\u0259ni ola bilm\u0259z\u201d, &#8212; dey\u0259 o, m\u0259xfi m\u0259lumatlar\u0131 a\u00e7\u0131qlamal\u0131 oldu\u011funa i\u015far\u0259 edib.\u00a0<\/p>\n\n\n\n<p>M\u0259nb\u0259: Virtualaz.org<\/p>\n","protected":false},"excerpt":{"rendered":"<p>C\u00fcm\u0259 g\u00fcn\u00fc Erm\u0259nistan\u0131n ba\u015f naziri Nikol Pa\u015finyan sosial \u015f\u0259b\u0259k\u0259 hesab\u0131nda canl\u0131 yay\u0131mda m\u0259tbuat konfrans\u0131 ke\u00e7irib v\u0259 bir s\u0131ra ciddi b\u0259yanatlar verib. Erm\u0259nistan h\u00f6kum\u0259tinin ba\u015f\u00e7\u0131s\u0131<\/p>\n","protected":false},"author":2,"featured_media":57596,"comment_status":"closed","ping_status":"closed","sticky":false,"template":"","format":"standard","meta":{"footnotes":""},"categories":[4],"tags":[],"class_list":["post-57595","post","type-post","status-publish","format-standard","has-post-thumbnail","hentry","category-qarabag"],"aioseo_notices":[],"_links":{"self":[{"href":"https:\/\/fedai.az\/index.php?rest_route=\/wp\/v2\/posts\/57595","targetHints":{"allow":["GET"]}}],"collection":[{"href":"https:\/\/fedai.az\/index.php?rest_route=\/wp\/v2\/posts"}],"about":[{"href":"https:\/\/fedai.az\/index.php?rest_route=\/wp\/v2\/types\/post"}],"author":[{"embeddable":true,"href":"https:\/\/fedai.az\/index.php?rest_route=\/wp\/v2\/users\/2"}],"replies":[{"embeddable":true,"href":"https:\/\/fedai.az\/index.php?rest_route=%2Fwp%2Fv2%2Fcomments&post=57595"}],"version-history":[{"count":1,"href":"https:\/\/fedai.az\/index.php?rest_route=\/wp\/v2\/posts\/57595\/revisions"}],"predecessor-version":[{"id":57597,"href":"https:\/\/fedai.az\/index.php?rest_route=\/wp\/v2\/posts\/57595\/revisions\/57597"}],"wp:featuredmedia":[{"embeddable":true,"href":"https:\/\/fedai.az\/index.php?rest_route=\/wp\/v2\/media\/57596"}],"wp:attachment":[{"href":"https:\/\/fedai.az\/index.php?rest_route=%2Fwp%2Fv2%2Fmedia&parent=57595"}],"wp:term":[{"taxonomy":"category","embeddable":true,"href":"https:\/\/fedai.az\/index.php?rest_route=%2Fwp%2Fv2%2Fcategories&post=57595"},{"taxonomy":"post_tag","embeddable":true,"href":"https:\/\/fedai.az\/index.php?rest_route=%2Fwp%2Fv2%2Ftags&post=57595"}],"curies":[{"name":"wp","href":"https:\/\/api.w.org\/{rel}","templated":true}]}}