{"id":57598,"date":"2021-12-27T01:37:51","date_gmt":"2021-12-26T21:37:51","guid":{"rendered":"https:\/\/fedai.az\/?p=57598"},"modified":"2021-12-27T01:37:54","modified_gmt":"2021-12-26T21:37:54","slug":"abs-rusiyani-yeni-sanksiyalarla-h%c9%99d%c9%99l%c9%99di","status":"publish","type":"post","link":"https:\/\/fedai.az\/?p=57598","title":{"rendered":"AB\u015e Rusiyan\u0131 yeni sanksiyalarla h\u0259d\u0259l\u0259di"},"content":{"rendered":"\n<p><strong>\u201cAB\u015e Ukrayna il\u0259 ba\u011fl\u0131 v\u0259ziyy\u0259t\u0259 g\u00f6r\u0259 Rusiyaya qar\u015f\u0131 \u201cg\u00f6r\u00fcnm\u0259mi\u015f\u201d sanksiyalar t\u0259tbiq ed\u0259 bil\u0259r\u201d.<\/strong><\/p>\n\n\n\n<p>AB\u015e-\u0131n vitse-prezident Kamala Harris \u201cCBS News\u201d telekanal\u0131na m\u00fcsahib\u0259sind\u0259 bel\u0259 deyib.<\/p>\n\n\n\n<p>\u201cBiz a\u00e7\u0131q \u015f\u0259kild\u0259 bildiririk ki, Rusiya Ukraynan\u0131n suverenliyin\u0259 m\u00fcdaxil\u0259 etm\u0259m\u0259lidir. Biz Ukraynan\u0131n \u0259razi b\u00fct\u00f6vl\u00fcy\u00fcn\u00fc d\u0259st\u0259kl\u0259yirik. Bununla ba\u011fl\u0131 m\u00fctt\u0259fiql\u0259rimizl\u0259 i\u015fl\u0259yirik v\u0259 \u0259vv\u0259ll\u0259r g\u00f6r\u00fcnm\u0259mi\u015f sanksiyalar\u0131 t\u0259tbiq etm\u0259y\u0259 haz\u0131r oldu\u011fumuzu a\u00e7\u0131q \u015f\u0259kild\u0259 bildiririk\u201d, dey\u0259 Harris vur\u011fulay\u0131b.<\/p>\n\n\n\n<p>Jurnalistin sanksiyalar\u0131n konkret olaraq Vladimir Putin\u0259 qar\u015f\u0131 olub-olmad\u0131\u011f\u0131n\u0131 soru\u015fduqda, vitse-prezident birba\u015fa cavabdan yay\u0131n\u0131b v\u0259 qeyd edib ki, \u201ckonkret sanksiyalar\u201d haqq\u0131nda dan\u0131\u015fmaq niyy\u0259tind\u0259 deyil.<\/p>\n","protected":false},"excerpt":{"rendered":"<p>\u201cAB\u015e Ukrayna il\u0259 ba\u011fl\u0131 v\u0259ziyy\u0259t\u0259 g\u00f6r\u0259 Rusiyaya qar\u015f\u0131 \u201cg\u00f6r\u00fcnm\u0259mi\u015f\u201d sanksiyalar t\u0259tbiq ed\u0259 bil\u0259r\u201d. AB\u015e-\u0131n vitse-prezident Kamala Harris \u201cCBS News\u201d telekanal\u0131na m\u00fcsahib\u0259sind\u0259 bel\u0259 deyib. \u201cBiz<\/p>\n","protected":false},"author":2,"featured_media":57599,"comment_status":"closed","ping_status":"closed","sticky":false,"template":"","format":"standard","meta":{"footnotes":""},"categories":[13],"tags":[],"class_list":["post-57598","post","type-post","status-publish","format-standard","has-post-thumbnail","hentry","category-xarici"],"aioseo_notices":[],"_links":{"self":[{"href":"https:\/\/fedai.az\/index.php?rest_route=\/wp\/v2\/posts\/57598","targetHints":{"allow":["GET"]}}],"collection":[{"href":"https:\/\/fedai.az\/index.php?rest_route=\/wp\/v2\/posts"}],"about":[{"href":"https:\/\/fedai.az\/index.php?rest_route=\/wp\/v2\/types\/post"}],"author":[{"embeddable":true,"href":"https:\/\/fedai.az\/index.php?rest_route=\/wp\/v2\/users\/2"}],"replies":[{"embeddable":true,"href":"https:\/\/fedai.az\/index.php?rest_route=%2Fwp%2Fv2%2Fcomments&post=57598"}],"version-history":[{"count":1,"href":"https:\/\/fedai.az\/index.php?rest_route=\/wp\/v2\/posts\/57598\/revisions"}],"predecessor-version":[{"id":57600,"href":"https:\/\/fedai.az\/index.php?rest_route=\/wp\/v2\/posts\/57598\/revisions\/57600"}],"wp:featuredmedia":[{"embeddable":true,"href":"https:\/\/fedai.az\/index.php?rest_route=\/wp\/v2\/media\/57599"}],"wp:attachment":[{"href":"https:\/\/fedai.az\/index.php?rest_route=%2Fwp%2Fv2%2Fmedia&parent=57598"}],"wp:term":[{"taxonomy":"category","embeddable":true,"href":"https:\/\/fedai.az\/index.php?rest_route=%2Fwp%2Fv2%2Fcategories&post=57598"},{"taxonomy":"post_tag","embeddable":true,"href":"https:\/\/fedai.az\/index.php?rest_route=%2Fwp%2Fv2%2Ftags&post=57598"}],"curies":[{"name":"wp","href":"https:\/\/api.w.org\/{rel}","templated":true}]}}