{"id":57601,"date":"2021-12-27T01:54:45","date_gmt":"2021-12-26T21:54:45","guid":{"rendered":"https:\/\/fedai.az\/?p=57601"},"modified":"2021-12-27T01:54:48","modified_gmt":"2021-12-26T21:54:48","slug":"m%c9%99zarsiz-itkinl%c9%99rimiz-taniyanlar-biz%c9%99-muraci%c9%99t-etsinl%c9%99r","status":"publish","type":"post","link":"https:\/\/fedai.az\/?p=57601","title":{"rendered":"M\u0259zars\u0131z itkinl\u0259rimiz &#8212; Tan\u0131yanlar biz\u0259 m\u00fcraci\u0259t etsinl\u0259r"},"content":{"rendered":"\n<p><strong>27 ildir ki, bir ana \u00f6z \u00f6vlad\u0131n\u0131n yolunu g\u00f6zl\u0259yir. Birinci Qaraba\u011f m\u00fcharib\u0259si zaman\u0131 \u0259sg\u0259r Anar Cavad o\u011flu M\u0259mm\u0259dov itkin d\u00fc\u015f\u00fcb.<\/strong> <\/p>\n\n\n\n<p>Bu ill\u0259r \u0259rzind\u0259 ail\u0259si onun yolunu g\u00f6zl\u0259yib. Anar M\u0259mm\u0259dov 15 fevral 1994-c\u00fc ild\u0259 itkin d\u00fc\u015f\u00fcb. Bu d\u00f6y\u00fc\u015f\u00e7\u00fcn\u00fcn anas\u0131 onun d\u00f6y\u00fc\u015f dostlar\u0131n\u0131n onun haqq\u0131nda ver\u0259c\u0259kl\u0259ri h\u0259r hans\u0131 m\u0259lumatlar\u0131 da g\u00f6zl\u0259yir.<\/p>\n\n\n\n<p>Tan\u0131yanlar varsa, biziml\u0259 \u0259laq\u0259 saxlay\u0131n v\u0259 bir anaya t\u0259s\u0259lli olun!<\/p>\n\n\n\n<figure class=\"wp-block-image size-large is-resized\"><img loading=\"lazy\" decoding=\"async\" src=\"https:\/\/fedai.az\/wp-content\/uploads\/2021\/12\/270046228_136666185442094_8869118027202203873_n.jpg\" alt=\"\" class=\"wp-image-57602\" width=\"911\" height=\"1214\" srcset=\"https:\/\/fedai.az\/wp-content\/uploads\/2021\/12\/270046228_136666185442094_8869118027202203873_n.jpg 526w, https:\/\/fedai.az\/wp-content\/uploads\/2021\/12\/270046228_136666185442094_8869118027202203873_n-225x300.jpg 225w, https:\/\/fedai.az\/wp-content\/uploads\/2021\/12\/270046228_136666185442094_8869118027202203873_n-113x150.jpg 113w\" sizes=\"auto, (max-width: 911px) 100vw, 911px\" \/><\/figure>\n\n\n\n<p> <\/p>\n","protected":false},"excerpt":{"rendered":"<p>27 ildir ki, bir ana \u00f6z \u00f6vlad\u0131n\u0131n yolunu g\u00f6zl\u0259yir. Birinci Qaraba\u011f m\u00fcharib\u0259si zaman\u0131 \u0259sg\u0259r Anar Cavad o\u011flu M\u0259mm\u0259dov itkin d\u00fc\u015f\u00fcb. Bu ill\u0259r \u0259rzind\u0259 ail\u0259si<\/p>\n","protected":false},"author":2,"featured_media":57603,"comment_status":"closed","ping_status":"closed","sticky":false,"template":"","format":"standard","meta":{"footnotes":""},"categories":[5],"tags":[],"class_list":["post-57601","post","type-post","status-publish","format-standard","has-post-thumbnail","hentry","category-veteran"],"aioseo_notices":[],"_links":{"self":[{"href":"https:\/\/fedai.az\/index.php?rest_route=\/wp\/v2\/posts\/57601","targetHints":{"allow":["GET"]}}],"collection":[{"href":"https:\/\/fedai.az\/index.php?rest_route=\/wp\/v2\/posts"}],"about":[{"href":"https:\/\/fedai.az\/index.php?rest_route=\/wp\/v2\/types\/post"}],"author":[{"embeddable":true,"href":"https:\/\/fedai.az\/index.php?rest_route=\/wp\/v2\/users\/2"}],"replies":[{"embeddable":true,"href":"https:\/\/fedai.az\/index.php?rest_route=%2Fwp%2Fv2%2Fcomments&post=57601"}],"version-history":[{"count":1,"href":"https:\/\/fedai.az\/index.php?rest_route=\/wp\/v2\/posts\/57601\/revisions"}],"predecessor-version":[{"id":57604,"href":"https:\/\/fedai.az\/index.php?rest_route=\/wp\/v2\/posts\/57601\/revisions\/57604"}],"wp:featuredmedia":[{"embeddable":true,"href":"https:\/\/fedai.az\/index.php?rest_route=\/wp\/v2\/media\/57603"}],"wp:attachment":[{"href":"https:\/\/fedai.az\/index.php?rest_route=%2Fwp%2Fv2%2Fmedia&parent=57601"}],"wp:term":[{"taxonomy":"category","embeddable":true,"href":"https:\/\/fedai.az\/index.php?rest_route=%2Fwp%2Fv2%2Fcategories&post=57601"},{"taxonomy":"post_tag","embeddable":true,"href":"https:\/\/fedai.az\/index.php?rest_route=%2Fwp%2Fv2%2Ftags&post=57601"}],"curies":[{"name":"wp","href":"https:\/\/api.w.org\/{rel}","templated":true}]}}