{"id":57605,"date":"2021-12-27T01:58:38","date_gmt":"2021-12-26T21:58:38","guid":{"rendered":"https:\/\/fedai.az\/?p=57605"},"modified":"2021-12-27T01:58:41","modified_gmt":"2021-12-26T21:58:41","slug":"dord-yasli-general-asif-komandanla-gorusund%c9%99n-danisdi-video","status":"publish","type":"post","link":"https:\/\/fedai.az\/?p=57605","title":{"rendered":"D\u00f6rd ya\u015fl\u0131 &#171;general&#187; Asif, Komandanla g\u00f6r\u00fc\u015f\u00fcnd\u0259n dan\u0131\u015fd\u0131 &#8212; V\u0130DEO"},"content":{"rendered":"\n<p><strong>Prezident \u0130lham \u018fliyevin \u015eu\u015fada s\u00f6hb\u0259tl\u0259\u015fdiyi d\u00f6rd ya\u015fl\u0131 Asif d\u00f6vl\u0259t ba\u015f\u00e7\u0131s\u0131 il\u0259 g\u00f6r\u00fc\u015f\u00fcnd\u0259n dan\u0131\u015f\u0131b.<\/strong><\/p>\n\n\n\n<p>\u00a0\u0130TV-d\u0259 azya\u015fl\u0131 Prezidentl\u0259 g\u00f6r\u00fc\u015fd\u0259n m\u0259mnunlu\u011funu dil\u0259 g\u0259tirib.<\/p>\n\n\n\n<p>\u201c\u0130lham baba bizim \u00fcr\u0259yimizdir. G\u0259lm\u0259yin\u0259 sevindim. \u0130lham baba m\u0259n\u0259 \u201cceyran\u201d dedi. Onu \u00e7ox ist\u0259yir\u0259m\u201d, \u2013 azya\u015fl\u0131 bildirib.<\/p>\n\n\n\n<p>Qeyd ed\u0259k ki, d\u00fcn\u0259n Birinci vitse-prezident Mehriban \u018fliyeva r\u0259smi Instaqram s\u0259hif\u0259sind\u0259 \u015eu\u015fadan video payla\u015f\u0131b. Videoda d\u00f6rd ya\u015fl\u0131 Asifl\u0259 Prezident \u0130lham \u018fliyevin dialoqu yer al\u0131b. M.\u018fliyeva payla\u015f\u0131m\u0131na \u201c\u015eu\u015fan\u0131n \u0259n g\u0259nc general-leytenant\u0131 4 ya\u015fl\u0131 Asif\u201d \u015f\u0259rhini yaz\u0131b.<\/p>\n\n\n\n<figure class=\"wp-block-embed is-type-video is-provider-youtube wp-block-embed-youtube wp-embed-aspect-16-9 wp-has-aspect-ratio\"><div class=\"wp-block-embed__wrapper\">\n<iframe loading=\"lazy\" title=\"Prezident \u0130lham \u018fliyev il\u0259 g\u00f6r\u00fc\u015f\u0259n \u0259n g\u0259nc general-leytenant \u0130TV X\u0259b\u0259rd\u0259\" width=\"715\" height=\"402\" src=\"https:\/\/www.youtube.com\/embed\/0zpf3kivss8?feature=oembed\" frameborder=\"0\" allow=\"accelerometer; autoplay; clipboard-write; encrypted-media; gyroscope; picture-in-picture\" allowfullscreen><\/iframe>\n<\/div><\/figure>\n","protected":false},"excerpt":{"rendered":"<p>Prezident \u0130lham \u018fliyevin \u015eu\u015fada s\u00f6hb\u0259tl\u0259\u015fdiyi d\u00f6rd ya\u015fl\u0131 Asif d\u00f6vl\u0259t ba\u015f\u00e7\u0131s\u0131 il\u0259 g\u00f6r\u00fc\u015f\u00fcnd\u0259n dan\u0131\u015f\u0131b. \u00a0\u0130TV-d\u0259 azya\u015fl\u0131 Prezidentl\u0259 g\u00f6r\u00fc\u015fd\u0259n m\u0259mnunlu\u011funu dil\u0259 g\u0259tirib. \u201c\u0130lham baba bizim \u00fcr\u0259yimizdir.<\/p>\n","protected":false},"author":2,"featured_media":57606,"comment_status":"closed","ping_status":"closed","sticky":false,"template":"","format":"standard","meta":{"footnotes":""},"categories":[3],"tags":[],"class_list":["post-57605","post","type-post","status-publish","format-standard","has-post-thumbnail","hentry","category-gundm"],"aioseo_notices":[],"_links":{"self":[{"href":"https:\/\/fedai.az\/index.php?rest_route=\/wp\/v2\/posts\/57605","targetHints":{"allow":["GET"]}}],"collection":[{"href":"https:\/\/fedai.az\/index.php?rest_route=\/wp\/v2\/posts"}],"about":[{"href":"https:\/\/fedai.az\/index.php?rest_route=\/wp\/v2\/types\/post"}],"author":[{"embeddable":true,"href":"https:\/\/fedai.az\/index.php?rest_route=\/wp\/v2\/users\/2"}],"replies":[{"embeddable":true,"href":"https:\/\/fedai.az\/index.php?rest_route=%2Fwp%2Fv2%2Fcomments&post=57605"}],"version-history":[{"count":1,"href":"https:\/\/fedai.az\/index.php?rest_route=\/wp\/v2\/posts\/57605\/revisions"}],"predecessor-version":[{"id":57607,"href":"https:\/\/fedai.az\/index.php?rest_route=\/wp\/v2\/posts\/57605\/revisions\/57607"}],"wp:featuredmedia":[{"embeddable":true,"href":"https:\/\/fedai.az\/index.php?rest_route=\/wp\/v2\/media\/57606"}],"wp:attachment":[{"href":"https:\/\/fedai.az\/index.php?rest_route=%2Fwp%2Fv2%2Fmedia&parent=57605"}],"wp:term":[{"taxonomy":"category","embeddable":true,"href":"https:\/\/fedai.az\/index.php?rest_route=%2Fwp%2Fv2%2Fcategories&post=57605"},{"taxonomy":"post_tag","embeddable":true,"href":"https:\/\/fedai.az\/index.php?rest_route=%2Fwp%2Fv2%2Ftags&post=57605"}],"curies":[{"name":"wp","href":"https:\/\/api.w.org\/{rel}","templated":true}]}}