{"id":57608,"date":"2021-12-27T02:12:11","date_gmt":"2021-12-26T22:12:11","guid":{"rendered":"https:\/\/fedai.az\/?p=57608"},"modified":"2021-12-27T03:55:37","modified_gmt":"2021-12-26T23:55:37","slug":"57608","status":"publish","type":"post","link":"https:\/\/fedai.az\/?p=57608","title":{"rendered":"David Babayan bu a\u00e7\u0131qlamaya g\u00f6r\u0259 h\u0259bs olunmal\u0131d\u0131r"},"content":{"rendered":"\n<p><strong>Separat\u00e7\u0131 David Babayan Erm\u0259nistan\u0131n ba\u015f naziri Nikol Pa\u015finyan\u0131n Qaraba\u011f m\u0259s\u0259l\u0259si il\u0259 ba\u011fl\u0131 a\u00e7\u0131qlamalar\u0131na m\u00fcnasib\u0259t bildirib.<\/strong><\/p>\n\n\n\n<p>Rusiyan\u0131n erm\u0259nip\u0259r\u0259st Regnum Agentliyinin verdiyi x\u0259b\u0259r\u0259 g\u00f6r\u0259, Nikol Pa\u015finyan\u0131n Qaraba\u011fla ba\u011fl\u0131 son \u00e7\u0131x\u0131\u015flar\u0131 separat\u00e7\u0131lar\u0131 \u00e7ox q\u0259z\u0259bl\u0259ndirib. H\u0259tta o d\u0259r\u0259c\u0259d\u0259 q\u0259z\u0259bl\u0259ndirib ki, onlar art\u0131q \u201cErm\u0259nistana birl\u0259\u015fm\u0259k yox, ayr\u0131ca respublika olmaq ist\u0259yirl\u0259r\u201d.<\/p>\n\n\n\n<p>Nikol Pa\u015finyan\u0131n \u201caz\u0259rbaycanp\u0259r\u0259st\u201d b\u0259yanat\u0131ndan sonra \u201cArsax Milli Assambleyas\u0131\u201d b\u0259yanat verm\u0259k \u00fc\u00e7\u00fcn n\u00f6vb\u0259d\u0259nk\u0259nar sessiya \u00e7a\u011f\u0131r\u0131b.<\/p>\n\n\n\n<p><strong>D\u00fcn\u0259n gec\u0259 \u201cArtsax\u0131n qondarma X\u0130N r\u0259hb\u0259ri\u201d David Babayan absurd v\u0259 g\u00fcl\u00fcnc \u00e7\u0131x\u0131\u015f edib. H\u0259min \u00e7\u0131x\u0131\u015fdan sitat (Konkret.az-dan g\u00f6t\u00fcr\u00fcl\u00fcb):<\/strong><\/p>\n\n\n\n<p>\u201cArsax Respublikas\u0131n\u0131n sakinl\u0259ri \u00f6z g\u0259l\u0259c\u0259yin\u0259 m\u00fcnasib\u0259tini, Az\u0259rbaycan-Qaraba\u011f m\u00fcnaqi\u015f\u0259sinin h\u0259llin\u0259 dair prinsip v\u0259 yana\u015fmalar\u0131n\u0131 d\u0259yi\u015fm\u0259yib. G\u0259l\u0259c\u0259yimizi&nbsp; \u00f6z\u00fcm\u00fcz v\u0259 yaln\u0131z \u00f6z\u00fcm\u00fcz q\u0259rar ver\u0259c\u0259yik. Bizim yana\u015fmam\u0131z bel\u0259dir: biz he\u00e7 vaxt Az\u0259rbaycan\u0131n bir hiss\u0259si olmayaca\u011f\u0131q. Bu, birincisi. \u0130kincisi, haz\u0131rda Az\u0259rbaycan\u0131n i\u015f\u011fal\u0131 alt\u0131nda olan tarixi \u0259razil\u0259rimizd\u0259n he\u00e7 vaxt imtina etm\u0259y\u0259c\u0259yik. Status m\u0259s\u0259l\u0259si dan\u0131\u015f\u0131qlar prosesinin \u0259sas m\u00f6vzular\u0131ndan biri olub, olub v\u0259 olacaq. Bu m\u0259s\u0259l\u0259 he\u00e7 vaxt dan\u0131\u015f\u0131qlar prosesind\u0259n k\u0259narda qalmay\u0131b v\u0259 daim g\u00fcnd\u0259md\u0259 olmal\u0131d\u0131r\u201d.<\/p>\n\n\n\n<p><strong>Separat\u00e7\u0131 Babayan xoruzlanmaqda davam ed\u0259r\u0259k deyib:<\/strong><\/p>\n\n\n\n<p>\u201cDa\u011fl\u0131q Qaraba\u011f Muxtar Vilay\u0259tind\u0259n dan\u0131\u015fark\u0259n biz onun siyasi v\u0259 h\u00fcquqi irsind\u0259n he\u00e7 vaxt imtina etm\u0259mi\u015fik. \u00dcst\u0259lik, biz bu ke\u00e7mi\u015fi he\u00e7 vaxt inkar etm\u0259mi\u015fik v\u0259 ya qaralamam\u0131\u015f\u0131q. Lakin DQMV xalq\u0131m\u0131z v\u0259 d\u00f6vl\u0259t\u00e7iliyimiz \u00fc\u00e7\u00fcn art\u0131q ke\u00e7mi\u015f m\u0259rh\u0259l\u0259dir. DQMV t\u0259kam\u00fcl yolu il\u0259 m\u00f6vcudlu\u011funu dayand\u0131rd\u0131, Da\u011fl\u0131q Qaraba\u011f Respublikas\u0131na v\u0259 ya Arsax Respublikas\u0131na \u00e7evril\u0259r\u0259k, ke\u00e7mi\u015f DQMV-ni \u015eaumyan b\u00f6lg\u0259sind\u0259 v\u0259 Geta\u015fen subregionunda birl\u0259\u015fdirdi.<\/p>\n\n\n\n<p>Bu, 1991-ci il sentyabr\u0131n 2-d\u0259 Arsax Respublikas\u0131n\u0131n elan edilm\u0259si il\u0259 ba\u015f verdi v\u0259 h\u0259min il dekabr\u0131n 10-da Atsax xalq\u0131 \u00fcmumxalq referendumunda \u00f6z irad\u0259sini t\u0259sdiql\u0259di. Bundan \u0259lav\u0259, Arsaxda ba\u015fqa referendumlar da ke\u00e7irildi: 2006-c\u0131 il konstitusiya referendumu, 2017-ci ilin ikinci konstitusiya referendumu. Artsax xalq\u0131 bir daha m\u00fcst\u0259qil d\u00f6vl\u0259t\u00e7iliyi inki\u015faf etdirm\u0259k \u0259zmini vur\u011fulad\u0131.<\/p>\n\n\n\n<p>Ona g\u00f6r\u0259 d\u0259 DQMV-nin xat\u0131rlanmas\u0131, DQMV termininin dan\u0131\u015f\u0131qlar prosesin\u0259, Az\u0259rbaycan-Qaraba\u011f m\u00fcnaqi\u015f\u0259sinin h\u0259lli prosesin\u0259 daxil edilm\u0259si c\u0259hdl\u0259ri, Arsax\u0131n g\u0259l\u0259c\u0259yi kimi d\u00f6vl\u0259t\u00e7ilik modelinin n\u0259z\u0259rd\u0259n ke\u00e7irilm\u0259si bizim \u00fc\u00e7\u00fcn q\u0259ti \u015f\u0259kild\u0259 q\u0259buledilm\u0259zdir. M\u00fcxt\u0259lif s\u0259b\u0259bl\u0259rd\u0259n. Dediyim kimi, bu, ke\u00e7mi\u015f m\u0259rh\u0259l\u0259dir.<\/p>\n\n\n\n<p>Bu ke\u00e7mi\u015f m\u0259rh\u0259l\u0259nin dir\u00e7\u0259li\u015fi Arsax Respublikas\u0131n\u0131n legitimliyin\u0259, onun formala\u015fmas\u0131na v\u0259 m\u00f6vcudlu\u011funa z\u0259rb\u0259 vurur. Bu, h\u0259m d\u0259 Arsax\u0131n \u0259razi b\u00fct\u00f6vl\u00fcy\u00fcn\u00fc pozur, \u0259razisi he\u00e7 bir \u015f\u0259kild\u0259 ke\u00e7mi\u015f DQMV-nin s\u0259rh\u0259dl\u0259ri il\u0259 \u00fcst-\u00fcst\u0259 d\u00fc\u015fm\u00fcr\u201d.<\/p>\n\n\n\n<p><strong>Babayan Erm\u0259nistana v\u0259 erm\u0259nil\u0259r\u0259 g\u00fcv\u0259nmir, rusun \u00f6z\u00fc demi\u015fk\u0259n, \u201cpryamoy\u201d ruslara g\u00fcv\u0259nir. Yoxsa onun bel\u0259 qaqq\u0131ldama\u011fa c\u0259sar\u0259ti \u00e7atmazd\u0131. Az\u0259rbaycanl\u0131 qa\u00e7q\u0131nlar \u00fc\u00e7\u00fcn say\u0131qlamalar\u0131n\u0131 da t\u0259qdim edirik ki, g\u00f6r\u00fcn bunlar n\u0259 d\u0259r\u0259c\u0259d\u0259 insani \u015f\u00fcurdan, a\u011f\u0131ldan m\u0259hrumdurlar.<\/strong><\/p>\n\n\n\n<p>\u201cAz\u0259rbaycan qa\u00e7q\u0131nlar\u0131na v\u0259 Arsax\u0131n erm\u0259ni birl\u0259\u015fm\u0259sin\u0259 g\u0259linc\u0259, bu fikir Az\u0259rbaycan t\u0259r\u0259fi t\u0259r\u0259find\u0259n daim t\u0259krarlan\u0131r, yegan\u0259 f\u0259rq odur ki, bizi yeni g\u0259l\u0259nl\u0259r kimi t\u0259qdim edirl\u0259r.<\/p>\n\n\n\n<p>X\u00fcsusil\u0259 qeyd etm\u0259k ist\u0259yir\u0259m ki, erm\u0259ni \u0259hali Bak\u0131ya, Kirovabad, Sumqay\u0131t v\u0259 s.-\u0259 qay\u0131tmadan az\u0259rbaycanl\u0131 qa\u00e7q\u0131nlar\u0131n DQR-d\u0259ki ke\u00e7mi\u015f ya\u015fay\u0131\u015f yerl\u0259rin\u0259 qay\u0131tmas\u0131 m\u00fcmk\u00fcn deyil\u201d, \u2013 dey\u0259 s\u0259rs\u0259ml\u0259yib.<\/p>\n\n\n\n<p>Xat\u0131rladaq ki, dekabr\u0131n 24-d\u0259 onlayn m\u0259tbuat konfrans\u0131 zaman\u0131 Nikol Pa\u015finyan n\u00f6vb\u0259ti d\u0259f\u0259 T\u00fcrkiy\u0259 v\u0259 Az\u0259rbaycanla m\u00fcnasib\u0259tl\u0259r\u0259 dair bir s\u0131ra&nbsp; a\u00e7\u0131qlamalar verib. \u201cArsax r\u0259hb\u0259rliyi\u201d bu a\u00e7\u0131qlamalara \u201cq\u0259z\u0259bli reaksiyalar\u0131n\u0131\u201d bildirm\u0259k \u00fc\u00e7\u00fcn dekabr\u0131n 27-d\u0259 saat 11:00-da&nbsp; \u201cn\u00f6vb\u0259d\u0259nk\u0259nar sessiya\u201d&nbsp; \u00e7a\u011f\u0131r\u0131b.<\/p>\n\n\n\n<p>\u018fld\u0259 etdiyimiz b\u0259zi m\u0259lumatlara g\u00f6r\u0259, \u201cArsax parlamenti Erm\u0259nistandan ayr\u0131 m\u00fcst\u0259qillik\u201d elan etm\u0259y\u0259 haz\u0131rla\u015f\u0131r. V\u0259 \u00f6z \u201cvalyutalar\u0131na&nbsp; \u2013 norik\u201d\u0259 ke\u00e7\u0259c\u0259kl\u0259rini d\u0259 elan ed\u0259c\u0259kl\u0259r.<\/p>\n\n\n\n<p><strong>P.S. Separat\u00e7\u0131lar\u0131n s\u00f6z\u00e7\u00fcs\u00fc <strong>David Babayan<\/strong> Az\u0259rbaycan haqq\u0131nda s\u0259rs\u0259ml\u0259m\u0259l\u0259ri onun t\u0259cili h\u0259bsin\u0259 \u0259sas verir. Video:<\/strong><\/p>\n\n\n\n<figure class=\"wp-block-embed is-type-video is-provider-youtube wp-block-embed-youtube wp-embed-aspect-16-9 wp-has-aspect-ratio\"><div class=\"wp-block-embed__wrapper\">\n<iframe loading=\"lazy\" title=\"\u041a\u0430\u0440\u0430\u0431\u0430\u0445 \u0441\u043f\u0438\u043d\u0430 \u0420\u043e\u0441\u0441\u0438\u0438! \u0421\u043b\u043e\u043c\u0430\u044e\u0442 \u0435\u0433\u043e, \u0441\u043b\u043e\u043c\u0430\u044e\u0442 \u0438 \u0420\u043e\u0441\u0441\u0438\u044e\" width=\"715\" height=\"402\" src=\"https:\/\/www.youtube.com\/embed\/IIru4wdukks?feature=oembed\" frameborder=\"0\" allow=\"accelerometer; autoplay; clipboard-write; encrypted-media; gyroscope; picture-in-picture\" allowfullscreen><\/iframe>\n<\/div><\/figure>\n","protected":false},"excerpt":{"rendered":"<p>Separat\u00e7\u0131 David Babayan Erm\u0259nistan\u0131n ba\u015f naziri Nikol Pa\u015finyan\u0131n Qaraba\u011f m\u0259s\u0259l\u0259si il\u0259 ba\u011fl\u0131 a\u00e7\u0131qlamalar\u0131na m\u00fcnasib\u0259t bildirib. Rusiyan\u0131n erm\u0259nip\u0259r\u0259st Regnum Agentliyinin verdiyi x\u0259b\u0259r\u0259 g\u00f6r\u0259, Nikol Pa\u015finyan\u0131n<\/p>\n","protected":false},"author":2,"featured_media":57609,"comment_status":"closed","ping_status":"closed","sticky":false,"template":"","format":"standard","meta":{"footnotes":""},"categories":[4],"tags":[],"class_list":["post-57608","post","type-post","status-publish","format-standard","has-post-thumbnail","hentry","category-qarabag"],"aioseo_notices":[],"_links":{"self":[{"href":"https:\/\/fedai.az\/index.php?rest_route=\/wp\/v2\/posts\/57608","targetHints":{"allow":["GET"]}}],"collection":[{"href":"https:\/\/fedai.az\/index.php?rest_route=\/wp\/v2\/posts"}],"about":[{"href":"https:\/\/fedai.az\/index.php?rest_route=\/wp\/v2\/types\/post"}],"author":[{"embeddable":true,"href":"https:\/\/fedai.az\/index.php?rest_route=\/wp\/v2\/users\/2"}],"replies":[{"embeddable":true,"href":"https:\/\/fedai.az\/index.php?rest_route=%2Fwp%2Fv2%2Fcomments&post=57608"}],"version-history":[{"count":2,"href":"https:\/\/fedai.az\/index.php?rest_route=\/wp\/v2\/posts\/57608\/revisions"}],"predecessor-version":[{"id":57658,"href":"https:\/\/fedai.az\/index.php?rest_route=\/wp\/v2\/posts\/57608\/revisions\/57658"}],"wp:featuredmedia":[{"embeddable":true,"href":"https:\/\/fedai.az\/index.php?rest_route=\/wp\/v2\/media\/57609"}],"wp:attachment":[{"href":"https:\/\/fedai.az\/index.php?rest_route=%2Fwp%2Fv2%2Fmedia&parent=57608"}],"wp:term":[{"taxonomy":"category","embeddable":true,"href":"https:\/\/fedai.az\/index.php?rest_route=%2Fwp%2Fv2%2Fcategories&post=57608"},{"taxonomy":"post_tag","embeddable":true,"href":"https:\/\/fedai.az\/index.php?rest_route=%2Fwp%2Fv2%2Ftags&post=57608"}],"curies":[{"name":"wp","href":"https:\/\/api.w.org\/{rel}","templated":true}]}}