{"id":57611,"date":"2021-12-27T02:16:27","date_gmt":"2021-12-26T22:16:27","guid":{"rendered":"https:\/\/fedai.az\/?p=57611"},"modified":"2021-12-27T02:16:29","modified_gmt":"2021-12-26T22:16:29","slug":"fransa-v%c9%99-rusiyadan-daha-bir-xain-h%c9%99r%c9%99k%c9%99t-xank%c9%99ndid%c9%99-bu-bayraqlar-kimin-icaz%c9%99si-il%c9%99-qaldirilib","status":"publish","type":"post","link":"https:\/\/fedai.az\/?p=57611","title":{"rendered":"FRANSA V\u018f RUS\u0130YADAN DAHA B\u0130R XA\u0130N H\u018fR\u018fK\u018fT\u2026 \u2013 Xank\u0259ndid\u0259 bu bayraqlar kimin icaz\u0259si il\u0259 qald\u0131r\u0131l\u0131b?"},"content":{"rendered":"\n<p><strong>Fransada ke\u00e7iril\u0259c\u0259k prezident se\u00e7kil\u0259rind\u0259 Respublika\u00e7\u0131lar Partiyas\u0131n\u0131n namiz\u0259di Valeri Pekrezin Az\u0259rbaycan Respublikas\u0131n\u0131n Xank\u0259ndi \u015f\u0259h\u0259rin\u0259 qanunsuz s\u0259f\u0259ri bir s\u0131ra maraql\u0131 detallar\u0131 \u00fcz\u0259 \u00e7\u0131xar\u0131b.<\/strong><\/p>\n\n\n\n<p>Bel\u0259 ki, siyas\u0259t\u00e7ini m\u00fc\u015fayi\u0259t ed\u0259n h\u0259mkar\u0131 Bruno Retayonun (Fransa senat\u0131ndak\u0131 Respublika\u00e7\u0131lar Partiyas\u0131 qrupunun r\u0259hb\u0259ri) sosial \u015f\u0259b\u0259k\u0259 payla\u015f\u0131mlar\u0131nda haz\u0131rda Rusiya s\u00fclhm\u0259raml\u0131lar\u0131n\u0131n m\u00fcv\u0259qq\u0259ti m\u0259suliyy\u0259t zonas\u0131na daxil olan Xank\u0259ndid\u0259 Frankofoniya Beyn\u0259lxalq M\u0259rk\u0259zinin f\u0259aliyy\u0259t g\u00f6st\u0259rm\u0259si v\u0259 onun qar\u015f\u0131s\u0131nda qondarma respublika bayra\u011f\u0131 il\u0259 yana\u015f\u0131, Fransa d\u00f6vl\u0259t bayra\u011f\u0131n\u0131n da dal\u011falanmas\u0131 m\u0259lum olub.<\/p>\n\n\n\n<p><strong>D\u00fcz\u00fcn\u00fc des\u0259k, erm\u0259nil\u0259rin h\u0259yas\u0131zl\u0131\u011f\u0131 bizi he\u00e7 d\u0259 t\u0259\u0259cc\u00fcbl\u0259ndirmir. Amma uzun ill\u0259r \u0259rzind\u0259 m\u00fcnaqi\u015f\u0259nin \u201ct\u0259nziml\u0259nm\u0259sil\u0259\u201d m\u0259\u015f\u011ful olmu\u015f Minsk Qrupunun h\u0259ms\u0259dri v\u0259 haz\u0131rda da b\u00f6lg\u0259d\u0259 s\u00f6z sahibi olma\u011fa iddia ed\u0259n Fransan\u0131n \u00f6z t\u0259msil\u00e7il\u0259ri vasit\u0259sil\u0259 beyn\u0259lxalq h\u00fcquqa zidd \u0259m\u0259ll\u0259ri \u0259n az\u0131ndan t\u0259\u0259ss\u00fcfl\u0259ndirm\u0259y\u0259 bilm\u0259z.<\/strong><\/p>\n\n\n\n<p>Ax\u0131 Fransan\u0131n \u00f6z\u00fc t\u0259r\u0259find\u0259n bel\u0259 Az\u0259rbaycan \u0259razisi kimi tan\u0131nan bir \u015f\u0259h\u0259rd\u0259 \u00f6lk\u0259mizin m\u00fcvafiq r\u0259smi qurumlar\u0131n\u0131n izac\u0259si olmadan \u0259cn\u0259bi d\u00f6vl\u0259t\u0259 m\u0259xsus Beyn\u0259lxalq M\u0259rk\u0259zinin f\u0259aliyy\u0259t g\u00f6st\u0259rm\u0259si v\u0259 onun qar\u015f\u0131s\u0131nda h\u0259min d\u00f6vl\u0259tin bayra\u011f\u0131n\u0131n dal\u011faland\u0131r\u0131lmas\u0131 hans\u0131 beyn\u0259lxalq h\u00fcquq normalar\u0131na s\u0131\u011f\u0131r?<\/p>\n\n\n\n<p><strong>H\u0259l\u0259 b\u00f6lg\u0259d\u0259 s\u00fclhyarad\u0131c\u0131 missiyan\u0131 \u00f6z \u00fcz\u0259rin\u0259 g\u00f6t\u00fcr\u0259n v\u0259 b\u00fct\u00fcn bu qanun pozuntular\u0131na g\u00f6z yuman Rusiya s\u00fclhm\u0259raml\u0131lar\u0131ndan dan\u0131\u015fm\u0131r\u0131q.<\/strong><\/p>\n\n\n\n<p><strong>Yaln\u0131z h\u0259r iki \u00f6lk\u0259nin m\u0259sul \u015f\u0259xsl\u0259rin\u0259 \u00fcz\u00fcm\u00fcz\u00fc tutub bir sual verm\u0259k ist\u0259yirik. G\u00f6r\u0259s\u0259n, Rusiya v\u0259 ya Fransa hakimiyy\u0259tinin icaz\u0259si olmadan, m\u0259s\u0259l\u0259n Omskda v\u0259 ya Tulonda Az\u0259rbaycan m\u0259rk\u0259zi a\u00e7\u0131lsayd\u0131, onun qar\u015f\u0131s\u0131nda \u00fc\u00e7r\u0259ngli d\u00f6vl\u0259t bayra\u011f\u0131m\u0131z dal\u011falansayd\u0131 v\u0259 bizim siyas\u0259t\u00e7il\u0259r d\u0259 h\u0259min \u0259razil\u0259r\u0259 icaz\u0259siz s\u0259f\u0259r ets\u0259ydil\u0259r, onlar\u0131n reaksiyas\u0131 nec\u0259 olard\u0131?<\/strong><\/p>\n\n\n\n<p>M\u0259nb\u0259: Alp.az<\/p>\n\n\n\n<figure class=\"wp-block-image size-large is-resized\"><img loading=\"lazy\" decoding=\"async\" src=\"https:\/\/fedai.az\/wp-content\/uploads\/2021\/12\/222.jpg\" alt=\"\" class=\"wp-image-57612\" width=\"904\" height=\"621\" srcset=\"https:\/\/fedai.az\/wp-content\/uploads\/2021\/12\/222.jpg 590w, https:\/\/fedai.az\/wp-content\/uploads\/2021\/12\/222-300x206.jpg 300w, https:\/\/fedai.az\/wp-content\/uploads\/2021\/12\/222-150x103.jpg 150w\" sizes=\"auto, (max-width: 904px) 100vw, 904px\" \/><\/figure>\n\n\n\n<figure class=\"wp-block-image size-large is-resized\"><img loading=\"lazy\" decoding=\"async\" src=\"https:\/\/fedai.az\/wp-content\/uploads\/2021\/12\/333.jpg\" alt=\"\" class=\"wp-image-57613\" width=\"914\" height=\"603\" srcset=\"https:\/\/fedai.az\/wp-content\/uploads\/2021\/12\/333.jpg 590w, https:\/\/fedai.az\/wp-content\/uploads\/2021\/12\/333-300x198.jpg 300w, https:\/\/fedai.az\/wp-content\/uploads\/2021\/12\/333-150x99.jpg 150w\" sizes=\"auto, (max-width: 914px) 100vw, 914px\" \/><\/figure>\n","protected":false},"excerpt":{"rendered":"<p>Fransada ke\u00e7iril\u0259c\u0259k prezident se\u00e7kil\u0259rind\u0259 Respublika\u00e7\u0131lar Partiyas\u0131n\u0131n namiz\u0259di Valeri Pekrezin Az\u0259rbaycan Respublikas\u0131n\u0131n Xank\u0259ndi \u015f\u0259h\u0259rin\u0259 qanunsuz s\u0259f\u0259ri bir s\u0131ra maraql\u0131 detallar\u0131 \u00fcz\u0259 \u00e7\u0131xar\u0131b. Bel\u0259 ki, siyas\u0259t\u00e7ini<\/p>\n","protected":false},"author":2,"featured_media":57614,"comment_status":"closed","ping_status":"closed","sticky":false,"template":"","format":"standard","meta":{"footnotes":""},"categories":[15],"tags":[],"class_list":["post-57611","post","type-post","status-publish","format-standard","has-post-thumbnail","hentry","category-atmaca"],"aioseo_notices":[],"_links":{"self":[{"href":"https:\/\/fedai.az\/index.php?rest_route=\/wp\/v2\/posts\/57611","targetHints":{"allow":["GET"]}}],"collection":[{"href":"https:\/\/fedai.az\/index.php?rest_route=\/wp\/v2\/posts"}],"about":[{"href":"https:\/\/fedai.az\/index.php?rest_route=\/wp\/v2\/types\/post"}],"author":[{"embeddable":true,"href":"https:\/\/fedai.az\/index.php?rest_route=\/wp\/v2\/users\/2"}],"replies":[{"embeddable":true,"href":"https:\/\/fedai.az\/index.php?rest_route=%2Fwp%2Fv2%2Fcomments&post=57611"}],"version-history":[{"count":1,"href":"https:\/\/fedai.az\/index.php?rest_route=\/wp\/v2\/posts\/57611\/revisions"}],"predecessor-version":[{"id":57615,"href":"https:\/\/fedai.az\/index.php?rest_route=\/wp\/v2\/posts\/57611\/revisions\/57615"}],"wp:featuredmedia":[{"embeddable":true,"href":"https:\/\/fedai.az\/index.php?rest_route=\/wp\/v2\/media\/57614"}],"wp:attachment":[{"href":"https:\/\/fedai.az\/index.php?rest_route=%2Fwp%2Fv2%2Fmedia&parent=57611"}],"wp:term":[{"taxonomy":"category","embeddable":true,"href":"https:\/\/fedai.az\/index.php?rest_route=%2Fwp%2Fv2%2Fcategories&post=57611"},{"taxonomy":"post_tag","embeddable":true,"href":"https:\/\/fedai.az\/index.php?rest_route=%2Fwp%2Fv2%2Ftags&post=57611"}],"curies":[{"name":"wp","href":"https:\/\/api.w.org\/{rel}","templated":true}]}}