{"id":57616,"date":"2021-12-27T02:24:49","date_gmt":"2021-12-26T22:24:49","guid":{"rendered":"https:\/\/fedai.az\/?p=57616"},"modified":"2021-12-27T02:25:21","modified_gmt":"2021-12-26T22:25:21","slug":"qarabagin-son-statusu-az%c9%99rbaycan-konstitusiyasi-%c9%99sasinda-bas-verm%c9%99lidir-pasinyan","status":"publish","type":"post","link":"https:\/\/fedai.az\/?p=57616","title":{"rendered":"&#171;Qaraba\u011f\u0131n son statusu Az\u0259rbaycan konstitusiyas\u0131 \u0259sas\u0131nda ba\u015f verm\u0259lidir&#187; &#8212; Pa\u015finyan"},"content":{"rendered":"\n<p>Video a\u00e7\u0131lm\u0131rsa,&nbsp;<a href=\"https:\/\/www.youtube.com\/watch?v=Lx_nwVscgPc&amp;t=6s\">youtube-dan izl\u0259yin.<\/a><\/p>\n\n\n\n<figure class=\"wp-block-embed is-type-video is-provider-youtube wp-block-embed-youtube wp-embed-aspect-16-9 wp-has-aspect-ratio\"><div class=\"wp-block-embed__wrapper\">\n<iframe loading=\"lazy\" title=\"&quot;Qaraba\u011f\u0131n son statusu Az\u0259rbaycan konstitusiyas\u0131 \u0259sas\u0131nda ba\u015f verm\u0259lidir&quot;, Pa\u015finyan\" width=\"715\" height=\"402\" src=\"https:\/\/www.youtube.com\/embed\/Lx_nwVscgPc?feature=oembed\" frameborder=\"0\" allow=\"accelerometer; autoplay; clipboard-write; encrypted-media; gyroscope; picture-in-picture\" allowfullscreen><\/iframe>\n<\/div><\/figure>\n\n\n\n<p>Erm\u0259nistan Ba\u015f naziri dekabr\u0131n 24-d\u0259 onlayn rejimd\u0259 m\u0259tbuat konfrans\u0131 zaman\u0131 deyib ki, Qaraba\u011f\u0131n son statusunun d\u0259qiql\u0259\u015fdirilm\u0259si Az\u0259rbaycan konstitusiyas\u0131 \u0259sas\u0131nda ba\u015f verm\u0259lidir v\u0259 bu imkan\u0131 onun s\u0259l\u0259fl\u0259ri yarad\u0131b.<\/p>\n\n\n\n<p>Nikol Pa\u015finyan deyib ki, Qaraba\u011f m\u00fcnaqi\u015f\u0259si \u00fczr\u0259 dan\u0131\u015f\u0131qlar prosesi \u0259z\u0259ld\u0259n erm\u0259ni t\u0259r\u0259finin &#171;xeyrin\u0259&#187; getm\u0259yib.<\/p>\n\n\n\n<p>Onun s\u00f6zl\u0259rin\u0259 g\u00f6r\u0259, Qaraba\u011f t\u0259nziml\u0259nm\u0259si il\u0259 ba\u011fl\u0131 AT\u018fT-in Minsk Qrupu h\u0259ms\u0259drl\u0259rinin h\u0259l\u0259 2016-c\u0131 ild\u0259 ir\u0259li s\u00fcrd\u00fcy\u00fc t\u0259klifl\u0259r erm\u0259ni t\u0259r\u0259fi \u00fc\u00e7\u00fcn &#171;faci\u0259vi&#187; olub.<\/p>\n\n\n\n<p>M\u0259nb\u0259: BBC<\/p>\n","protected":false},"excerpt":{"rendered":"<p>Video a\u00e7\u0131lm\u0131rsa,&nbsp;youtube-dan izl\u0259yin. Erm\u0259nistan Ba\u015f naziri dekabr\u0131n 24-d\u0259 onlayn rejimd\u0259 m\u0259tbuat konfrans\u0131 zaman\u0131 deyib ki, Qaraba\u011f\u0131n son statusunun d\u0259qiql\u0259\u015fdirilm\u0259si Az\u0259rbaycan konstitusiyas\u0131 \u0259sas\u0131nda ba\u015f verm\u0259lidir<\/p>\n","protected":false},"author":2,"featured_media":57617,"comment_status":"closed","ping_status":"closed","sticky":false,"template":"","format":"standard","meta":{"footnotes":""},"categories":[4],"tags":[],"class_list":["post-57616","post","type-post","status-publish","format-standard","has-post-thumbnail","hentry","category-qarabag"],"aioseo_notices":[],"_links":{"self":[{"href":"https:\/\/fedai.az\/index.php?rest_route=\/wp\/v2\/posts\/57616","targetHints":{"allow":["GET"]}}],"collection":[{"href":"https:\/\/fedai.az\/index.php?rest_route=\/wp\/v2\/posts"}],"about":[{"href":"https:\/\/fedai.az\/index.php?rest_route=\/wp\/v2\/types\/post"}],"author":[{"embeddable":true,"href":"https:\/\/fedai.az\/index.php?rest_route=\/wp\/v2\/users\/2"}],"replies":[{"embeddable":true,"href":"https:\/\/fedai.az\/index.php?rest_route=%2Fwp%2Fv2%2Fcomments&post=57616"}],"version-history":[{"count":2,"href":"https:\/\/fedai.az\/index.php?rest_route=\/wp\/v2\/posts\/57616\/revisions"}],"predecessor-version":[{"id":57619,"href":"https:\/\/fedai.az\/index.php?rest_route=\/wp\/v2\/posts\/57616\/revisions\/57619"}],"wp:featuredmedia":[{"embeddable":true,"href":"https:\/\/fedai.az\/index.php?rest_route=\/wp\/v2\/media\/57617"}],"wp:attachment":[{"href":"https:\/\/fedai.az\/index.php?rest_route=%2Fwp%2Fv2%2Fmedia&parent=57616"}],"wp:term":[{"taxonomy":"category","embeddable":true,"href":"https:\/\/fedai.az\/index.php?rest_route=%2Fwp%2Fv2%2Fcategories&post=57616"},{"taxonomy":"post_tag","embeddable":true,"href":"https:\/\/fedai.az\/index.php?rest_route=%2Fwp%2Fv2%2Ftags&post=57616"}],"curies":[{"name":"wp","href":"https:\/\/api.w.org\/{rel}","templated":true}]}}