{"id":57631,"date":"2021-12-27T02:50:16","date_gmt":"2021-12-26T22:50:16","guid":{"rendered":"https:\/\/fedai.az\/?p=57631"},"modified":"2021-12-27T02:50:18","modified_gmt":"2021-12-26T22:50:18","slug":"krasnodarin-ukraynaya-qaytarilmasi-prosesi-basladilib-rusiyadan-s%c9%99rt-reaksiya","status":"publish","type":"post","link":"https:\/\/fedai.az\/?p=57631","title":{"rendered":"Krasnodar\u0131n Ukraynaya qaytar\u0131lmas\u0131 prosesi ba\u015flad\u0131l\u0131b: Rusiyadan s\u0259rt reaksiya"},"content":{"rendered":"\n<p><strong>\u201cOnlar Yeni il qaba\u011f\u0131 s\u0259rxo\u015f olub, h\u0259r c\u00fcr c\u0259f\u0259ngiyyatla g\u00fcnd\u0259m\u0259 g\u0259lirl\u0259r\u201d<\/strong><\/p>\n\n\n\n<p>Rusiya D\u00f6vl\u0259t Dumas\u0131n\u0131n s\u0259dr m\u00fcavini Boris \u00c7ern\u0131\u015fov Ukrayna Ali Radas\u0131n\u0131n deputat\u0131 Aleksey Qon\u00e7arenkonun Krasnodar vilay\u0259tinin Ukraynaya qaytar\u0131lmas\u0131 il\u0259 ba\u011fl\u0131 proses ba\u015flad\u0131lmas\u0131 m\u0259s\u0259l\u0259sin\u0259 reaksiya verib. Alp.az-\u0131n x\u0259b\u0259rin\u0259 g\u00f6r\u0259, \u201cDan\u0131\u015f\u0131r Moskva\u201d radiostansiyas\u0131na dan\u0131\u015fan \u00c7ern\u0131\u015fov ukraynal\u0131 deputat\u0131 bo\u015fbo\u011fazl\u0131qda ittiham edib.<\/p>\n\n\n\n<p>\u201cOnlar Yeni il qaba\u011f\u0131 s\u0259rxo\u015f olub, h\u0259r c\u00fcr c\u0259f\u0259ngiyyatla g\u00fcnd\u0259m\u0259 g\u0259lirl\u0259r. M\u0259n\u0259 el\u0259 g\u0259lir ki, bu he\u00e7 bir \u015f\u0259kild\u0259 d\u0259rk edil\u0259si m\u0259s\u0259l\u0259 deyil. N\u0259 Krasnodar diyar\u0131, n\u0259 d\u0259 Kr\u0131m onlar\u0131n olacaq. Onlar\u0131n he\u00e7 n\u0259l\u0259ri olmayacaq\u201d, \u2013 \u00c7ern\u0131\u015fov bildirib.<\/p>\n\n\n\n<p>S\u0259dr m\u00fcavininin s\u00f6zl\u0259rin\u0259 g\u00f6r\u0259, Ukraynadan olan bir piar adam\u0131 \u00f6z xalq\u0131n\u0131n maraqlar\u0131 \u00fcz\u0259rind\u0259n x\u0259b\u0259r lentl\u0259rind\u0259 \u00f6z\u00fcn\u00fc t\u0259bli\u011f etm\u0259y\u0259 \u00e7al\u0131\u015f\u0131r v\u0259 Rusiya il\u0259 dialoq aparmaq \u0259v\u0259zin\u0259 c\u0259f\u0259ngiyyatla m\u0259\u015f\u011fuldur.<\/p>\n\n\n\n<p>Qeyd ed\u0259k ki, Ukrayna Ali radas\u0131n\u0131n deputat\u0131 A.Qon\u00e7arenko Ukraynan\u0131n Krasnodar\u0131n geri qaytar\u0131lmas\u0131 prosesin\u0259 ba\u015flad\u0131\u011f\u0131n\u0131 b\u0259yan edib. Onun s\u00f6zl\u0259rin\u0259 g\u00f6r\u0259, Kiyev bu proses\u0259 ki\u00e7ik, lakin inaml\u0131 add\u0131mlarla ba\u015flay\u0131b. De\u00f6utat qeyd edib ki, dekabr\u0131n 14-n\u00fcn Krasnodar\u0131n ukraynal\u0131 \u0259halisinin deportasiyas\u0131 qurbanlar\u0131n\u0131n xatir\u0259sinin an\u0131m g\u00fcn\u00fc kimi t\u0259sis edilm\u0259si il\u0259 ba\u011fl\u0131 q\u0259tnam\u0259ni Ali Radaya t\u0259qdim edib.<\/p>\n\n\n\n<p>M\u0259nb\u0259: Ayna<\/p>\n","protected":false},"excerpt":{"rendered":"<p>\u201cOnlar Yeni il qaba\u011f\u0131 s\u0259rxo\u015f olub, h\u0259r c\u00fcr c\u0259f\u0259ngiyyatla g\u00fcnd\u0259m\u0259 g\u0259lirl\u0259r\u201d Rusiya D\u00f6vl\u0259t Dumas\u0131n\u0131n s\u0259dr m\u00fcavini Boris \u00c7ern\u0131\u015fov Ukrayna Ali Radas\u0131n\u0131n deputat\u0131 Aleksey Qon\u00e7arenkonun<\/p>\n","protected":false},"author":2,"featured_media":57632,"comment_status":"closed","ping_status":"closed","sticky":false,"template":"","format":"standard","meta":{"footnotes":""},"categories":[1],"tags":[],"class_list":["post-57631","post","type-post","status-publish","format-standard","has-post-thumbnail","hentry","category-siyast"],"aioseo_notices":[],"_links":{"self":[{"href":"https:\/\/fedai.az\/index.php?rest_route=\/wp\/v2\/posts\/57631","targetHints":{"allow":["GET"]}}],"collection":[{"href":"https:\/\/fedai.az\/index.php?rest_route=\/wp\/v2\/posts"}],"about":[{"href":"https:\/\/fedai.az\/index.php?rest_route=\/wp\/v2\/types\/post"}],"author":[{"embeddable":true,"href":"https:\/\/fedai.az\/index.php?rest_route=\/wp\/v2\/users\/2"}],"replies":[{"embeddable":true,"href":"https:\/\/fedai.az\/index.php?rest_route=%2Fwp%2Fv2%2Fcomments&post=57631"}],"version-history":[{"count":1,"href":"https:\/\/fedai.az\/index.php?rest_route=\/wp\/v2\/posts\/57631\/revisions"}],"predecessor-version":[{"id":57633,"href":"https:\/\/fedai.az\/index.php?rest_route=\/wp\/v2\/posts\/57631\/revisions\/57633"}],"wp:featuredmedia":[{"embeddable":true,"href":"https:\/\/fedai.az\/index.php?rest_route=\/wp\/v2\/media\/57632"}],"wp:attachment":[{"href":"https:\/\/fedai.az\/index.php?rest_route=%2Fwp%2Fv2%2Fmedia&parent=57631"}],"wp:term":[{"taxonomy":"category","embeddable":true,"href":"https:\/\/fedai.az\/index.php?rest_route=%2Fwp%2Fv2%2Fcategories&post=57631"},{"taxonomy":"post_tag","embeddable":true,"href":"https:\/\/fedai.az\/index.php?rest_route=%2Fwp%2Fv2%2Ftags&post=57631"}],"curies":[{"name":"wp","href":"https:\/\/api.w.org\/{rel}","templated":true}]}}