{"id":57648,"date":"2021-12-27T03:36:01","date_gmt":"2021-12-26T23:36:01","guid":{"rendered":"https:\/\/fedai.az\/?p=57648"},"modified":"2021-12-27T03:36:05","modified_gmt":"2021-12-26T23:36:05","slug":"t%c9%99brik-k%c9%99rimov-oktay-n%c9%99bi-0glu-56","status":"publish","type":"post","link":"https:\/\/fedai.az\/?p=57648","title":{"rendered":"T\u018fBR\u0130K: K\u018fR\u0130MOV OKTAY N\u018fB\u0130 0\u011eLU &#8212; 56"},"content":{"rendered":"\n<p><strong>\u00a0\u00a0\u00a0\u00a0 Silahl\u0131 Q\u00fcvv\u0259l\u0259r v\u0259 m\u00fcharib\u0259\u00a0 veteran\u0131 polkovnik- leytenant\u00a0 K\u0259rimov Oktay N\u0259bi o\u011flu\u00a0 y\u00fcks\u0259k pe\u015f\u0259karl\u0131\u011f\u0131 v\u0259 humanistliyi il\u0259,\u00a0 v\u0259t\u0259np\u0259rv\u0259rliyi \u0131l\u0259, n\u0259z\u0259ri\u00a0 v\u0259 praktiki biliyi \u0131l\u0259 (t\u0259c\u00fcrb\u0259si \u0131l\u0259),i\u015fg\u00fczarl\u0131\u011f\u0131 v\u0259 m\u0259n\u0259vikeyfiyy\u0259ti il\u0259, d\u0259qiqliyi v\u0259 t\u0259mkinliyi il\u0259, sad\u0259liyi v\u0259 s\u0259mimiyy\u0259ti il\u0259 se\u00e7il\u0259n\u00a0 \u00f6mr\u00fcn\u00fcn\u00a0\u00a0\u00a0 \u0259n m\u0259hsldar d\u00f6vr\u00fcn\u00fcn 38 ild\u0259n cox \u015f\u0259r\u0259fli v\u0259 m\u0259nal\u0131 xidm\u0259t yolunun\u00a0 iki ilini \u00c7\u0259m\u015fid Nax\u00e7\u0131vanski ad\u0131na h\u0259rbi liseyd\u0259, s\u0259kkiz\u00a0 ilini Ali h\u0259rbi m\u0259kt\u0259bd\u0259 v\u0259 Sovet ordusunun Almaniyada yerl\u0259\u015f\u0259n h\u0259rbi hiss\u0259d\u0259, iyrimi s\u0259kkiz ilini is\u0259 M\u00fcst\u0259qil Respublikam\u0131z\u0131n Daxili \u0130\u015fl\u0259r Nazirliyinin Daxili Qo\u015funlar\u0131nda ke\u00e7ir\u0259r\u0259k V\u0259t\u0259n\u0259, D\u00f6vl\u0259t\u0259 v\u0259 Xalqa s\u0259daq\u0259tl\u0259 xidm\u0259t etmi\u015fdir.<\/strong><\/p>\n\n\n\n<p><strong>\u00a0\u00a0\u00a0\u00a0\u00a0 <span class=\"has-inline-color has-vivid-red-color\">AVMV\u0130B R\u0259hb\u0259rliyi v\u0259 Az\u0259rbaycan V\u0259t\u0259n M\u00fcharib\u0259si Veteranlar\u0131 \u0130\u00e7timai Birliyinin s\u0259dr m\u00fcavini polkovnik Salman Musayev Silahl\u0131 Q\u00fcvv\u0259l\u0259r v\u0259 M\u00fcharib\u0259 Veteran\u0131\u00a0 ehtiyatda olan polkovnik-leytenant\u00a0 Oktay N\u0259bi o\u011flu\u00a0 K\u0259rimovu do\u011fum g\u00fcn\u00fc m\u00fcnasib\u0259til\u0259 s\u0259mimi q\u0259lbd\u0259n t\u0259brik edir, ona h\u0259yatda insan \u00fc\u00e7\u00fcn \u0259n \u015firin nem\u0259t olan m\u00f6hk\u0259m can sa\u011fl\u0131\u011f\u0131, ail\u0259 s\u0259ad\u0259ti\u00a0 v\u0259 h\u0259yat yollar\u0131nda bitib &#8212; t\u00fck\u0259nm\u0259y\u0259n naliy\u0259tl\u0259r arzulay\u0131r.<\/span><\/strong><\/p>\n\n\n\n<p><strong>&nbsp;&nbsp;&nbsp; Qoy ya\u015f\u0131n\u0131n \u00fcst\u0259 g\u0259l\u0259n bu ya\u015f ona sevinc dolu g\u00fcnl\u0259r b\u0259x\u015f etsin v\u0259 h\u0259r yeni g\u00fcn\u00fc is\u0259 \u00f6t\u0259n g\u00fcnl\u0259rd\u0259n daha g\u00f6z\u0259l ist\u0259kl\u0259rin\u0259 uy\u011fun onu xo\u015fb\u0259xt ed\u0259c\u0259k \u015f\u0259kild\u0259 ke\u00e7sin. Amin!<\/strong><\/p>\n\n\n\n<p>\u00a0\u00a0\u00a0 Silahl\u0131 Q\u00fcvv\u0259l\u0259r v\u0259 m\u00fcharib\u0259 veteran\u0131 ehtiyatda olan polkovnik-leytenant\u00a0 K\u0259rimov Oktay N\u0259bi o\u011flu\u00a0 28 dekabr 1965 -ci ild\u0259 Zaqatala \u015f\u0259h\u0259rind\u0259 ziyal\u0131 ail\u0259sind\u0259 anadan olub .<\/p>\n\n\n\n<figure class=\"wp-block-gallery columns-3 is-cropped wp-block-gallery-1 is-layout-flex wp-block-gallery-is-layout-flex\"><ul class=\"blocks-gallery-grid\"><li class=\"blocks-gallery-item\"><figure><img loading=\"lazy\" decoding=\"async\" width=\"768\" height=\"1024\" src=\"https:\/\/fedai.az\/wp-content\/uploads\/2021\/12\/IMG-20211226-WA0031-768x1024.jpg\" alt=\"\" data-id=\"57649\" data-link=\"https:\/\/fedai.az\/?attachment_id=57649\" class=\"wp-image-57649\" srcset=\"https:\/\/fedai.az\/wp-content\/uploads\/2021\/12\/IMG-20211226-WA0031-768x1024.jpg 768w, https:\/\/fedai.az\/wp-content\/uploads\/2021\/12\/IMG-20211226-WA0031-225x300.jpg 225w, https:\/\/fedai.az\/wp-content\/uploads\/2021\/12\/IMG-20211226-WA0031-113x150.jpg 113w, https:\/\/fedai.az\/wp-content\/uploads\/2021\/12\/IMG-20211226-WA0031-1152x1536.jpg 1152w, https:\/\/fedai.az\/wp-content\/uploads\/2021\/12\/IMG-20211226-WA0031.jpg 1200w\" sizes=\"auto, (max-width: 768px) 100vw, 768px\" \/><\/figure><\/li><li class=\"blocks-gallery-item\"><figure><img loading=\"lazy\" decoding=\"async\" width=\"859\" height=\"1024\" src=\"https:\/\/fedai.az\/wp-content\/uploads\/2021\/12\/20211226_211629-859x1024.jpg\" alt=\"\" data-id=\"57650\" data-link=\"https:\/\/fedai.az\/?attachment_id=57650\" class=\"wp-image-57650\" srcset=\"https:\/\/fedai.az\/wp-content\/uploads\/2021\/12\/20211226_211629-859x1024.jpg 859w, https:\/\/fedai.az\/wp-content\/uploads\/2021\/12\/20211226_211629-252x300.jpg 252w, https:\/\/fedai.az\/wp-content\/uploads\/2021\/12\/20211226_211629-126x150.jpg 126w, https:\/\/fedai.az\/wp-content\/uploads\/2021\/12\/20211226_211629-768x915.jpg 768w, https:\/\/fedai.az\/wp-content\/uploads\/2021\/12\/20211226_211629.jpg 975w\" sizes=\"auto, (max-width: 859px) 100vw, 859px\" \/><\/figure><\/li><li class=\"blocks-gallery-item\"><figure><img loading=\"lazy\" decoding=\"async\" width=\"735\" height=\"1024\" src=\"https:\/\/fedai.az\/wp-content\/uploads\/2021\/12\/20211226_211653-735x1024.jpg\" alt=\"\" data-id=\"57651\" data-full-url=\"https:\/\/fedai.az\/wp-content\/uploads\/2021\/12\/20211226_211653.jpg\" data-link=\"https:\/\/fedai.az\/?attachment_id=57651\" class=\"wp-image-57651\" srcset=\"https:\/\/fedai.az\/wp-content\/uploads\/2021\/12\/20211226_211653-735x1024.jpg 735w, https:\/\/fedai.az\/wp-content\/uploads\/2021\/12\/20211226_211653-215x300.jpg 215w, https:\/\/fedai.az\/wp-content\/uploads\/2021\/12\/20211226_211653-108x150.jpg 108w, https:\/\/fedai.az\/wp-content\/uploads\/2021\/12\/20211226_211653-768x1071.jpg 768w, https:\/\/fedai.az\/wp-content\/uploads\/2021\/12\/20211226_211653.jpg 802w\" sizes=\"auto, (max-width: 735px) 100vw, 735px\" \/><\/figure><\/li><\/ul><\/figure>\n\n\n\n<p>&nbsp;&nbsp;&nbsp;&nbsp; O, 1981-ci ild\u0259 Zaqatala \u015f\u0259h\u0259rind\u0259 8-ci sinifi, &nbsp;1983-c\u00fc ild\u0259 \u00c7\u0259m\u015fid Nax\u00e7\u0131vanski ad\u0131na h\u0259rbi liseyi, 1987-ci ild\u0259 is\u0259&nbsp; Yaroslavl Al\u0131 h\u0259rbi maliyy\u0259 m\u0259kt\u0259bini bitirib. Oktay K\u0259rimov Daxili Qo\u015funlarda xidm\u0259t etdiyi ill\u0259r \u0259rzind\u0259 Daxili Qo\u015funlar\u0131n Ba\u015f \u0130dar\u0259sind\u0259 bir \u00e7ox metodiki- t\u0259lim toplan\u0131\u015flar\u0131nda, seminar v\u0259 konfranslarda f\u0259al i\u015ftirak etmi\u015fdir.<\/p>\n\n\n\n<p>\u00a0\u00a0\u00a0 O, Yaroslavl Ali H\u0259rbi m\u0259kt\u0259bi bitirdikd\u0259n sonra 1987 -1991 &#8212; ci ill\u0259rd\u0259 SSR\u0130 M\u00fcdafi\u0259 Nazirliyinin Almaniyada yerl\u0259\u015f\u0259n h\u0259rbi hiss\u0259d\u0259 maliyy\u0259 xidm\u0259tinin r\u0259isi, 1992 &#8212; 2020-ci ill\u0259rd\u0259 is\u0259 Daxili Qo\u015funlar\u0131n Ba\u015f \u0130dar\u0259sinin Zaqatala, Hac\u0131qabul, N\u0259rimanov v\u0259 X\u0259z\u0259r rayonlar\u0131nda yerl\u0259\u015f\u0259n h\u0259rbi hiss\u0259d\u0259, h\u0259rbi hospitalda v\u0259 ali h\u0259rbi m\u0259kt\u0259bd\u0259 maliyy\u0259 xidm\u0259t r\u0259isi v\u0259zif\u0259l\u0259rind\u0259\u00a0 xidm\u0259t edib.<\/p>\n\n\n\n<p>\u00a0\u00a0\u00a0\u00a0\u00a0 Oktay N\u0259bi o\u011flu K\u0259rimov Orta m\u0259kt\u0259bd\u0259, \u00c7\u0259m\u015fid Nax\u00e7\u0131vanski ad\u0131na H\u0259rbi liseyd\u0259\u00a0 v\u0259 Al\u0131 H\u0259rbi M\u0259kt\u0259bd\u0259\u00a0 oxudu\u011fu ill\u0259r \u0259rzind\u0259\u00a0 \u015fagirdl\u0259r v\u0259 m\u00fcdaviml\u0259r (kursantlar) aras\u0131nda \u0259n qabaqc\u0131l olmu\u015f, Daxili Qo\u015funlarda xidm\u0259t etdiyi ill\u0259r \u0259rzind\u0259 is\u0259 \u0259n qabaqc\u0131l zabitl\u0259rind\u0259n biri olmu\u015fdur. O, Xidm\u0259ti v\u0259zif\u0259l\u0259rini, Kamandirl\u0259rin verdiyi tap\u015f\u0131r\u0131qlar\u0131\u00a0 canla-ba\u015fla m\u0259suliyy\u0259t v\u0259 \u015f\u0259r\u0259f hissi il\u0259 yerin\u0259 yetirmi\u015f, daim komandirl\u0259rin\u00a0 is\u0259 d\u0259rin h\u00f6rm\u0259tini\u00a0 qazanm\u0131\u015fd\u0131r.<\/p>\n\n\n\n<p>\u00a0\u00a0\u00a0\u00a0 O, Daxili Qo\u015funlarda xidm\u0259t etdiyi ill\u0259r \u0259rzind\u0259 \u00f6zun\u00fc u\u015faq vaxtlar\u0131ndan, g\u00f6z\u0259l ail\u0259 v\u0259 m\u0259kt\u0259b t\u0259rbiy\u0259si il\u0259 b\u00f6y\u00fcm\u00fc\u015f, \u0259xlaq\u0131 t\u0259rbiy\u0259si yerind\u0259 olan, nizam v\u0259 intizaml\u0131 h\u0259rbi\u00e7i k\u0131m\u0131 g\u00f6st\u0259rmi\u015fdir.O i\u015fl\u0259diyi v\u0259 oxudu\u011fu\u00a0\u00a0 t\u0259hsil m\u00fc\u0259ssis\u0259l\u0259rind\u0259, ya\u015fad\u0131\u011f\u0131 \u0259razid\u0259\u00a0 kollektiv aras\u0131nda h\u0259mi\u015f\u0259 m\u00fcsb\u0259t m\u0259nada se\u00e7il\u0259r\u0259k, ba\u015fqalar\u0131 \u00fc\u00e7\u00fcn\u00a0 n\u00fcmun\u0259 olmu\u015fdur.<\/p>\n\n\n\n<p>&nbsp;&nbsp;&nbsp;&nbsp;&nbsp; Silahl\u0131 Q\u00fcvv\u0259l\u0259r v\u0259 M\u00fcharib\u0259 Veteran\u0131&nbsp; ehtiyatda olan polkovnik- leytenant&nbsp; K\u0259rimov Oktay N\u0259bi o\u011flu&nbsp; Daxili Qo\u015funlarda xidm\u0259t etdiyi ill\u0259r \u0259rzind\u0259 \u00f6z\u00fcn\u00fc qorxmaz, s\u0259xav\u0259tli, insanp\u0259rv\u0259r, \u0259lia\u00e7\u0131q, savadl\u0131, nizam v\u0259 intizaml\u0131, z\u0259hm\u0259tke\u015f zabit kimi g\u00f6st\u0259rmi\u015fdir. O,&nbsp; anadan oldu\u011fu v\u0259 ya\u015fad\u0131\u011f\u0131 \u0259razid\u0259,t\u0259hsil ald\u0131\u011f\u0131 orta v\u0259 ali t\u0259hsil m\u00fc\u0259s\u0259l\u0259rind\u0259, ist\u0259rs\u0259d\u0259&nbsp; i\u015fl\u0259diyi v\u0259 xidm\u0259t etdiyi kollektiv, dost-tan\u0131\u015f, qohum- \u0259qraba aras\u0131nda \u00f6z\u00fcn\u0259 layiq h\u00f6rm\u0259t qazanm\u0131\u015fd\u0131r.<\/p>\n\n\n\n<figure class=\"wp-block-image size-large\"><img loading=\"lazy\" decoding=\"async\" width=\"1024\" height=\"724\" src=\"https:\/\/fedai.az\/wp-content\/uploads\/2021\/12\/20211226_211826-1024x724.jpg\" alt=\"\" class=\"wp-image-57652\" srcset=\"https:\/\/fedai.az\/wp-content\/uploads\/2021\/12\/20211226_211826-1024x724.jpg 1024w, https:\/\/fedai.az\/wp-content\/uploads\/2021\/12\/20211226_211826-300x212.jpg 300w, https:\/\/fedai.az\/wp-content\/uploads\/2021\/12\/20211226_211826-150x106.jpg 150w, https:\/\/fedai.az\/wp-content\/uploads\/2021\/12\/20211226_211826-768x543.jpg 768w, https:\/\/fedai.az\/wp-content\/uploads\/2021\/12\/20211226_211826-1536x1087.jpg 1536w, https:\/\/fedai.az\/wp-content\/uploads\/2021\/12\/20211226_211826-rotated.jpg 1600w\" sizes=\"auto, (max-width: 1024px) 100vw, 1024px\" \/><\/figure>\n\n\n\n<p>\u00a0\u00a0\u00a0\u00a0 M\u00fcst\u0259qil Az\u0259rbaycan\u0131n Daxili \u0130\u015fl\u0259r Nazirliyinin\u00a0 Daxili Qo\u015funlar\u0131nda xidm\u0259t etdiyi ill\u0259r \u0259rzind\u0259,Az\u0259rbaycan Respublikas\u0131n\u0131n Konstitusiyas\u0131na v\u0259 qanunlar\u0131na \u0259m\u0259l etm\u0259kd\u0259, h\u0259rbi and\u0131n,\u00a0 h\u0259rbi nizamnam\u0259l\u0259rin v\u0259 dig\u0259r h\u00fcquqi- normativ aktlar\u0131n\u00a0 t\u0259l\u0259bl\u0259rin\u0259, el\u0259c\u0259d\u0259 v\u0259zif\u0259 borclar\u0131n\u0131n icrasna m\u0259suliyy\u0259tl\u0259 yana\u015fm\u0131\u015f, qar\u015f\u0131ya qoyulmu\u015f\u00a0 xidm\u0259ti\u00a0 tap\u015f\u0131r\u0131qlar\u0131 m\u00fcv\u0259ff\u0259qiyy\u0259tl\u0259 yerin\u0259 yetirilm\u0259si \u00fc\u00e7\u00fcn \u00f6z \u0259m\u0259yini \u0259sirg\u0259m\u0259mi\u015f, \u015f\u0259xsi n\u00fcmun\u0259si il\u0259\u00a0 bir cox\u00a0 h\u0259rbi qulluq\u00e7ular\u0131 f\u0259dakar h\u0259rbi xidm\u0259t\u0259 ruhland\u0131rm\u0131\u015fd\u0131r.<\/p>\n\n\n\n<p>\u00a0\u00a0\u00a0\u00a0 O, Az\u0259rbaycan Respublikas\u0131nda ictimai qaydan\u0131n v\u0259 ictimai t\u0259hl\u00fck\u0259sizliyin qorunmasnda, \u015f\u0259h\u0259rd\u0259, ya\u015fay\u0131\u015f m\u0259nt\u0259q\u0259l\u0259rind\u0259 v\u0259 c\u0259za\u00e7\u0259km\u0259 m\u00fc\u0259ssis\u0259l\u0259rind\u0259 ba\u015f vermi\u015f k\u00fctl\u0259vi ixti\u015fa\u015flar\u0131n qar\u015f\u0131s\u0131n\u0131n al\u0131nmas\u0131nda, M\u00fct\u0259\u015f\u0259kkil cinay\u0259tkarl\u0131\u011fa qar\u015f\u0131 m\u00fcbariz\u0259d\u0259,qanunsuz silahl\u0131 d\u0259st\u0259l\u0259rin axtar\u0131\u015f\u0131nda v\u0259 z\u0259r\u0259rsizl\u0259\u015fdirilm\u0259sind\u0259, F\u00f6vqal\u0259d\u0259 v\u0259ziyy\u0259t zaman\u0131 h\u00fcquqi rejimin t\u0259min olunmas\u0131nda,\u00a0 d\u00f6vl\u0259tin \u0259razi b\u00fct\u00f6vl\u00fcy\u00fcn\u00fcn t\u0259min edilm\u0259sind\u0259 \u00fcz\u0259rin\u0259 d\u00fcs\u0259n v\u0259zif\u0259 v\u0259 tap\u015f\u0131r\u0131qlar\u0131 m\u0259suliyy\u0259t v\u0259 \u015f\u0259r\u0259f hissi il\u0259\u00a0\u00a0 yer\u0131n\u0259 yetirmi\u015fdir.<\/p>\n\n\n\n<p>&nbsp;&nbsp;&nbsp;&nbsp;&nbsp; O, daimi, h\u0259mi\u015f\u0259 l\u0259yaq\u0259tinin \u015f\u0259r\u0259finin, i\u015fg\u00fczar f\u0259al\u0131yy\u0259t\u0131n\u0131n&nbsp; toxunmazl\u0131\u011fn\u0131 g\u00f6zl\u0259mi\u015f,n\u00fcfuzunu&nbsp; qorumu\u015f v\u00fcqar\u0131n\u0131 daima y\u00fcks\u0259k saxlayaraq ,aln\u0131 a\u00e7\u0131q v\u0259&nbsp;&nbsp; ba\u015f\u0131 uca g\u0259zmi\u015fdir.&nbsp; Xalqa, el\u0259 obaya d\u00f6vl\u0259t\u0259 xidm\u0259t ,\u00f6z\u00fcd\u0259&nbsp; etdikl\u0259rini&nbsp; sin\u0259si el-oba qatq\u0131l\u0131, v\u0259t\u0259n q\u00fcdr\u0259tli \u00f6z f\u0259aliyy\u0259tini g\u00f6st\u0259rmi\u015fdir.<\/p>\n\n\n\n<p>&nbsp;&nbsp;&nbsp;&nbsp;&nbsp; Oktay K\u0259rimov Daxili Qo\u015funlarda xidm\u0259t etdiyi ill\u0259r \u0259rzind\u0259&nbsp; h\u0259r zaman qar\u015f\u0131s\u0131na qoydu\u011fu m\u0259qs\u0259d v\u0259 amal u\u011frunda yorulmadan m\u00fcbariz\u0259 aparm\u0131\u015f v\u0259 daimi q\u0259l\u0259b\u0259 qazanm\u0131\u015fd\u0131r. Bu insan \u00fc\u00e7\u00fcn \u0259n meyar ba\u015fl\u0131ca q\u00fcrurunu saxlamaqdan ibar\u0259t olub.O, harda xidm\u0259t etm\u0259sin\u0259 baxmayaraq ,\u00f6z xidm\u0259ti&nbsp; v\u0259zif\u0259sini layiqinc\u0259 yerin\u0259 yetirmi\u015f ,qanunun&nbsp; t\u0259l\u0259bl\u0259rinin \u0259dal\u0259tl\u0259 t\u0259tbiq edilm\u0259sind\u0259 h\u0259mi\u015f\u0259 pirinspial m\u00f6vqe tutmu\u015fdur.<\/p>\n\n\n\n<figure class=\"wp-block-image size-large\"><img loading=\"lazy\" decoding=\"async\" width=\"1024\" height=\"723\" src=\"https:\/\/fedai.az\/wp-content\/uploads\/2021\/12\/20211226_211714-1024x723.jpg\" alt=\"\" class=\"wp-image-57653\" srcset=\"https:\/\/fedai.az\/wp-content\/uploads\/2021\/12\/20211226_211714-1024x723.jpg 1024w, https:\/\/fedai.az\/wp-content\/uploads\/2021\/12\/20211226_211714-300x212.jpg 300w, https:\/\/fedai.az\/wp-content\/uploads\/2021\/12\/20211226_211714-150x106.jpg 150w, https:\/\/fedai.az\/wp-content\/uploads\/2021\/12\/20211226_211714-768x542.jpg 768w, https:\/\/fedai.az\/wp-content\/uploads\/2021\/12\/20211226_211714-rotated.jpg 1418w\" sizes=\"auto, (max-width: 1024px) 100vw, 1024px\" \/><\/figure>\n\n\n\n<p>&nbsp;&nbsp;&nbsp;&nbsp;&nbsp; Dax\u0131l\u0131 Qo\u015funlar\u0131n Ba\u015f idar\u0259si t\u0259r\u0259find\u0259n h\u0259rbi hissl\u0259rd\u0259 v\u0259 Ali h\u0259rbi m\u0259kt\u0259bd\u0259 ke\u00e7iril\u0259n inispeksiya, t\u0259fti\u015f, yekun,t\u0259lim&nbsp; v\u0259 q\u0259fl\u0259ti yoxlamalar zaman\u0131&nbsp;&nbsp;&nbsp;&nbsp;&nbsp;&nbsp; Polkovnik- leytenant&nbsp; K\u0259rimov Oktay N\u0259bi o\u011flu, ilin yekunlar\u0131na g\u00f6r\u0259&nbsp; h\u0259mi\u015f\u0259 komandir haz\u0131rl\u0131\u011f\u0131ndan &#187; \u0259la &#171;qiym\u0259tl\u0259r alm\u0131\u015f, r\u0259hb\u0259rlik etdiyi malliy\u0259 xidm\u0259ti is\u0259 Daxili Qo\u015funlar\u0131n Ba\u015f idar\u0259sinin&nbsp; h\u0259rbi hiss\u0259l\u0259ri aras\u0131nda \u0259n y\u00fcks\u0259k n\u0259tic\u0259l\u0259r g\u00f6st\u0259rmi\u015fdir.<\/p>\n\n\n\n<p>H\u0259rbi xidm\u0259ti v\u0259zif\u0259l\u0259rinin icras\u0131 zaman\u0131 y\u00fcks\u0259k\u00a0 m\u0259n\u0259vi-d\u00f6y\u00fc\u015f\u00a0 keyfiyy\u0259tl\u0259ri g\u00f6st\u0259rdiyin\u0259\u00a0 g\u00f6r\u0259 ,d\u00f6y\u00fc\u015f v\u0259 ictimai siyas\u0131 haz\u0131rl\u0131\u011f\u0131nda h\u0259rbi intizam\u0131n m\u00f6hk\u0259ml\u0259ndirilm\u0259sind\u0259 y\u00fcks\u0259k g\u00f6st\u0259ricil\u0259r\u0259 nail oldu\u011funa v\u0259 n\u00fcmun\u0259vi xidm\u0259tin\u0259 g\u00f6r\u0259 Daxili \u0130\u015fl\u0259r Nazirinin, Daxili Qo\u015funlar Komandan\u0131n v\u0259 onun m\u00fcavinl\u0259rinin, Ali h\u0259rbi m\u0259kt\u0259b r\u0259isinin v\u0259 h\u0259rbi hiss\u0259 komandirinin m\u00fcvafiq \u0259mrl\u0259ri il\u0259 &#171;\u018fla xidm\u0259tl\u0259r\u0259 g\u00f6r\u0259&#187; d\u00f6\u015f, yubiley,\u00a0 m\u00fcvafiq idman d\u0259r\u0259c\u0259si ni\u015fanlar\u0131 il\u0259 t\u0259ltif olunub,\u00a0 pul m\u00fckafatlar\u0131 il\u0259, f\u0259xri f\u0259rmanlarla, qiym\u0259tli h\u0259diyy\u0259l\u0259rl\u0259 m\u00fckafatland\u0131rl\u0131b , tutdu\u011fu v\u0259zif\u0259d\u0259n bir pill\u0259 yuxar\u0131 &#171;polkovnik- leytenant&#187; h\u0259rbi r\u00fctb\u0259si verilib\u00a0 v\u0259 ona\u00a0 t\u0259\u015f\u0259kk\u00fcr elan\u00a0 edilib.<\/p>\n\n\n\n<figure class=\"wp-block-image size-large\"><img loading=\"lazy\" decoding=\"async\" width=\"890\" height=\"1024\" src=\"https:\/\/fedai.az\/wp-content\/uploads\/2021\/12\/20211226_211859-890x1024.jpg\" alt=\"\" class=\"wp-image-57654\" srcset=\"https:\/\/fedai.az\/wp-content\/uploads\/2021\/12\/20211226_211859-890x1024.jpg 890w, https:\/\/fedai.az\/wp-content\/uploads\/2021\/12\/20211226_211859-261x300.jpg 261w, https:\/\/fedai.az\/wp-content\/uploads\/2021\/12\/20211226_211859-130x150.jpg 130w, https:\/\/fedai.az\/wp-content\/uploads\/2021\/12\/20211226_211859-768x884.jpg 768w, https:\/\/fedai.az\/wp-content\/uploads\/2021\/12\/20211226_211859.jpg 1172w\" sizes=\"auto, (max-width: 890px) 100vw, 890px\" \/><\/figure>\n\n\n\n<p>\u00a0\u00a0\u00a0 \u00a0\u00a0D\u00f6y\u00fc\u015f haz\u0131rl\u0131\u011f\u0131ndak\u0131\u00a0 \u0259la g\u00f6st\u0259ricil\u0259r\u0259 g\u00f6r\u0259, t\u0259liml\u0259rd\u0259, x\u00fcsusi \u0259m\u0259liyyatlarda,d\u00f6y\u00fc\u015f xidm\u0259tind\u0259 ,d\u00f6y\u00fc\u015f n\u00f6vb\u0259sind\u0259, Az\u0259rbaycan Respublikas\u0131n\u0131n \u0259razi b\u00fct\u00f6vl\u00fcy\u00fc u\u011frunda (A\u011fd\u0259r\u0259 v\u0259 A\u011fdam rayonunlar\u0131 istiqam\u0259tind\u0259) ged\u0259n\u00a0 d\u00f6y\u00fc\u015fl\u0259rd\u0259\u00a0 x\u00fcsusi f\u0259riql\u0259ndiyin\u0259 g\u00f6r\u0259 SSR\u0130 Ali Soveti v\u0259 Az\u0259rbaycan Respublikas\u0131n\u0131n Prezidenti ad\u0131ndan, &#171;Silahl\u0131 Q\u00fcvv\u0259l\u0259r Veteran\u0131&#187;, &#187; Q\u00fcsursuz xidm\u0259tl\u0259r\u0259 g\u00f6r\u0259&#187; 1-ci ,2-ci\u00a0 v\u0259 3-c\u00fc d\u0259r\u0259c\u0259li, &#171;Silahll Quvv\u0259l\u0259rin yaranmasinin 70-illiyi, 10-illiyi, 90- illiyi\u00a0 v\u0259 95-illyi yubiley medalar\u0131 il\u0259 t\u0259ltif olunub.<\/p>\n\n\n\n<p>&nbsp;&nbsp;&nbsp;&nbsp; Az\u0259rbaycan Respublikas\u0131n\u0131n Prezidentinin&nbsp; 11 mart 2020-ci il tarixli s\u0259r\u0259ncam\u0131na \u0259sas\u0259n Xidm\u0259ti v\u0259zif\u0259l\u0259rini v\u0259 h\u0259rbi hiss\u0259 qar\u015f\u0131s\u0131nda qoyulmu\u015f tap\u015f\u0131r\u0131qlar\u0131 yerin\u0259 yetir\u0259rk\u0259n f\u0259riql\u0259ndiyin\u0259 g\u00f6r\u0259 &#171;H\u018fRB\u0130 X\u0130DM\u018fTL\u018fR\u018f G\u00d6R\u018f&#187; medal\u0131 il\u0259 t\u0259ltif edilib.<\/p>\n\n\n\n<p>\u00a0 <strong>G\u00dcN\u018f\u015e Q\u018fD\u018fR \u0130ST\u0130&#8230;QAR D\u018fN\u018fS\u0130 Q\u018fD\u018fR SAF V\u018f T\u018fM\u0130Z B\u0130R D\u0130L\u018fK \u0130L\u018f&#8230; AD G\u00dcN\u00dcN M\u00dcBAR\u018fK OLSUN&#8230;<\/strong><\/p>\n\n\n\n<p><strong>D\u0259rin h\u00f6rm\u0259tl\u0259, Az\u0259rbaycan V\u0259t\u0259n M\u00fcharib\u0259si Veteranlar\u0131 \u0130ctimai Birliyinin s\u0259dr m\u00fcavini polkovnik Salman Musayev<\/strong><\/p>\n\n\n\n<figure class=\"wp-block-gallery columns-2 is-cropped wp-block-gallery-2 is-layout-flex wp-block-gallery-is-layout-flex\"><ul class=\"blocks-gallery-grid\"><li class=\"blocks-gallery-item\"><figure><img loading=\"lazy\" decoding=\"async\" width=\"1024\" height=\"1024\" src=\"https:\/\/fedai.az\/wp-content\/uploads\/2021\/12\/g5-1024x1024.jpg\" alt=\"\" data-id=\"57655\" data-full-url=\"https:\/\/fedai.az\/wp-content\/uploads\/2021\/12\/g5.jpg\" data-link=\"https:\/\/fedai.az\/?attachment_id=57655\" class=\"wp-image-57655\" srcset=\"https:\/\/fedai.az\/wp-content\/uploads\/2021\/12\/g5-1024x1024.jpg 1024w, https:\/\/fedai.az\/wp-content\/uploads\/2021\/12\/g5-300x300.jpg 300w, https:\/\/fedai.az\/wp-content\/uploads\/2021\/12\/g5-150x150.jpg 150w, https:\/\/fedai.az\/wp-content\/uploads\/2021\/12\/g5-768x768.jpg 768w, https:\/\/fedai.az\/wp-content\/uploads\/2021\/12\/g5-215x215.jpg 215w, https:\/\/fedai.az\/wp-content\/uploads\/2021\/12\/g5.jpg 1080w\" sizes=\"auto, (max-width: 1024px) 100vw, 1024px\" \/><\/figure><\/li><li class=\"blocks-gallery-item\"><figure><img loading=\"lazy\" decoding=\"async\" width=\"600\" height=\"600\" src=\"https:\/\/fedai.az\/wp-content\/uploads\/2021\/12\/8265a327389da9fe4fdc2714b309120e-1-1.jpg\" alt=\"\" data-id=\"57506\" data-full-url=\"https:\/\/fedai.az\/wp-content\/uploads\/2021\/12\/8265a327389da9fe4fdc2714b309120e-1-1.jpg\" data-link=\"https:\/\/fedai.az\/?attachment_id=57506\" class=\"wp-image-57506\" srcset=\"https:\/\/fedai.az\/wp-content\/uploads\/2021\/12\/8265a327389da9fe4fdc2714b309120e-1-1.jpg 600w, https:\/\/fedai.az\/wp-content\/uploads\/2021\/12\/8265a327389da9fe4fdc2714b309120e-1-1-300x300.jpg 300w, https:\/\/fedai.az\/wp-content\/uploads\/2021\/12\/8265a327389da9fe4fdc2714b309120e-1-1-150x150.jpg 150w, https:\/\/fedai.az\/wp-content\/uploads\/2021\/12\/8265a327389da9fe4fdc2714b309120e-1-1-215x215.jpg 215w\" sizes=\"auto, (max-width: 600px) 100vw, 600px\" \/><\/figure><\/li><\/ul><\/figure>\n","protected":false},"excerpt":{"rendered":"<p>\u00a0\u00a0\u00a0\u00a0 Silahl\u0131 Q\u00fcvv\u0259l\u0259r v\u0259 m\u00fcharib\u0259\u00a0 veteran\u0131 polkovnik- leytenant\u00a0 K\u0259rimov Oktay N\u0259bi o\u011flu\u00a0 y\u00fcks\u0259k pe\u015f\u0259karl\u0131\u011f\u0131 v\u0259 humanistliyi il\u0259,\u00a0 v\u0259t\u0259np\u0259rv\u0259rliyi \u0131l\u0259, n\u0259z\u0259ri\u00a0 v\u0259 praktiki biliyi \u0131l\u0259<\/p>\n","protected":false},"author":2,"featured_media":57656,"comment_status":"closed","ping_status":"closed","sticky":false,"template":"","format":"standard","meta":{"footnotes":""},"categories":[5],"tags":[],"class_list":["post-57648","post","type-post","status-publish","format-standard","has-post-thumbnail","hentry","category-veteran"],"aioseo_notices":[],"_links":{"self":[{"href":"https:\/\/fedai.az\/index.php?rest_route=\/wp\/v2\/posts\/57648","targetHints":{"allow":["GET"]}}],"collection":[{"href":"https:\/\/fedai.az\/index.php?rest_route=\/wp\/v2\/posts"}],"about":[{"href":"https:\/\/fedai.az\/index.php?rest_route=\/wp\/v2\/types\/post"}],"author":[{"embeddable":true,"href":"https:\/\/fedai.az\/index.php?rest_route=\/wp\/v2\/users\/2"}],"replies":[{"embeddable":true,"href":"https:\/\/fedai.az\/index.php?rest_route=%2Fwp%2Fv2%2Fcomments&post=57648"}],"version-history":[{"count":1,"href":"https:\/\/fedai.az\/index.php?rest_route=\/wp\/v2\/posts\/57648\/revisions"}],"predecessor-version":[{"id":57657,"href":"https:\/\/fedai.az\/index.php?rest_route=\/wp\/v2\/posts\/57648\/revisions\/57657"}],"wp:featuredmedia":[{"embeddable":true,"href":"https:\/\/fedai.az\/index.php?rest_route=\/wp\/v2\/media\/57656"}],"wp:attachment":[{"href":"https:\/\/fedai.az\/index.php?rest_route=%2Fwp%2Fv2%2Fmedia&parent=57648"}],"wp:term":[{"taxonomy":"category","embeddable":true,"href":"https:\/\/fedai.az\/index.php?rest_route=%2Fwp%2Fv2%2Fcategories&post=57648"},{"taxonomy":"post_tag","embeddable":true,"href":"https:\/\/fedai.az\/index.php?rest_route=%2Fwp%2Fv2%2Ftags&post=57648"}],"curies":[{"name":"wp","href":"https:\/\/api.w.org\/{rel}","templated":true}]}}