{"id":57688,"date":"2021-12-28T01:39:42","date_gmt":"2021-12-27T21:39:42","guid":{"rendered":"https:\/\/fedai.az\/?p=57688"},"modified":"2021-12-28T01:39:45","modified_gmt":"2021-12-27T21:39:45","slug":"araik-arutyunyan-az%c9%99rbaycana-savas-elan-etdi","status":"publish","type":"post","link":"https:\/\/fedai.az\/?p=57688","title":{"rendered":"Araik Arutyunyan Az\u0259rbaycana sava\u015f elan etdi"},"content":{"rendered":"\n<p><strong>Erm\u0259nistan siyasi elitas\u0131nda yenid\u0259n ara qar\u0131\u015f\u0131b, m\u0259zh\u0259b itib. Qar\u015f\u0131 c\u0259bh\u0259 iki q\u00fctb\u0259 b\u00f6l\u00fcn\u00fcb: Qaraba\u011f\u0131n Az\u0259rbaycan\u0131n oldu\u011fu il\u0259 raz\u0131la\u015fanlar v\u0259 raz\u0131la\u015fmayanlar. H\u0259r \u015fey is\u0259 Erm\u0259nistan\u0131n ba\u015f naziri Nikol Pa\u015finyan\u0131n m\u0259tbuat konfrans\u0131ndak\u0131 a\u00e7\u0131qlamalar\u0131ndan sonra ba\u015flad\u0131.<\/strong><\/p>\n\n\n\n<p>Pa\u015finyan burada xat\u0131rlad\u0131b ki, 1993-c\u00fc ild\u0259 BMT T\u0259hl\u00fck\u0259sizlik \u015euras\u0131 Qaraba\u011f\u0131 Az\u0259rbaycan\u0131n ayr\u0131lmaz hiss\u0259si kimi tan\u0131y\u0131b. O qeyd edib ki, Qaraba\u011fda ya\u015fayan az\u0259rbaycanl\u0131lar\u0131n h\u00fcquqlar\u0131 il\u0259 ba\u011fl\u0131 m\u0259s\u0259l\u0259 m\u00fcbahis\u0259li olmay\u0131b v\u0259 olmayacaq: &#171;M\u0259n bu bar\u0259d\u0259 d\u0259f\u0259l\u0259rl\u0259 ictimaiyy\u0259t qar\u015f\u0131s\u0131nda \u00e7\u0131x\u0131\u015f etmi\u015f\u0259m. \u018fn az\u0131 bu hiss\u0259d\u0259 \u0259vv\u0259ll\u0259r dan\u0131\u015f\u0131qlarda i\u015ftirak etmi\u015f dair\u0259l\u0259rin n\u00fcmay\u0259nd\u0259l\u0259ri t\u0259sdiql\u0259dil\u0259r ki, Da\u011fl\u0131q Qaraba\u011f Muxtar Vilay\u0259ti dan\u0131\u015f\u0131qlar prosesind\u0259 he\u00e7 vaxt s\u0131rf erm\u0259ni birliyi kimi n\u0259z\u0259r\u0259 al\u0131nmay\u0131b&#187;.<\/p>\n\n\n\n<p>&#171;Da\u011fl\u0131q Qaraba\u011f Muxtar Vilay\u0259ti he\u00e7 vaxt s\u0131rf erm\u0259ni birliyi hesab edilm\u0259yib. Bu, \u0259n az\u0131 \u0259hali bax\u0131m\u0131ndan erm\u0259ni-Az\u0259rbaycan birliyi kimi q\u0259bul edilib, m\u00fc\u015fahid\u0259 edilib, qeyd\u0259 al\u0131n\u0131b&#187;, &#8212; Pa\u015finyan xat\u0131rlad\u0131b. Erm\u0259nistan\u0131n ba\u015f naziri h\u0259m\u00e7inin b\u0259yan edib ki, o, \u0259vv\u0259lki hakimiyy\u0259tin &#171;Qaraba\u011f he\u00e7 vaxt Az\u0259rbaycan\u0131n bir hiss\u0259si olmayacaq v\u0259 yaln\u0131z erm\u0259ni olmal\u0131d\u0131r&#187; ifad\u0259si il\u0259 he\u00e7 vaxt raz\u0131la\u015fmay\u0131b. &#171;M\u0259n bu ifad\u0259 il\u0259 raz\u0131 deyil\u0259m, \u00e7\u00fcnki Qaraba\u011f tamamil\u0259 erm\u0259ni ola bilm\u0259zdi. \u018fhalinin demoqrafik t\u0259rkibini n\u0259z\u0259r\u0259 alsaq, he\u00e7 bir halda. Dan\u0131\u015f\u0131qlar\u0131n m\u0259zmunundan ayd\u0131n g\u00f6r\u00fcn\u00fcrd\u00fc ki, Da\u011fl\u0131q Qaraba\u011f Muxtar Vilay\u0259tind\u0259 erm\u0259ni v\u0259 az\u0259rbaycanl\u0131 \u0259hali ya\u015fay\u0131r. Ayd\u0131nd\u0131r ki, Qaraba\u011fdak\u0131 hakimiyy\u0259t d\u0259 tam erm\u0259ni ola bilm\u0259z&#187;, &#8212; dey\u0259 o, m\u0259xfi m\u0259lumatlar\u0131 a\u00e7\u0131qlamal\u0131 oldu\u011funa i\u015far\u0259 edib.<\/p>\n\n\n\n<p><strong>Pa\u015finyan\u0131n bu sensasion a\u00e7\u0131qlamas\u0131 bir \u00e7ox m\u0259qamlardan x\u0259b\u0259r verir:<\/strong><\/p>\n\n\n\n<p>\u0130lk n\u00f6vb\u0259d\u0259 Pa\u015finyan\u0131n dedikl\u0259rin\u0259 istinad ets\u0259k dem\u0259k olar ki, b\u00f6y\u00fck s\u00fclh sazi\u015fi imzalanmaq \u0259r\u0259f\u0259sind\u0259dir. Erm\u0259nistan ba\u015f naziri bu a\u00e7\u0131qlamalar\u0131 il\u0259 c\u0259miyy\u0259tin\u0259 v\u0259 m\u00fcxalif\u0259t n\u00fcmay\u0259nd\u0259l\u0259rin\u0259 a\u00e7\u0131q elan edib ki, Qaraba\u011f m\u0259s\u0259l\u0259sind\u0259n &#8212; Az\u0259rbaycana qar\u015f\u0131 \u0259razi iddialar\u0131ndan, Az\u0259rbaycan torpaqlar\u0131 hesab\u0131na ikinci erm\u0259ni d\u00f6vl\u0259ti yarad\u0131lmas\u0131 ideyas\u0131ndan r\u0259smi \u0130r\u0259van\u00a0\u0259l \u00e7\u0259kir.<\/p>\n\n\n\n<p>Qondarma Artsax&nbsp;&#171;lideri&#187; Araik Arutyunyan\u0131n Pa\u015finyana bu a\u00e7\u0131qlamalar\u0131na g\u00f6r\u0259 ultimatum verm\u0259si \u0259n diqq\u0259t\u00e7\u0259k\u0259n m\u0259qamlardan olub. Erm\u0259nistan ba\u015f nazirinin dekabr\u0131n 24-d\u0259 onlayn m\u00fcsahib\u0259si \u0130r\u0259vanla Qaraba\u011f separat\u00e7\u0131lar\u0131 aras\u0131nda m\u00fcnasib\u0259tl\u0259rin k\u0259skin \u015f\u0259kild\u0259 pisl\u0259\u015fm\u0259sin\u0259 s\u0259b\u0259b olub. Separat\u00e7\u0131lar Pa\u015finyan\u0131n a\u00e7\u0131qlamalar\u0131n\u0131 &#171;milli maraqlara x\u0259yan\u0259t&#187; kimi qiym\u0259tl\u0259ndirib v\u0259 ba\u015f nazirin m\u00f6vqeyi il\u0259 raz\u0131la\u015fmad\u0131qlar\u0131n\u0131 a\u00e7\u0131q \u015f\u0259kild\u0259 bildiribl\u0259r.<\/p>\n\n\n\n<p>Araikin s\u0259sl\u0259ndirdiyi &#171;Arsax&#187;dan ba\u015fqa he\u00e7 bir h\u00f6k\u00fcm\u0259t bizim taleyimizd\u0259n dan\u0131\u015fa bilm\u0259z. Az\u0259rbaycanl\u0131larla birg\u0259ya\u015fay\u0131\u015fdan s\u00f6hb\u0259t ged\u0259 bilm\u0259z. \u00c7\u00fcnki onlar biz\u0259 qar\u015f\u0131 nifr\u0259tlidirl\u0259r. Bu s\u0259b\u0259bd\u0259n \u00f6z m\u00fcq\u0259dd\u0259rat\u0131n\u0131 t\u0259yinetm\u0259 m\u0259s\u0259l\u0259si yaln\u0131z burada ya\u015fayan erm\u0259nil\u0259r\u0259 aiddir&#187; fikirl\u0259rd\u0259n d\u0259 bel\u0259 ayd\u0131n olur ki, separat\u00e7\u0131 q\u00fcvv\u0259l\u0259r Az\u0259rbaycanla s\u00fclh\u0259&nbsp;a\u00e7\u0131q \u015f\u0259kild\u0259 mane olmaqdan \u00e7\u0259kinm\u0259y\u0259c\u0259kl\u0259r. Qondarma rejimin bu g\u00fcn qondarma parlamentinin&nbsp;n\u0259z\u0259rd\u0259 tutulan&nbsp;n\u00f6vb\u0259d\u0259nk\u0259nar iclas\u0131 da iki \u00f6lk\u0259 aras\u0131nda g\u0259rginliyi yenid\u0259n alovland\u0131rmaq, pik h\u0259dd\u0259 \u00e7atd\u0131rmaq m\u0259qs\u0259dil\u0259&nbsp;yeni planlar\u0131n, yeni t\u0259xribatlar\u0131n haz\u0131rlanmas\u0131 \u00fc\u00e7\u00fcn bir m\u0259\u015fv\u0259r\u0259t toplant\u0131s\u0131 olacaq. Araikin Pa\u015finyana etiraz \u00e7\u0131x\u0131\u015f\u0131 zaman\u0131 &#171;Rusiya s\u00fclhm\u0259raml\u0131lar\u0131 &#171;Arsax ordusu&#187; tam qurulana q\u0259d\u0259r Qaraba\u011fda qalmal\u0131d\u0131r. Bu, t\u0259hl\u00fck\u0259sizlik \u00fc\u00e7\u00fcn \u00f6n\u0259mlidir. Biz bu m\u0259qamda s\u0259hv ed\u0259 bilm\u0259rik, yoxsa bu, &#171;Arsax&#187;\u0131n sonu il\u0259 n\u0259tic\u0259l\u0259n\u0259 bil\u0259r&#187; s\u00f6zl\u0259ri d\u0259 r\u0259smi Bak\u0131 t\u0259r\u0259find\u0259n olduqca ciddiy\u0259 al\u0131nacaq bir m\u0259qamd\u0131r. \u00c7\u00fcnki qondarma rejim r\u0259hb\u0259ri&nbsp;s\u00fclhm\u0259raml\u0131 kontingenti m\u0259hz \u00f6zl\u0259rinin xilaskar\u0131, cang\u00fcd\u0259ni obraz\u0131nda t\u0259qdim edib ki, bu da \u00fc\u00e7t\u0259r\u0259fli b\u0259yanatlara tamamil\u0259 zidd bir davran\u0131\u015fd\u0131r.<\/p>\n\n\n\n<p>Araikin \u00e7\u0131x\u0131\u015f\u0131ndan bel\u0259 t\u0259s\u0259vv\u00fcr yaran\u0131r ki, Rusiya s\u00fclhm\u0259raml\u0131lar\u0131 m\u0259hz qondarma rejimin m\u00f6vcudlu\u011funu qoruyub saxlamaq \u00fc\u00e7\u00fcn Qaraba\u011fa yerl\u0259\u015fdirib ki, bu q\u00fcvv\u0259l\u0259r b\u00f6lg\u0259d\u0259 g\u0259rginliyin azalmas\u0131na, s\u00fclh, sabitlik yaranmas\u0131na imkan verm\u0259sinl\u0259r, bel\u0259 olaca\u011f\u0131 t\u0259qdird\u0259 is\u0259 Rusiyan\u0131n bu v\u0259 dig\u0259r halda Qaraba\u011fda m\u00f6vcudlu\u011funa imkan yaradan, r\u0259smi Moskvan\u0131 qane ed\u0259n bir prosesdir. H\u0259r halda Araik Arutyunyan\u0131n s\u00f6z\u00fcged\u0259n a\u00e7\u0131qlamas\u0131n\u0131n yaln\u0131z x\u00fclyas\u0131n\u0131n m\u0259hsulu oldu\u011funu, rus s\u00fclhm\u0259raml\u0131lar\u0131n\u0131n i\u015finin he\u00e7 d\u0259 separat\u00e7\u0131, i\u015f\u011fal\u00e7\u0131 q\u00fcvv\u0259l\u0259ri qorumaq olmad\u0131\u011f\u0131n\u0131 n\u00fcmayi\u015f etdirm\u0259k m\u0259qs\u0259dil\u0259\u00a0Rusiya h\u00f6k\u00fcm\u0259ti t\u0259r\u0259find\u0259n bir cavab\u0131n g\u0259l\u0259c\u0259yini g\u00f6zl\u0259m\u0259y\u0259 d\u0259 \u00fcmid b\u0259sl\u0259m\u0259k yanl\u0131\u015fl\u0131q olar. \u00c7\u00fcnki 44 g\u00fcnl\u00fck m\u00fcharib\u0259d\u0259n bu yana &#8212; Bir ild\u0259n art\u0131q bu vaxt \u0259rzind\u0259 s\u00fclhm\u0259raml\u0131 kontingentin m\u00fcv\u0259qq\u0259ti m\u0259suliyy\u0259t zonalar\u0131 olan Qaraba\u011f \u0259razisind\u0259 apard\u0131qlar\u0131\u00a0i\u015fl\u0259r\u0259 n\u0259z\u0259r\u00a0yetirs\u0259k g\u00f6r\u0259rik ki, Araik bunu havadan, bo\u011fazdan yuxar\u0131 yox, m\u0259hz kontingentin bu m\u00fcdd\u0259t \u0259rzind\u0259 onlara\u00a0qar\u015f\u0131 olduqca humanist m\u00f6vqeyind\u0259n ilhamlanaraq bunlar\u0131 deyib.<\/p>\n\n\n\n<p>Separat\u00e7\u0131 rejim liderl\u0259rind\u0259n olan David Babayan da ba\u015f nazirin \u00e7\u0131x\u0131\u015f\u0131na etiraz olaraq d\u00fcn\u0259n m\u0259tbuata a\u00e7\u0131qlama ver\u0259r\u0259k &#171;Artsax\u0131n m\u00fcst\u0259qilliyind\u0259n&#187; dan\u0131\u015f\u0131b v\u0259 faktiki olaraq Pa\u015finyan\u0131n m\u00f6vqeyin\u0259 etiraz\u0131n\u0131 bildirib.<\/p>\n\n\n\n<p>T\u0259bii ki, b\u00fct\u00fcn bu prosesl\u0259r Az\u0259rbaycan\u0131n \u0259l-qolunu tamamil\u0259 a\u00e7\u0131r. Pa\u015finyan\u0131n Az\u0259rbaycanla ba\u011flamaq ist\u0259diyi s\u00fclh\u0259 mane olan Qaraba\u011f separat\u00e7\u0131lar\u0131na qar\u015f\u0131 Az\u0259rbaycan\u0131n antiterror \u0259m\u0259liyyatlar\u0131na ba\u015flamas\u0131 vaxt\u0131n\u0131\u00a0daha da tezl\u0259\u015fdirir. Bu zaman Rusiyan\u0131n da neytral qalaca\u011f\u0131 \u015f\u00fcbh\u0259sizdir. \u00c7\u00fcnki Rusiya Qaraba\u011f m\u0259s\u0259l\u0259sinin h\u0259llind\u0259, h\u0259m d\u0259 \u0259dal\u0259tli h\u0259llind\u0259 maraql\u0131d\u0131r. So\u00e7i g\u00f6r\u00fc\u015f\u00fc d\u0259 g\u00f6st\u0259rdi ki, Kreml r\u0259hb\u0259ri regionda kommunikasiya \u0259laq\u0259l\u0259rinin qurulmas\u0131, yarad\u0131lmas\u0131, s\u0259rh\u0259dl\u0259rin m\u00fc\u0259yy\u0259nl\u0259\u015fdirilm\u0259si prosesl\u0259rinin tez bir zamanda start g\u00f6t\u00fcrm\u0259sind\u0259 maraql\u0131d\u0131r. Erm\u0259nistan\u0131n g\u00f6zl\u0259ntil\u0259rinin alt-\u00fcst oldu\u011fu Br\u00fcssel g\u00f6r\u00fc\u015f\u00fc zaman\u0131 Q\u0259rbin m\u00f6vqeyi d\u0259\u00a0bir daha r\u0259smi \u0130r\u0259vana Az\u0259rbaycanla raz\u0131la\u015fmaqdan ba\u015fqa yolunun olmad\u0131\u011f\u0131 il\u0259 ba\u011fl\u0131 ciddi siqnal oldu. B\u00f6y\u00fck d\u00f6vl\u0259tl\u0259rin n\u0259h\u0259ng maraqlar\u0131na qar\u015f\u0131 \u00e7\u0131xan bir ovuc separat\u00e7\u0131 is\u0259 anlam\u0131r ki, postkonflik d\u00f6vr\u00fcnd\u0259 44 g\u00fcnl\u00fck m\u00fcharib\u0259 m\u00fcdd\u0259tind\u0259ki beyn\u0259lxalq siyasi v\u0259ziyy\u0259tind\u0259n d\u0259 \u0259lveri\u015fli v\u0259ziyy\u0259t yaratma\u011f\u0131, bu 1 il \u0259rzind\u0259 beyn\u0259lxalq \u0259laq\u0259l\u0259rini ist\u0259diyi kimi qurma\u011fa ba\u015flayan Az\u0259rbaycana qar\u015f\u0131 \u00e7ox m\u00fcqavim\u0259t g\u00f6st\u0259r\u0259 bilm\u0259y\u0259c\u0259k.<\/p>\n\n\n\n<p>Pa\u015finyan da art\u0131q \u00e7ox g\u00f6z\u0259l anlay\u0131r ki, Az\u0259rbaycanla m\u00fcharib\u0259 ritorikas\u0131ndan \u0259l \u00e7\u0259km\u0259s\u0259, onun devrilm\u0259si an m\u0259s\u0259l\u0259si olacaq.&nbsp;Qondarma separat\u00e7\u0131 rejim r\u0259hb\u0259rinin Az\u0259rbaycana m\u00fcharib\u0259 elan\u0131ndan ba\u015fqa bir \u015fey olmayan bu s\u0259rs\u0259m b\u0259yanatlar\u0131 is\u0259 \u0130r\u0259van\u0131 Bak\u0131 il\u0259 \u00fcz-\u00fcz\u0259 qoyub, daha a\u011f\u0131r m\u0259\u011flubiyy\u0259t almas\u0131na s\u0259b\u0259b ola bil\u0259r ki, bu da Erm\u0259nistanda daha a\u011f\u0131r b\u00f6hrana, xaosa, bel\u0259 bir d\u00f6vl\u0259tin C\u0259nubi Qafqazda m\u00f6vcudlu\u011funun sual alt\u0131na d\u00fc\u015fm\u0259si il\u0259 n\u0259tic\u0259l\u0259n\u0259 bil\u0259r. Pa\u015finyan bilir ki, buna mane olmaq \u00fc\u00e7\u00fcn Araik ya b\u0259ri ba\u015fdan t\u0259slim olmal\u0131d\u0131r, ya da m\u0259hv edilm\u0259lidir. \u00c7\u00fcnki&nbsp;o, \u00e7ox yax\u015f\u0131 anlay\u0131r ki, onu devrilm\u0259kd\u0259n yaln\u0131z bu iki yol xilas ed\u0259&nbsp;bil\u0259r.<\/p>\n\n\n\n<p>Araik Arutyunyan\u00a0b\u0259yanat\u0131nda eyni zamanda erm\u0259nil\u0259rl\u0259 az\u0259rbaycanl\u0131lar\u0131n birg\u0259 ya\u015famas\u0131 ehtimal\u0131n\u0131 r\u0259dd edib, Qaraba\u011f\u0131n &#171;i\u015f\u011fal olunmu\u015f \u0259razil\u0259rinin azad edilm\u0259si&#187; u\u011frunda d\u00f6y\u00fc\u015fm\u0259y\u0259 haz\u0131r oldu\u011funu qeyd edib ki, bu da qondarma rejimin qondarma r\u0259hb\u0259rinin \u0259slind\u0259 Pa\u015finyan\u0131n \u0130lham \u018fliyevl\u0259 dan\u0131\u015f\u0131qlarda \u0259ld\u0259 etdiyi raz\u0131la\u015fmalar\u0131 yerin\u0259 yetirm\u0259kd\u0259n imtinas\u0131 dem\u0259kdir. Bu da Az\u0259rbaycan\u0131n \u00e7ox q\u0131sa bir zamanda rus s\u00fclhm\u0259raml\u0131lar\u0131n\u0131n Qaraba\u011fdak\u0131 m\u00fcv\u0259qq\u0259ti s\u0259lahiyy\u0259t zonas\u0131 say\u0131lan \u0259razil\u0259rd\u0259ki qondarma rejim qal\u0131qlar\u0131n\u0131n at oynatmas\u0131 prosesin\u0259 son qoymaq \u00fc\u00e7\u00fcn \u0259m\u0259liyyatlara start verm\u0259si il\u0259 n\u0259tic\u0259l\u0259n\u0259 bil\u0259r. T\u0259bii ki, Araik v\u0259 onun kimi dig\u0259r qondarma rejim qal\u0131qlar\u0131n\u0131n Qaraba\u011fdan tamamil\u0259 t\u0259mizl\u0259nm\u0259si indiki m\u0259qamda Ankara v\u0259 Bak\u0131 il\u0259 raz\u0131l\u0131\u011fa g\u0259lm\u0259kd\u0259n, konstruktivlik n\u00fcmayi\u015f etdirm\u0259kd\u0259n ba\u015fqa yolunun qalmad\u0131\u011f\u0131n\u0131 yax\u015f\u0131 anlama\u011fa ba\u015flayan Pa\u015finyan\u0131n i\u015fin\u0259 yar\u0131yaracaq. <\/p>\n\n\n\n<p>M\u0259nb\u0259: Milli.az<\/p>\n","protected":false},"excerpt":{"rendered":"<p>Erm\u0259nistan siyasi elitas\u0131nda yenid\u0259n ara qar\u0131\u015f\u0131b, m\u0259zh\u0259b itib. Qar\u015f\u0131 c\u0259bh\u0259 iki q\u00fctb\u0259 b\u00f6l\u00fcn\u00fcb: Qaraba\u011f\u0131n Az\u0259rbaycan\u0131n oldu\u011fu il\u0259 raz\u0131la\u015fanlar v\u0259 raz\u0131la\u015fmayanlar. H\u0259r \u015fey is\u0259 Erm\u0259nistan\u0131n<\/p>\n","protected":false},"author":2,"featured_media":57689,"comment_status":"closed","ping_status":"closed","sticky":false,"template":"","format":"standard","meta":{"footnotes":""},"categories":[4],"tags":[],"class_list":["post-57688","post","type-post","status-publish","format-standard","has-post-thumbnail","hentry","category-qarabag"],"aioseo_notices":[],"_links":{"self":[{"href":"https:\/\/fedai.az\/index.php?rest_route=\/wp\/v2\/posts\/57688","targetHints":{"allow":["GET"]}}],"collection":[{"href":"https:\/\/fedai.az\/index.php?rest_route=\/wp\/v2\/posts"}],"about":[{"href":"https:\/\/fedai.az\/index.php?rest_route=\/wp\/v2\/types\/post"}],"author":[{"embeddable":true,"href":"https:\/\/fedai.az\/index.php?rest_route=\/wp\/v2\/users\/2"}],"replies":[{"embeddable":true,"href":"https:\/\/fedai.az\/index.php?rest_route=%2Fwp%2Fv2%2Fcomments&post=57688"}],"version-history":[{"count":1,"href":"https:\/\/fedai.az\/index.php?rest_route=\/wp\/v2\/posts\/57688\/revisions"}],"predecessor-version":[{"id":57690,"href":"https:\/\/fedai.az\/index.php?rest_route=\/wp\/v2\/posts\/57688\/revisions\/57690"}],"wp:featuredmedia":[{"embeddable":true,"href":"https:\/\/fedai.az\/index.php?rest_route=\/wp\/v2\/media\/57689"}],"wp:attachment":[{"href":"https:\/\/fedai.az\/index.php?rest_route=%2Fwp%2Fv2%2Fmedia&parent=57688"}],"wp:term":[{"taxonomy":"category","embeddable":true,"href":"https:\/\/fedai.az\/index.php?rest_route=%2Fwp%2Fv2%2Fcategories&post=57688"},{"taxonomy":"post_tag","embeddable":true,"href":"https:\/\/fedai.az\/index.php?rest_route=%2Fwp%2Fv2%2Ftags&post=57688"}],"curies":[{"name":"wp","href":"https:\/\/api.w.org\/{rel}","templated":true}]}}