{"id":57694,"date":"2021-12-28T02:03:34","date_gmt":"2021-12-27T22:03:34","guid":{"rendered":"https:\/\/fedai.az\/?p=57694"},"modified":"2021-12-28T02:03:36","modified_gmt":"2021-12-27T22:03:36","slug":"g%c9%99nc%c9%99nin-raket-at%c9%99sin%c9%99-tutulmasi-%c9%99mrini-separatcilarin-lideri-arayik-arutyunyan-verib-erm%c9%99ni-zabit","status":"publish","type":"post","link":"https:\/\/fedai.az\/?p=57694","title":{"rendered":"&#171;G\u0259nc\u0259nin raket at\u0259\u015fin\u0259 tutulmas\u0131 \u0259mrini separat\u00e7\u0131lar\u0131n lideri Arayik Arutyunyan verib&#187; &#8212; Erm\u0259ni zabit"},"content":{"rendered":"\n<p><strong>44 g\u00fcnl\u00fck m\u00fcharib\u0259 zaman\u0131 G\u0259nc\u0259nin raket at\u0259\u015fin\u0259 tutulmas\u0131 \u0259mrini separat\u00e7\u0131lar\u0131n lideri Arayik Arutyunyan verib.<\/strong><\/p>\n\n\n\n<p>Bu bar\u0259d\u0259 \u0130kinci Qaraba\u011f m\u00fcharib\u0259sind\u0259 i\u015ftirak etmi\u015f erm\u0259ni zabit dan\u0131\u015f\u0131b. O, G\u0259nc\u0259nin raket at\u0259\u015fin\u0259 tutulmas\u0131n\u0131n b\u0259zi faktlar\u0131n\u0131 a\u00e7\u0131qlay\u0131b.<\/p>\n\n\n\n<p>\u201cG\u0259nc\u0259nin m\u0259h\u0259ll\u0259l\u0259ri q\u0259sd\u0259n, bil\u0259r\u0259kd\u0259n v\u0259 m\u0259qs\u0259dli \u015f\u0259kild\u0259 raket at\u0259\u015fl\u0259rin\u0259 tutulub. \u018fmri d\u0259 Qaraba\u011fdak\u0131 separat\u00e7\u0131lar\u0131n lideri Arayik Arutyunyan verib\u201d, \u2013 dey\u0259 erm\u0259ni zabit bildirib.<\/p>\n\n\n\n<p>Zabitin s\u00f6zl\u0259rin\u0259 g\u00f6r\u0259, Arayik Aarutyunyan bu \u0259mri 44 g\u00fcnl\u00fck m\u00fcharib\u0259d\u0259 m\u0259hv edilmi\u015f dostu Sa\u015fik Arutyunyan\u0131n qisas\u0131n\u0131 almaq \u00fc\u00e7\u00fcn verib.<\/p>\n\n\n\n<p><strong>Xuraman Etibarl\u0131,<\/strong><\/p>\n\n\n\n<p>M\u0259nb\u0259: KONKRET.az<\/p>\n\n\n\n<figure class=\"wp-block-video\"><video controls src=\"https:\/\/konkret.az\/cloud\/uploads\/2021\/12\/e9ef8b969d88682336085.mp4?_=1\"><\/video><\/figure>\n","protected":false},"excerpt":{"rendered":"<p>44 g\u00fcnl\u00fck m\u00fcharib\u0259 zaman\u0131 G\u0259nc\u0259nin raket at\u0259\u015fin\u0259 tutulmas\u0131 \u0259mrini separat\u00e7\u0131lar\u0131n lideri Arayik Arutyunyan verib. Bu bar\u0259d\u0259 \u0130kinci Qaraba\u011f m\u00fcharib\u0259sind\u0259 i\u015ftirak etmi\u015f erm\u0259ni zabit dan\u0131\u015f\u0131b.<\/p>\n","protected":false},"author":2,"featured_media":57695,"comment_status":"closed","ping_status":"closed","sticky":false,"template":"","format":"standard","meta":{"footnotes":""},"categories":[4],"tags":[],"class_list":["post-57694","post","type-post","status-publish","format-standard","has-post-thumbnail","hentry","category-qarabag"],"aioseo_notices":[],"_links":{"self":[{"href":"https:\/\/fedai.az\/index.php?rest_route=\/wp\/v2\/posts\/57694","targetHints":{"allow":["GET"]}}],"collection":[{"href":"https:\/\/fedai.az\/index.php?rest_route=\/wp\/v2\/posts"}],"about":[{"href":"https:\/\/fedai.az\/index.php?rest_route=\/wp\/v2\/types\/post"}],"author":[{"embeddable":true,"href":"https:\/\/fedai.az\/index.php?rest_route=\/wp\/v2\/users\/2"}],"replies":[{"embeddable":true,"href":"https:\/\/fedai.az\/index.php?rest_route=%2Fwp%2Fv2%2Fcomments&post=57694"}],"version-history":[{"count":1,"href":"https:\/\/fedai.az\/index.php?rest_route=\/wp\/v2\/posts\/57694\/revisions"}],"predecessor-version":[{"id":57696,"href":"https:\/\/fedai.az\/index.php?rest_route=\/wp\/v2\/posts\/57694\/revisions\/57696"}],"wp:featuredmedia":[{"embeddable":true,"href":"https:\/\/fedai.az\/index.php?rest_route=\/wp\/v2\/media\/57695"}],"wp:attachment":[{"href":"https:\/\/fedai.az\/index.php?rest_route=%2Fwp%2Fv2%2Fmedia&parent=57694"}],"wp:term":[{"taxonomy":"category","embeddable":true,"href":"https:\/\/fedai.az\/index.php?rest_route=%2Fwp%2Fv2%2Fcategories&post=57694"},{"taxonomy":"post_tag","embeddable":true,"href":"https:\/\/fedai.az\/index.php?rest_route=%2Fwp%2Fv2%2Ftags&post=57694"}],"curies":[{"name":"wp","href":"https:\/\/api.w.org\/{rel}","templated":true}]}}