{"id":57704,"date":"2021-12-28T02:16:35","date_gmt":"2021-12-27T22:16:35","guid":{"rendered":"https:\/\/fedai.az\/?p=57704"},"modified":"2021-12-28T02:16:37","modified_gmt":"2021-12-27T22:16:37","slug":"turkiy%c9%99-bolg%c9%99d%c9%99-cox-vacib-oyuncudur-qaribasvili","status":"publish","type":"post","link":"https:\/\/fedai.az\/?p=57704","title":{"rendered":"T\u00fcrkiy\u0259 b\u00f6lg\u0259d\u0259 \u00e7ox vacib oyun\u00e7udur &#8212; Qariba\u015fvili"},"content":{"rendered":"\n<p><strong>S\u00f6zs\u00fcz ki, T\u00fcrkiy\u0259 b\u00f6lg\u0259d\u0259 \u00e7ox vacib oyun\u00e7udur, \u00e7ox yax\u0131n, dost v\u0259 qarda\u015f \u0259laq\u0259l\u0259rimiz m\u00f6vcuddur.<\/strong><\/p>\n\n\n\n<p> G\u00fcrc\u00fcstan Ba\u015f naziri \u0130rakli Qariba\u015fvili \u00f6z \u00e7\u0131x\u0131\u015f\u0131nda bu s\u00f6zl\u0259ri deyib.<\/p>\n\n\n\n<p>Qariba\u015fvili T\u00fcrkiy\u0259 Prezidenti R\u0259c\u0259b Tayyib \u018frdo\u011fanla olan m\u00fcnasib\u0259tl\u0259rind\u0259n d\u0259 s\u00f6z a\u00e7\u0131b:<\/p>\n\n\n\n<p>\u201cBizim h\u0259m birba\u015fa, h\u0259m d\u0259 telefonla \u00e7oxlu g\u00f6r\u00fc\u015fl\u0259rimiz v\u0259 s\u00f6hb\u0259tl\u0259rimiz olub. M\u0259n m\u00fcnasib\u0259tl\u0259rin qorunub saxlan\u0131lmas\u0131, m\u00f6hk\u0259ml\u0259ndirilm\u0259si istiqam\u0259tind\u0259 \u0259limd\u0259n g\u0259l\u0259n h\u0259r \u015feyi edir\u0259m v\u0259 \u015fadam ki, T\u00fcrkiy\u0259 Prezidenti d\u0259 eyni \u0259hvaldad\u0131r\u201d.<\/p>\n\n\n\n<p>G\u00fcrc\u00fcstan\u0131n Ba\u015f naziri \u0130rakli Qariba\u015fvili deyib ki, bizim regionda yeni v\u0259ziyy\u0259td\u0259n istifad\u0259 etm\u0259yimiz \u00fc\u00e7\u00fcn \u00e7ox yax\u015f\u0131 imkan\u0131m\u0131z var. Bu bar\u0259d\u0259 dan\u0131\u015fma\u011f\u0131m\u0131n s\u0259b\u0259bi Az\u0259rbaycan v\u0259 Erm\u0259nistan liderl\u0259rinin m\u00f6vqeyidir. Onlar\u0131n h\u0259r ikisi regionda s\u00fclh\u00fcn t\u0259r\u0259fdar\u0131d\u0131r..<\/p>\n\n\n\n<p>H\u00f6kum\u0259t ba\u015f\u00e7\u0131s\u0131n\u0131n s\u00f6zl\u0259rin\u0259 g\u00f6r\u0259, h\u0259r iki lider \u00f6lk\u0259l\u0259r aras\u0131nda m\u00fcnasib\u0259tl\u0259rin yeni m\u0259rh\u0259l\u0259y\u0259 ke\u00e7m\u0259sind\u0259 &#8212; b\u00f6lg\u0259d\u0259 yeni layih\u0259l\u0259r, b\u00f6y\u00fck infrastruktur, energetika, ticar\u0259t, iqtisadiyyat v\u0259 s. bar\u0259d\u0259 dan\u0131\u015fmaqda maraql\u0131d\u0131r:<\/p>\n\n\n\n<p>\u201c\u018fg\u0259r biz \u00fc\u00e7\u00fcm\u00fcz m\u00fcst\u0259qil olaraq bu c\u00fcr u\u011furun (humanitar raz\u0131la\u015fma \u2013 red.) ikinci n\u00fcmun\u0259sini g\u00f6st\u0259rs\u0259k, bu, h\u0259r \u00fc\u00e7 \u00f6lk\u0259y\u0259 v\u0259 regiona k\u00f6m\u0259k ed\u0259c\u0259k\u201d.<\/p>\n\n\n\n<p>\u0130.Qariba\u015fvili G\u00fcrc\u00fcstan\u0131n tarix\u0259n h\u0259r zaman v\u0259 haz\u0131rda da Qafqazda d\u00fczg\u00fcn yer tutdu\u011funu v\u0259 d\u00fczg\u00fcn rol oynad\u0131\u011f\u0131n\u0131 qeyd edib:<\/p>\n\n\n\n<p>\u201cHesab edir\u0259m ki, bu g\u00fcn unikal \u015fans\u0131m\u0131z var. M\u0259nim \u015f\u0259xs\u0259n Az\u0259rbaycan Prezidenti \u0130lham \u018fliyev v\u0259 Erm\u0259nistan\u0131n Ba\u015f naziri Nikol Pa\u015finyanla isti v\u0259 etibarl\u0131 m\u00fcnasib\u0259tl\u0259rimiz var. Bizim \u00e7ox a\u00e7\u0131q, qarda\u015f v\u0259 dost m\u00fcnasib\u0259tl\u0259rimiz, he\u00e7 bir mane\u0259 olmadan birba\u015fa \u00fcnisyy\u0259timiz var\u201d.<\/p>\n","protected":false},"excerpt":{"rendered":"<p>S\u00f6zs\u00fcz ki, T\u00fcrkiy\u0259 b\u00f6lg\u0259d\u0259 \u00e7ox vacib oyun\u00e7udur, \u00e7ox yax\u0131n, dost v\u0259 qarda\u015f \u0259laq\u0259l\u0259rimiz m\u00f6vcuddur. G\u00fcrc\u00fcstan Ba\u015f naziri \u0130rakli Qariba\u015fvili \u00f6z \u00e7\u0131x\u0131\u015f\u0131nda bu s\u00f6zl\u0259ri deyib.<\/p>\n","protected":false},"author":2,"featured_media":57705,"comment_status":"closed","ping_status":"closed","sticky":false,"template":"","format":"standard","meta":{"footnotes":""},"categories":[1],"tags":[],"class_list":["post-57704","post","type-post","status-publish","format-standard","has-post-thumbnail","hentry","category-siyast"],"aioseo_notices":[],"_links":{"self":[{"href":"https:\/\/fedai.az\/index.php?rest_route=\/wp\/v2\/posts\/57704","targetHints":{"allow":["GET"]}}],"collection":[{"href":"https:\/\/fedai.az\/index.php?rest_route=\/wp\/v2\/posts"}],"about":[{"href":"https:\/\/fedai.az\/index.php?rest_route=\/wp\/v2\/types\/post"}],"author":[{"embeddable":true,"href":"https:\/\/fedai.az\/index.php?rest_route=\/wp\/v2\/users\/2"}],"replies":[{"embeddable":true,"href":"https:\/\/fedai.az\/index.php?rest_route=%2Fwp%2Fv2%2Fcomments&post=57704"}],"version-history":[{"count":1,"href":"https:\/\/fedai.az\/index.php?rest_route=\/wp\/v2\/posts\/57704\/revisions"}],"predecessor-version":[{"id":57706,"href":"https:\/\/fedai.az\/index.php?rest_route=\/wp\/v2\/posts\/57704\/revisions\/57706"}],"wp:featuredmedia":[{"embeddable":true,"href":"https:\/\/fedai.az\/index.php?rest_route=\/wp\/v2\/media\/57705"}],"wp:attachment":[{"href":"https:\/\/fedai.az\/index.php?rest_route=%2Fwp%2Fv2%2Fmedia&parent=57704"}],"wp:term":[{"taxonomy":"category","embeddable":true,"href":"https:\/\/fedai.az\/index.php?rest_route=%2Fwp%2Fv2%2Fcategories&post=57704"},{"taxonomy":"post_tag","embeddable":true,"href":"https:\/\/fedai.az\/index.php?rest_route=%2Fwp%2Fv2%2Ftags&post=57704"}],"curies":[{"name":"wp","href":"https:\/\/api.w.org\/{rel}","templated":true}]}}