{"id":57707,"date":"2021-12-28T02:22:07","date_gmt":"2021-12-27T22:22:07","guid":{"rendered":"https:\/\/fedai.az\/?p=57707"},"modified":"2021-12-28T02:22:09","modified_gmt":"2021-12-27T22:22:09","slug":"nato-rusiyaya-qarsi-irimiqyasli-muharib%c9%99y%c9%99-hazirlasir-moskvadan-aciqlama","status":"publish","type":"post","link":"https:\/\/fedai.az\/?p=57707","title":{"rendered":"NATO Rusiyaya qar\u015f\u0131 irimiqyasl\u0131 m\u00fcharib\u0259y\u0259 haz\u0131rla\u015f\u0131r -Moskvadan a\u00e7\u0131qlama"},"content":{"rendered":"\n<p>&#171;<strong>NATO Rusiya il\u0259 geni\u015fmiqyasl\u0131 m\u00fcharib\u0259y\u0259 haz\u0131rla\u015f\u0131r&#187;.<\/strong><\/p>\n\n\n\n<p>Bu bar\u0259d\u0259 Rusiya Federasiyas\u0131n\u0131n m\u00fcdafi\u0259 nazirinin m\u00fcavini Aleksandr Fomin xarici \u00f6lk\u0259l\u0259rin Moskvada akkreditasiya olunmu\u015f h\u0259rbi atta\u015fel\u0259ri \u00fc\u00e7\u00fcn ke\u00e7irdiyi brifinqd\u0259 bildirib.<\/p>\n\n\n\n<p>\u201cBlokun h\u0259rbi quruculu\u011fu b\u00fct\u00f6vl\u00fckl\u0259 Rusiya il\u0259 y\u00fcks\u0259k intensivlikli h\u0259rbi konflikt\u0259 y\u00f6n\u0259lib\u201d dey\u0259, Fomin \u0259lav\u0259 edib.<\/p>\n\n\n\n<p>Fomin vur\u011fulay\u0131b ki, NATO-nun doktrina s\u0259n\u0259dl\u0259rind\u0259, o c\u00fcml\u0259d\u0259n 2019-cu ilin h\u0259rbi strategiyas\u0131nda Rusiya \u201ckoalisyon t\u0259hl\u00fck\u0259sizliy\u0259 birba\u015fa t\u0259hl\u00fck\u0259 kimi g\u00f6st\u0259rilir\u201d.<\/p>\n\n\n\n<p>Nazir m\u00fcavini eyni zamanda xat\u0131rlad\u0131b ki, \u201cRoma b\u0259yannam\u0259si \u00f6z q\u00fcvv\u0259sind\u0259 qal\u0131r. Bu b\u0259yannam\u0259d\u0259 g\u00f6st\u0259rilib ki, Rusiya v\u0259 Alyans bir-birini d\u00fc\u015fm\u0259n kimi g\u00f6rm\u00fcr. Bu m\u00fcdd\u0259a 2010-cu ild\u0259 Lissabonda ke\u00e7iril\u0259n NATO-Rusiya sammitind\u0259 d\u0259 t\u0259sdiql\u0259nib\u201d.<\/p>\n\n\n\n<hr class=\"wp-block-separator\"\/>\n\n\n\n<p>M\u0259nb\u0259: Teleqraf.com<\/p>\n","protected":false},"excerpt":{"rendered":"<p>&#171;NATO Rusiya il\u0259 geni\u015fmiqyasl\u0131 m\u00fcharib\u0259y\u0259 haz\u0131rla\u015f\u0131r&#187;. Bu bar\u0259d\u0259 Rusiya Federasiyas\u0131n\u0131n m\u00fcdafi\u0259 nazirinin m\u00fcavini Aleksandr Fomin xarici \u00f6lk\u0259l\u0259rin Moskvada akkreditasiya olunmu\u015f h\u0259rbi atta\u015fel\u0259ri \u00fc\u00e7\u00fcn ke\u00e7irdiyi<\/p>\n","protected":false},"author":2,"featured_media":57708,"comment_status":"closed","ping_status":"closed","sticky":false,"template":"","format":"standard","meta":{"footnotes":""},"categories":[13],"tags":[],"class_list":["post-57707","post","type-post","status-publish","format-standard","has-post-thumbnail","hentry","category-xarici"],"aioseo_notices":[],"_links":{"self":[{"href":"https:\/\/fedai.az\/index.php?rest_route=\/wp\/v2\/posts\/57707","targetHints":{"allow":["GET"]}}],"collection":[{"href":"https:\/\/fedai.az\/index.php?rest_route=\/wp\/v2\/posts"}],"about":[{"href":"https:\/\/fedai.az\/index.php?rest_route=\/wp\/v2\/types\/post"}],"author":[{"embeddable":true,"href":"https:\/\/fedai.az\/index.php?rest_route=\/wp\/v2\/users\/2"}],"replies":[{"embeddable":true,"href":"https:\/\/fedai.az\/index.php?rest_route=%2Fwp%2Fv2%2Fcomments&post=57707"}],"version-history":[{"count":1,"href":"https:\/\/fedai.az\/index.php?rest_route=\/wp\/v2\/posts\/57707\/revisions"}],"predecessor-version":[{"id":57709,"href":"https:\/\/fedai.az\/index.php?rest_route=\/wp\/v2\/posts\/57707\/revisions\/57709"}],"wp:featuredmedia":[{"embeddable":true,"href":"https:\/\/fedai.az\/index.php?rest_route=\/wp\/v2\/media\/57708"}],"wp:attachment":[{"href":"https:\/\/fedai.az\/index.php?rest_route=%2Fwp%2Fv2%2Fmedia&parent=57707"}],"wp:term":[{"taxonomy":"category","embeddable":true,"href":"https:\/\/fedai.az\/index.php?rest_route=%2Fwp%2Fv2%2Fcategories&post=57707"},{"taxonomy":"post_tag","embeddable":true,"href":"https:\/\/fedai.az\/index.php?rest_route=%2Fwp%2Fv2%2Ftags&post=57707"}],"curies":[{"name":"wp","href":"https:\/\/api.w.org\/{rel}","templated":true}]}}