{"id":57710,"date":"2021-12-28T02:23:46","date_gmt":"2021-12-27T22:23:46","guid":{"rendered":"https:\/\/fedai.az\/?p=57710"},"modified":"2021-12-28T02:23:49","modified_gmt":"2021-12-27T22:23:49","slug":"britaniyali-nazir-iran-rusiya-v%c9%99-cini-dusm%c9%99n-dovl%c9%99tl%c9%99r-adlandirib","status":"publish","type":"post","link":"https:\/\/fedai.az\/?p=57710","title":{"rendered":"Britaniyal\u0131 nazir \u0130ran, Rusiya v\u0259 \u00c7ini d\u00fc\u015fm\u0259n d\u00f6vl\u0259tl\u0259r adland\u0131r\u0131b"},"content":{"rendered":"\n<p><strong>Eastnews.org-un verdiyi x\u0259b\u0259r\u0259 g\u00f6r\u0259, Britaniyan\u0131n daxili t\u0259hl\u00fck\u0259sizlik naziri Britaniya m\u0259tbuat\u0131na verdiyi m\u00fcsahib\u0259d\u0259 \u0130ran, Rusiya, \u00c7in v\u0259 \u015eimali Koreya \u0259leyhin\u0259 dan\u0131\u015f\u0131b.<\/strong><\/p>\n\n\n\n<p> \u00a0 O, \u0130ran v\u0259 Rusiyan\u0131n kiberh\u00fccumlar\u0131n \u0259sas s\u0259b\u0259bkarlar\u0131 oldu\u011funu iddia edib. <\/p>\n\n\n\n<p>\u00a0 B\u00f6y\u00fck Britaniyan\u0131n Daxili T\u0259hl\u00fck\u0259sizlik v\u0259 S\u0259rh\u0259d \u0130\u015fl\u0259ri naziri Damien Hinds, kiber f\u0259aliyy\u0259tl\u0259r v\u0259 dezinformasiya kampaniyalar\u0131 il\u0259 ba\u011fl\u0131 narahatl\u0131qlar\u0131n\u0131 \u0259sas g\u0259tir\u0259r\u0259k \u0130ran, Rusiya v\u0259 \u00c7ini m\u00fcharib\u0259 aparan \u00f6lk\u0259l\u0259r siyah\u0131s\u0131na sal\u0131b. \u00a0<\/p>\n\n\n\n<p> O, bununla ba\u011fl\u0131 iddia edib: \u00a0 &#171;Siz\u0259 qeyd etdiyim \u00fc\u00e7 \u00f6lk\u0259 geni\u015f miqyasda yerl\u0259\u015fdiril\u0259 bil\u0259n b\u00f6y\u00fck kiber varl\u0131\u011f\u0131n fiziki imkanlar\u0131na malikdir. Rusiya v\u0259 \u0130ran\u0131n casusluq, kiberh\u00fccumlar, h\u0259rbi x\u0259b\u0259rdarl\u0131qlar v\u0259 yalan\u00e7\u0131 k\u0259\u015ffiyyat kampaniyalar\u0131 bax\u0131m\u0131ndan m\u00fcxt\u0259lif yollara \u0259l at\u0131rlar&#187;. \u00a0 Britaniyan\u0131n daxili i\u015fl\u0259r naziri \u015eimali Koreyan\u0131 da siyah\u0131da d\u00f6rd\u00fcnc\u00fc \u00f6lk\u0259 kimi qeyd edib.<\/p>\n\n\n\n<p> \u00a0 Rusiyan\u0131n Xarici K\u0259\u015ffiyyat Xidm\u0259ti d\u0259 dekabr\u0131n \u0259vv\u0259lind\u0259 bildirib ki, Britaniya k\u0259\u015ffiyyat\u0131n\u0131n r\u0259hb\u0259ri Ri\u00e7ard Murun rusdilli t\u0259hdidl\u0259rl\u0259 ba\u011fl\u0131 t\u0259xribat xarakterli v\u0259 \u0259sass\u0131z a\u00e7\u0131qlamalar\u0131 m\u00fcmk\u00fcn Moskva-London dialoqu ehtimal\u0131n\u0131 azald\u0131b. <\/p>\n\n\n\n<p>M\u0259nb\u0259: Mehr News Agency <\/p>\n","protected":false},"excerpt":{"rendered":"<p>Eastnews.org-un verdiyi x\u0259b\u0259r\u0259 g\u00f6r\u0259, Britaniyan\u0131n daxili t\u0259hl\u00fck\u0259sizlik naziri Britaniya m\u0259tbuat\u0131na verdiyi m\u00fcsahib\u0259d\u0259 \u0130ran, Rusiya, \u00c7in v\u0259 \u015eimali Koreya \u0259leyhin\u0259 dan\u0131\u015f\u0131b. \u00a0 O, \u0130ran v\u0259<\/p>\n","protected":false},"author":2,"featured_media":57711,"comment_status":"closed","ping_status":"closed","sticky":false,"template":"","format":"standard","meta":{"footnotes":""},"categories":[13],"tags":[],"class_list":["post-57710","post","type-post","status-publish","format-standard","has-post-thumbnail","hentry","category-xarici"],"aioseo_notices":[],"_links":{"self":[{"href":"https:\/\/fedai.az\/index.php?rest_route=\/wp\/v2\/posts\/57710","targetHints":{"allow":["GET"]}}],"collection":[{"href":"https:\/\/fedai.az\/index.php?rest_route=\/wp\/v2\/posts"}],"about":[{"href":"https:\/\/fedai.az\/index.php?rest_route=\/wp\/v2\/types\/post"}],"author":[{"embeddable":true,"href":"https:\/\/fedai.az\/index.php?rest_route=\/wp\/v2\/users\/2"}],"replies":[{"embeddable":true,"href":"https:\/\/fedai.az\/index.php?rest_route=%2Fwp%2Fv2%2Fcomments&post=57710"}],"version-history":[{"count":1,"href":"https:\/\/fedai.az\/index.php?rest_route=\/wp\/v2\/posts\/57710\/revisions"}],"predecessor-version":[{"id":57712,"href":"https:\/\/fedai.az\/index.php?rest_route=\/wp\/v2\/posts\/57710\/revisions\/57712"}],"wp:featuredmedia":[{"embeddable":true,"href":"https:\/\/fedai.az\/index.php?rest_route=\/wp\/v2\/media\/57711"}],"wp:attachment":[{"href":"https:\/\/fedai.az\/index.php?rest_route=%2Fwp%2Fv2%2Fmedia&parent=57710"}],"wp:term":[{"taxonomy":"category","embeddable":true,"href":"https:\/\/fedai.az\/index.php?rest_route=%2Fwp%2Fv2%2Fcategories&post=57710"},{"taxonomy":"post_tag","embeddable":true,"href":"https:\/\/fedai.az\/index.php?rest_route=%2Fwp%2Fv2%2Ftags&post=57710"}],"curies":[{"name":"wp","href":"https:\/\/api.w.org\/{rel}","templated":true}]}}