{"id":57739,"date":"2021-12-28T13:36:03","date_gmt":"2021-12-28T09:36:03","guid":{"rendered":"https:\/\/fedai.az\/?p=57739"},"modified":"2021-12-28T13:36:07","modified_gmt":"2021-12-28T09:36:07","slug":"m%c9%99kt%c9%99blil%c9%99rin-qis-t%c9%99tili-gunl%c9%99ri-aciqlandi","status":"publish","type":"post","link":"https:\/\/fedai.az\/?p=57739","title":{"rendered":"M\u0259kt\u0259blil\u0259rin q\u0131\u015f t\u0259tili g\u00fcnl\u0259ri a\u00e7\u0131qland\u0131"},"content":{"rendered":"\n<p><strong>T\u0259hsil Nazirliyi m\u0259kt\u0259blil\u0259rin q\u0131\u015f t\u0259tilinin g\u00fcnl\u0259rini a\u00e7\u0131qlay\u0131b.<\/strong><\/p>\n\n\n\n<p>Nazirlikd\u0259n &#171;Report\u201dun sor\u011fusuna cavab olaraq bildirilib ki, \u018fm\u0259k v\u0259 \u018fhalinin Sosial M\u00fcdafi\u0259si Nazirliyinin kollegiyas\u0131n\u0131n q\u0259rar\u0131 il\u0259 t\u0259sdiq edil\u0259n i\u015f vaxt\u0131 normas\u0131 v\u0259 istehsalat t\u0259qvimin\u0259 \u0259sas\u0259n 31 yanvar 2021-ci il v\u0259 <strong>1-4 yanvar 2022-ci il<\/strong> tarixl\u0259ri qeyri-i\u015f g\u00fcnl\u0259ri kimi m\u00fc\u0259yy\u0259n edilib v\u0259 h\u0259min tarixl\u0259r t\u0259hsil m\u00fc\u0259ssis\u0259l\u0259rin\u0259 d\u0259 \u015famil edilir.<\/p>\n\n\n\n<p>Qeyd olunub ki, q\u0131\u015f t\u0259tili g\u00fcnl\u0259ri is\u0259 Nazirl\u0259r Kabinetinin m\u00fcvafiq q\u0259rar\u0131na g\u00f6r\u0259 m\u0259kt\u0259bl\u0259rd\u0259 27-31 yanvar tarixl\u0259ridir: &#171;Lakin 2021-2022-ci t\u0259dris ili m\u00fc\u0259yy\u0259n edil\u0259n m\u00fcdd\u0259td\u0259n gec ba\u015flad\u0131\u011f\u0131ndan t\u0259hsil proqramlar\u0131n\u0131n t\u0259hsilalanlar t\u0259r\u0259find\u0259n tam m\u0259nims\u0259nilm\u0259sini t\u0259min etm\u0259k m\u0259qs\u0259dil\u0259 &#171;Az\u0259rbaycan Respublikas\u0131nda f\u0259aliyy\u0259t g\u00f6st\u0259r\u0259n t\u0259hsil m\u00fc\u0259ssis\u0259l\u0259rind\u0259 2021\/2022-ci t\u0259dris ilind\u0259 t\u0259dris v\u0259 t\u0259lim t\u0259rbiy\u0259 prosesinin t\u0259\u015fkili il\u0259 ba\u011fl\u0131 b\u0259zi m\u0259s\u0259l\u0259l\u0259r haqq\u0131nda\u201d Nazirl\u0259r Kabinetinin 2021-ci il 10 sentyabr tarixli 259 n\u00f6mr\u0259li q\u0259rar\u0131na \u0259sas\u0259n pay\u0131z t\u0259tili g\u00fcnl\u0259rind\u0259 oldu\u011fu kimi, q\u0131\u015f t\u0259tili g\u00fcnl\u0259rind\u0259 d\u0259 q\u0131saltmalar olub.<\/p>\n\n\n\n<p>Bel\u0259 ki, ibtidai t\u0259hsil s\u0259viyy\u0259si (I-IV) \u00fczr\u0259 q\u0131\u015f t\u0259tili g\u00fcnl\u0259rind\u0259n 27-28 yanvar tarixl\u0259ri d\u0259rs g\u00fcnl\u0259ri hesab olunur. Y\u0259ni ibtidai t\u0259hsil s\u0259viyy\u0259si (I-IV) \u00fczr\u0259 5 g\u00fcnl\u00fck rejiml\u0259 i\u015fl\u0259y\u0259n m\u0259kt\u0259bl\u0259rd\u0259 31 yanvar q\u0131\u015f t\u0259tili, 6 g\u00fcnl\u00fck rejiml\u0259 i\u015fl\u0259y\u0259n m\u0259kt\u0259bl\u0259rd\u0259 is\u0259 29 v\u0259 31 yanvar q\u0131\u015f t\u0259tilidir. \u00dcmumi orta t\u0259hsil (V-IX) v\u0259 tam orta t\u0259hsil s\u0259viyy\u0259l\u0259ri (X-XI) \u00fczr\u0259 q\u0131\u015f t\u0259tili g\u00fcnl\u0259rind\u0259n 27-28 v\u0259 31 yanvar tarixl\u0259ri d\u0259rs g\u00fcnl\u0259ri hesab olunur. Y\u0259ni \u00fcmumi orta t\u0259hsil (V-IX) v\u0259 tam orta t\u0259hsil s\u0259viyy\u0259l\u0259ri (X-XI) \u00fczr\u0259 5 g\u00fcnl\u00fck rejiml\u0259 i\u015fl\u0259y\u0259n m\u0259kt\u0259bl\u0259rd\u0259 q\u0131\u015f t\u0259tili olmayacaq, 6 g\u00fcnl\u00fck rejiml\u0259 i\u015fl\u0259y\u0259n m\u0259kt\u0259bl\u0259rd\u0259 is\u0259 29 yanvar q\u0131\u015f t\u0259tilidir\u201d.<\/p>\n\n\n\n<p>Qeyd ed\u0259k ki, bu il \u00f6lk\u0259d\u0259 pandemiya s\u0259b\u0259bind\u0259n m\u0259kt\u0259bl\u0259rl\u0259rd\u0259 \u0259yani t\u0259dris a\u015fa\u011f\u0131 sinifl\u0259r \u00fczr\u0259 sentyabr\u0131n 22-d\u0259, yuxar\u0131 sinifl\u0259r \u00fczr\u0259 is\u0259 sentyabr\u0131n 29-da b\u0259rpa olunub.<\/p>\n","protected":false},"excerpt":{"rendered":"<p>T\u0259hsil Nazirliyi m\u0259kt\u0259blil\u0259rin q\u0131\u015f t\u0259tilinin g\u00fcnl\u0259rini a\u00e7\u0131qlay\u0131b. Nazirlikd\u0259n &#171;Report\u201dun sor\u011fusuna cavab olaraq bildirilib ki, \u018fm\u0259k v\u0259 \u018fhalinin Sosial M\u00fcdafi\u0259si Nazirliyinin kollegiyas\u0131n\u0131n q\u0259rar\u0131 il\u0259 t\u0259sdiq<\/p>\n","protected":false},"author":2,"featured_media":57740,"comment_status":"closed","ping_status":"closed","sticky":false,"template":"","format":"standard","meta":{"footnotes":""},"categories":[4],"tags":[],"class_list":["post-57739","post","type-post","status-publish","format-standard","has-post-thumbnail","hentry","category-qarabag"],"aioseo_notices":[],"_links":{"self":[{"href":"https:\/\/fedai.az\/index.php?rest_route=\/wp\/v2\/posts\/57739","targetHints":{"allow":["GET"]}}],"collection":[{"href":"https:\/\/fedai.az\/index.php?rest_route=\/wp\/v2\/posts"}],"about":[{"href":"https:\/\/fedai.az\/index.php?rest_route=\/wp\/v2\/types\/post"}],"author":[{"embeddable":true,"href":"https:\/\/fedai.az\/index.php?rest_route=\/wp\/v2\/users\/2"}],"replies":[{"embeddable":true,"href":"https:\/\/fedai.az\/index.php?rest_route=%2Fwp%2Fv2%2Fcomments&post=57739"}],"version-history":[{"count":1,"href":"https:\/\/fedai.az\/index.php?rest_route=\/wp\/v2\/posts\/57739\/revisions"}],"predecessor-version":[{"id":57741,"href":"https:\/\/fedai.az\/index.php?rest_route=\/wp\/v2\/posts\/57739\/revisions\/57741"}],"wp:featuredmedia":[{"embeddable":true,"href":"https:\/\/fedai.az\/index.php?rest_route=\/wp\/v2\/media\/57740"}],"wp:attachment":[{"href":"https:\/\/fedai.az\/index.php?rest_route=%2Fwp%2Fv2%2Fmedia&parent=57739"}],"wp:term":[{"taxonomy":"category","embeddable":true,"href":"https:\/\/fedai.az\/index.php?rest_route=%2Fwp%2Fv2%2Fcategories&post=57739"},{"taxonomy":"post_tag","embeddable":true,"href":"https:\/\/fedai.az\/index.php?rest_route=%2Fwp%2Fv2%2Ftags&post=57739"}],"curies":[{"name":"wp","href":"https:\/\/api.w.org\/{rel}","templated":true}]}}